{"id":10091,"date":"2021-11-26T16:25:11","date_gmt":"2021-11-26T15:25:11","guid":{"rendered":"https:\/\/telemme.mmsh.fr\/?p=10091"},"modified":"2021-11-26T16:25:12","modified_gmt":"2021-11-26T15:25:12","slug":"these-emilio-condado-madera-les-espagnols-et-les-cent-mille-fils-de-saint-louis-lundi-29-novembre-2021","status":"publish","type":"post","link":"https:\/\/telemme.mmsh.fr\/?p=10091","title":{"rendered":"[Th\u00e8se] Emilio Condado Madera, Les Espagnols et les Cent Mille Fils de Saint Louis, lundi 29 novembre 2021"},"content":{"rendered":"\n<p class=\"x_x_MsoNormal\"><a href=\"https:\/\/telemme.mmsh.fr\/?membres=emilio-condado-madera\">Emilio Condado Madera<\/a> soutiendra sa th\u00e8se en \u00e9tudes romanes sur <i>Les Espagnols et les Cent Mille Fils de Saint Louis \u00e0 l\u2019\u00e9poque de l\u2019exp\u00e9dition fran\u00e7aise de 1823 en Espagne\u00a0<\/i>le lundi 29 novembre 2021 \u00e0 13 h 30 \u00e0 la MMSH, en salle Paul-Albert F\u00e9vrier.<\/p>\n\n\n\n<p class=\"x_x_MsoNormal\"><b>Jury&nbsp;:&nbsp;<\/b><\/p>\n\n\n\n<ul class=\"wp-block-list\"><li>C\u00e9cile Mary Trojani, professeure,&nbsp;Universit\u00e9 Toulouse Jean Jaur\u00e8s. Rapporteur<\/li><li>Gonzalo Butr\u00f3n Prida,&nbsp;professeur,&nbsp;Universidad de C\u00e1diz. Rapporteur.<\/li><li>Severiano Rojo Hern\u00e1ndez,&nbsp;professeur,&nbsp;Aix-Marseille Universit\u00e9. Examinateur<\/li><li>Pedro R\u00fajula,&nbsp;professeur,&nbsp;Universidad de Zaragoza. Examinateur<\/li><li>G\u00e9rard Dufour,&nbsp;professeur,&nbsp;Aix-Marseille Universit\u00e9. Pr\u00e9sident du jury.<\/li><li>Elisabel Larriba,&nbsp;professeure,&nbsp;Aix-Marseille Universit\u00e9. Directrice de th\u00e8se.<\/li><\/ul>\n\n\n\n<p class=\"x_x_MsoNormal\">La soutenance sera ouverte au public dans la salle et sur Zoom (contacter elisabel.larriba@univ-amu.fr).<\/p>\n","protected":false},"excerpt":{"rendered":"<p>\u00e0 l\u2019\u00e9poque de l\u2019exp\u00e9dition fran\u00e7aise de 1823 en Espagne\u00a0le lundi 29 novembre 2021 \u00e0 13 h 30 \u00e0 la MMSH, en salle Paul-Albert F\u00e9vrier.<\/p>\n","protected":false},"author":6,"featured_media":0,"comment_status":"closed","ping_status":"closed","sticky":false,"template":"","format":"standard","meta":{"neve_meta_sidebar":"","neve_meta_container":"","neve_meta_enable_content_width":"off","neve_meta_content_width":70,"neve_meta_title_alignment":"","neve_meta_author_avatar":"","neve_post_elements_order":"","neve_meta_disable_header":"","neve_meta_disable_footer":"","neve_meta_disable_title":"","_tribe_events_control_status":"","_tribe_events_control_status_canceled_reason":"","_tribe_events_control_status_postponed_reason":"","_tribe_events_control_online":"","_tribe_events_control_online_url":"","footnotes":""},"categories":[1999],"tags":[2307],"class_list":["post-10091","post","type-post","status-publish","format-standard","hentry","category-soutenance-these","tag-expedition-francaise-en-espagne"],"yoast_head":"<!-- This site is optimized with the Yoast SEO plugin v27.4 - https:\/\/yoast.com\/product\/yoast-seo-wordpress\/ -->\n<title>[Th\u00e8se] Emilio Condado Madera, Les Espagnols et les Cent Mille Fils de Saint Louis, lundi 29 novembre 2021 - TELEMMe - Temps, espaces, langages, Europe m\u00e9ridionale, M\u00e9diterran\u00e9e<\/title>\n<meta name=\"description\" content=\"Soutenance de th\u00e8se : Emilio Condado Madera, Les Espagnols et les Cent Mille Fils de Saint Louis \u00e0 l\u2019\u00e9poque de l\u2019exp\u00e9dition fran\u00e7aise de 1823 en Espagne, lundi 29 novembre 2021 \u00e0 13h30 \u00e0 la MMSH\" \/>\n<meta name=\"robots\" content=\"index, follow, max-snippet:-1, max-image-preview:large, max-video-preview:-1\" \/>\n<link rel=\"canonical\" href=\"https:\/\/telemme.mmsh.fr\/?p=10091\" \/>\n<meta property=\"og:locale\" content=\"fr_FR\" \/>\n<meta property=\"og:type\" content=\"article\" \/>\n<meta property=\"og:title\" content=\"[Th\u00e8se] Emilio Condado Madera, Les Espagnols et les Cent Mille Fils de Saint Louis, lundi 29 novembre 2021 - TELEMMe - Temps, espaces, langages, Europe m\u00e9ridionale, M\u00e9diterran\u00e9e\" \/>\n<meta property=\"og:description\" content=\"Soutenance de th\u00e8se : Emilio Condado Madera, Les Espagnols et les Cent Mille Fils de Saint Louis \u00e0 l\u2019\u00e9poque de l\u2019exp\u00e9dition fran\u00e7aise de 1823 en Espagne, lundi 29 novembre 2021 \u00e0 13h30 \u00e0 la MMSH\" \/>\n<meta property=\"og:url\" content=\"https:\/\/telemme.mmsh.fr\/?p=10091\" \/>\n<meta property=\"og:site_name\" content=\"TELEMMe - Temps, espaces, langages, Europe m\u00e9ridionale, M\u00e9diterran\u00e9e\" \/>\n<meta property=\"article:published_time\" content=\"2021-11-26T15:25:11+00:00\" \/>\n<meta property=\"article:modified_time\" content=\"2021-11-26T15:25:12+00:00\" \/>\n<meta name=\"author\" content=\"Delphine Cavallo\" \/>\n<meta name=\"twitter:card\" content=\"summary_large_image\" \/>\n<meta name=\"twitter:label1\" content=\"\u00c9crit par\" \/>\n\t<meta name=\"twitter:data1\" content=\"Delphine Cavallo\" \/>\n\t<meta name=\"twitter:label2\" content=\"Dur\u00e9e de lecture estim\u00e9e\" \/>\n\t<meta name=\"twitter:data2\" content=\"1 minute\" \/>\n<script type=\"application\/ld+json\" class=\"yoast-schema-graph\">{\"@context\":\"https:\\\/\\\/schema.org\",\"@graph\":[{\"@type\":\"Article\",\"@id\":\"https:\\\/\\\/telemme.mmsh.fr\\\/?p=10091#article\",\"isPartOf\":{\"@id\":\"https:\\\/\\\/telemme.mmsh.fr\\\/?p=10091\"},\"author\":{\"name\":\"Delphine Cavallo\",\"@id\":\"https:\\\/\\\/telemme.mmsh.fr\\\/#\\\/schema\\\/person\\\/86a185da4836381586528ced48e263f5\"},\"headline\":\"[Th\u00e8se] Emilio Condado Madera, Les Espagnols et les Cent Mille Fils de Saint Louis, lundi 29 novembre 2021\",\"datePublished\":\"2021-11-26T15:25:11+00:00\",\"dateModified\":\"2021-11-26T15:25:12+00:00\",\"mainEntityOfPage\":{\"@id\":\"https:\\\/\\\/telemme.mmsh.fr\\\/?p=10091\"},\"wordCount\":147,\"publisher\":{\"@id\":\"https:\\\/\\\/telemme.mmsh.fr\\\/#organization\"},\"keywords\":[\"exp\u00e9dition fran\u00e7aise en Espagne\"],\"articleSection\":[\"Soutenances de th\u00e8se\"],\"inLanguage\":\"fr-FR\"},{\"@type\":\"WebPage\",\"@id\":\"https:\\\/\\\/telemme.mmsh.fr\\\/?p=10091\",\"url\":\"https:\\\/\\\/telemme.mmsh.fr\\\/?p=10091\",\"name\":\"[Th\u00e8se] Emilio Condado Madera, Les Espagnols et les Cent Mille Fils de Saint Louis, lundi 29 novembre 2021 - TELEMMe - Temps, espaces, langages, Europe m\u00e9ridionale, M\u00e9diterran\u00e9e\",\"isPartOf\":{\"@id\":\"https:\\\/\\\/telemme.mmsh.fr\\\/#website\"},\"datePublished\":\"2021-11-26T15:25:11+00:00\",\"dateModified\":\"2021-11-26T15:25:12+00:00\",\"description\":\"Soutenance de th\u00e8se : Emilio Condado Madera, Les Espagnols et les Cent Mille Fils de Saint Louis \u00e0 l\u2019\u00e9poque de l\u2019exp\u00e9dition fran\u00e7aise de 1823 en Espagne, lundi 29 novembre 2021 \u00e0 13h30 \u00e0 la MMSH\",\"breadcrumb\":{\"@id\":\"https:\\\/\\\/telemme.mmsh.fr\\\/?p=10091#breadcrumb\"},\"inLanguage\":\"fr-FR\",\"potentialAction\":[{\"@type\":\"ReadAction\",\"target\":[\"https:\\\/\\\/telemme.mmsh.fr\\\/?p=10091\"]}]},{\"@type\":\"BreadcrumbList\",\"@id\":\"https:\\\/\\\/telemme.mmsh.fr\\\/?p=10091#breadcrumb\",\"itemListElement\":[{\"@type\":\"ListItem\",\"position\":1,\"name\":\"Accueil\",\"item\":\"https:\\\/\\\/telemme.mmsh.fr\\\/\"},{\"@type\":\"ListItem\",\"position\":2,\"name\":\"Actualit\u00e9s\",\"item\":\"https:\\\/\\\/telemme.mmsh.fr\\\/?cat=1995\"},{\"@type\":\"ListItem\",\"position\":3,\"name\":\"Soutenances de th\u00e8se\",\"item\":\"https:\\\/\\\/telemme.mmsh.fr\\\/?cat=1999\"},{\"@type\":\"ListItem\",\"position\":4,\"name\":\"[Th\u00e8se] Emilio Condado Madera, Les Espagnols et les Cent Mille Fils de Saint Louis, lundi 29 novembre 2021\"}]},{\"@type\":\"WebSite\",\"@id\":\"https:\\\/\\\/telemme.mmsh.fr\\\/#website\",\"url\":\"https:\\\/\\\/telemme.mmsh.fr\\\/\",\"name\":\"TELEMMe - Temps, espaces, langages, Europe m\u00e9ridionale, M\u00e9diterran\u00e9e\",\"description\":\"\",\"publisher\":{\"@id\":\"https:\\\/\\\/telemme.mmsh.fr\\\/#organization\"},\"potentialAction\":[{\"@type\":\"SearchAction\",\"target\":{\"@type\":\"EntryPoint\",\"urlTemplate\":\"https:\\\/\\\/telemme.mmsh.fr\\\/?s={search_term_string}\"},\"query-input\":{\"@type\":\"PropertyValueSpecification\",\"valueRequired\":true,\"valueName\":\"search_term_string\"}}],\"inLanguage\":\"fr-FR\"},{\"@type\":\"Organization\",\"@id\":\"https:\\\/\\\/telemme.mmsh.fr\\\/#organization\",\"name\":\"TELEMMe\",\"url\":\"https:\\\/\\\/telemme.mmsh.fr\\\/\",\"logo\":{\"@type\":\"ImageObject\",\"inLanguage\":\"fr-FR\",\"@id\":\"https:\\\/\\\/telemme.mmsh.fr\\\/#\\\/schema\\\/logo\\\/image\\\/\",\"url\":\"https:\\\/\\\/telemme.mmsh.fr\\\/wp-content\\\/uploads\\\/2020\\\/03\\\/LogoTELEMMe-horizontal-fond-transparent.png\",\"contentUrl\":\"https:\\\/\\\/telemme.mmsh.fr\\\/wp-content\\\/uploads\\\/2020\\\/03\\\/LogoTELEMMe-horizontal-fond-transparent.png\",\"width\":1500,\"height\":437,\"caption\":\"TELEMMe\"},\"image\":{\"@id\":\"https:\\\/\\\/telemme.mmsh.fr\\\/#\\\/schema\\\/logo\\\/image\\\/\"}},{\"@type\":\"Person\",\"@id\":\"https:\\\/\\\/telemme.mmsh.fr\\\/#\\\/schema\\\/person\\\/86a185da4836381586528ced48e263f5\",\"name\":\"Delphine Cavallo\",\"url\":\"https:\\\/\\\/telemme.mmsh.fr\\\/?author=6\"}]}<\/script>\n<!-- \/ Yoast SEO plugin. -->","yoast_head_json":{"title":"[Th\u00e8se] Emilio Condado Madera, Les Espagnols et les Cent Mille Fils de Saint Louis, lundi 29 novembre 2021 - TELEMMe - Temps, espaces, langages, Europe m\u00e9ridionale, M\u00e9diterran\u00e9e","description":"Soutenance de th\u00e8se : Emilio Condado Madera, Les Espagnols et les Cent Mille Fils de Saint Louis \u00e0 l\u2019\u00e9poque de l\u2019exp\u00e9dition fran\u00e7aise de 1823 en Espagne, lundi 29 novembre 2021 \u00e0 13h30 \u00e0 la MMSH","robots":{"index":"index","follow":"follow","max-snippet":"max-snippet:-1","max-image-preview":"max-image-preview:large","max-video-preview":"max-video-preview:-1"},"canonical":"https:\/\/telemme.mmsh.fr\/?p=10091","og_locale":"fr_FR","og_type":"article","og_title":"[Th\u00e8se] Emilio Condado Madera, Les Espagnols et les Cent Mille Fils de Saint Louis, lundi 29 novembre 2021 - TELEMMe - Temps, espaces, langages, Europe m\u00e9ridionale, M\u00e9diterran\u00e9e","og_description":"Soutenance de th\u00e8se : Emilio Condado Madera, Les Espagnols et les Cent Mille Fils de Saint Louis \u00e0 l\u2019\u00e9poque de l\u2019exp\u00e9dition fran\u00e7aise de 1823 en Espagne, lundi 29 novembre 2021 \u00e0 13h30 \u00e0 la MMSH","og_url":"https:\/\/telemme.mmsh.fr\/?p=10091","og_site_name":"TELEMMe - Temps, espaces, langages, Europe m\u00e9ridionale, M\u00e9diterran\u00e9e","article_published_time":"2021-11-26T15:25:11+00:00","article_modified_time":"2021-11-26T15:25:12+00:00","author":"Delphine Cavallo","twitter_card":"summary_large_image","twitter_misc":{"\u00c9crit par":"Delphine Cavallo","Dur\u00e9e de lecture estim\u00e9e":"1 minute"},"schema":{"@context":"https:\/\/schema.org","@graph":[{"@type":"Article","@id":"https:\/\/telemme.mmsh.fr\/?p=10091#article","isPartOf":{"@id":"https:\/\/telemme.mmsh.fr\/?p=10091"},"author":{"name":"Delphine Cavallo","@id":"https:\/\/telemme.mmsh.fr\/#\/schema\/person\/86a185da4836381586528ced48e263f5"},"headline":"[Th\u00e8se] Emilio Condado Madera, Les Espagnols et les Cent Mille Fils de Saint Louis, lundi 29 novembre 2021","datePublished":"2021-11-26T15:25:11+00:00","dateModified":"2021-11-26T15:25:12+00:00","mainEntityOfPage":{"@id":"https:\/\/telemme.mmsh.fr\/?p=10091"},"wordCount":147,"publisher":{"@id":"https:\/\/telemme.mmsh.fr\/#organization"},"keywords":["exp\u00e9dition fran\u00e7aise en Espagne"],"articleSection":["Soutenances de th\u00e8se"],"inLanguage":"fr-FR"},{"@type":"WebPage","@id":"https:\/\/telemme.mmsh.fr\/?p=10091","url":"https:\/\/telemme.mmsh.fr\/?p=10091","name":"[Th\u00e8se] Emilio Condado Madera, Les Espagnols et les Cent Mille Fils de Saint Louis, lundi 29 novembre 2021 - TELEMMe - Temps, espaces, langages, Europe m\u00e9ridionale, M\u00e9diterran\u00e9e","isPartOf":{"@id":"https:\/\/telemme.mmsh.fr\/#website"},"datePublished":"2021-11-26T15:25:11+00:00","dateModified":"2021-11-26T15:25:12+00:00","description":"Soutenance de th\u00e8se : Emilio Condado Madera, Les Espagnols et les Cent Mille Fils de Saint Louis \u00e0 l\u2019\u00e9poque de l\u2019exp\u00e9dition fran\u00e7aise de 1823 en Espagne, lundi 29 novembre 2021 \u00e0 13h30 \u00e0 la MMSH","breadcrumb":{"@id":"https:\/\/telemme.mmsh.fr\/?p=10091#breadcrumb"},"inLanguage":"fr-FR","potentialAction":[{"@type":"ReadAction","target":["https:\/\/telemme.mmsh.fr\/?p=10091"]}]},{"@type":"BreadcrumbList","@id":"https:\/\/telemme.mmsh.fr\/?p=10091#breadcrumb","itemListElement":[{"@type":"ListItem","position":1,"name":"Accueil","item":"https:\/\/telemme.mmsh.fr\/"},{"@type":"ListItem","position":2,"name":"Actualit\u00e9s","item":"https:\/\/telemme.mmsh.fr\/?cat=1995"},{"@type":"ListItem","position":3,"name":"Soutenances de th\u00e8se","item":"https:\/\/telemme.mmsh.fr\/?cat=1999"},{"@type":"ListItem","position":4,"name":"[Th\u00e8se] Emilio Condado Madera, Les Espagnols et les Cent Mille Fils de Saint Louis, lundi 29 novembre 2021"}]},{"@type":"WebSite","@id":"https:\/\/telemme.mmsh.fr\/#website","url":"https:\/\/telemme.mmsh.fr\/","name":"TELEMMe - Temps, espaces, langages, Europe m\u00e9ridionale, M\u00e9diterran\u00e9e","description":"","publisher":{"@id":"https:\/\/telemme.mmsh.fr\/#organization"},"potentialAction":[{"@type":"SearchAction","target":{"@type":"EntryPoint","urlTemplate":"https:\/\/telemme.mmsh.fr\/?s={search_term_string}"},"query-input":{"@type":"PropertyValueSpecification","valueRequired":true,"valueName":"search_term_string"}}],"inLanguage":"fr-FR"},{"@type":"Organization","@id":"https:\/\/telemme.mmsh.fr\/#organization","name":"TELEMMe","url":"https:\/\/telemme.mmsh.fr\/","logo":{"@type":"ImageObject","inLanguage":"fr-FR","@id":"https:\/\/telemme.mmsh.fr\/#\/schema\/logo\/image\/","url":"https:\/\/telemme.mmsh.fr\/wp-content\/uploads\/2020\/03\/LogoTELEMMe-horizontal-fond-transparent.png","contentUrl":"https:\/\/telemme.mmsh.fr\/wp-content\/uploads\/2020\/03\/LogoTELEMMe-horizontal-fond-transparent.png","width":1500,"height":437,"caption":"TELEMMe"},"image":{"@id":"https:\/\/telemme.mmsh.fr\/#\/schema\/logo\/image\/"}},{"@type":"Person","@id":"https:\/\/telemme.mmsh.fr\/#\/schema\/person\/86a185da4836381586528ced48e263f5","name":"Delphine Cavallo","url":"https:\/\/telemme.mmsh.fr\/?author=6"}]}},"_links":{"self":[{"href":"https:\/\/telemme.mmsh.fr\/index.php?rest_route=\/wp\/v2\/posts\/10091","targetHints":{"allow":["GET"]}}],"collection":[{"href":"https:\/\/telemme.mmsh.fr\/index.php?rest_route=\/wp\/v2\/posts"}],"about":[{"href":"https:\/\/telemme.mmsh.fr\/index.php?rest_route=\/wp\/v2\/types\/post"}],"author":[{"embeddable":true,"href":"https:\/\/telemme.mmsh.fr\/index.php?rest_route=\/wp\/v2\/users\/6"}],"replies":[{"embeddable":true,"href":"https:\/\/telemme.mmsh.fr\/index.php?rest_route=%2Fwp%2Fv2%2Fcomments&post=10091"}],"version-history":[{"count":2,"href":"https:\/\/telemme.mmsh.fr\/index.php?rest_route=\/wp\/v2\/posts\/10091\/revisions"}],"predecessor-version":[{"id":10093,"href":"https:\/\/telemme.mmsh.fr\/index.php?rest_route=\/wp\/v2\/posts\/10091\/revisions\/10093"}],"wp:attachment":[{"href":"https:\/\/telemme.mmsh.fr\/index.php?rest_route=%2Fwp%2Fv2%2Fmedia&parent=10091"}],"wp:term":[{"taxonomy":"category","embeddable":true,"href":"https:\/\/telemme.mmsh.fr\/index.php?rest_route=%2Fwp%2Fv2%2Fcategories&post=10091"},{"taxonomy":"post_tag","embeddable":true,"href":"https:\/\/telemme.mmsh.fr\/index.php?rest_route=%2Fwp%2Fv2%2Ftags&post=10091"}],"curies":[{"name":"wp","href":"https:\/\/api.w.org\/{rel}","templated":true}]}}