{"id":10085,"date":"2021-11-25T08:03:00","date_gmt":"2021-11-25T07:03:00","guid":{"rendered":"https:\/\/telemme.mmsh.fr\/?p=10085"},"modified":"2021-11-26T10:21:38","modified_gmt":"2021-11-26T09:21:38","slug":"un-webdocumentaire-art-science-sur-les-feminicides","status":"publish","type":"post","link":"https:\/\/telemme.mmsh.fr\/?p=10085","title":{"rendered":"Un webdocumentaire art\/science sur les f\u00e9minicides"},"content":{"rendered":"<h2>Le f\u00e9minicide : un fait social \u00e0 interroger<\/h2>\n<p><strong>Le 25 novembre, \u00e0 l&rsquo;occasion de la journ\u00e9e internationale de lutte contre les violences faites aux femmes, chercheuses et artistes publient un <a href=\"https:\/\/url.univ-amu.fr\/safe\">webdocumentaire sur les f\u00e9minicides<\/a><\/strong>. En m\u00ealant arts et sciences, cette cr\u00e9ation propos\u00e9e par Aartemis, Adrienne Arth, Claude Ber, Sylvette Den\u00e8fle, Isabelle Demangeat, Karine Lambert, Irene Pittatore permet de mieux comprendre ce fait social qui traverse les \u00e9poques.<\/p>\n<p>\u00c0 partir du r\u00e9cit d\u2019un proc\u00e8s pour \u00ab meurtre de femme \u00bb commis en 1847, conserv\u00e9 dans les archives judiciaires du Var, sociologue, historienne, plasticiennes, photographe et \u00e9crivaine ont produit des exp\u00e9rimentations et des r\u00e9alisations num\u00e9riques visant \u00e0 informer le grand public tout en enrichissant les d\u00e9bats scientifiques contemporains.<\/p>\n<h2>Une recherche artistique et scientifique<\/h2>\n<p>L\u2019objectif est d\u2019identifier les enjeux de pouvoir que ces violences impliquent dans une perspective historique et comparatiste. Les f\u00e9minicides permettent, en effet, de faire le r\u00e9cit de la domination patriarcale, de l\u2019emprise viriliste, d\u2019analyser les facteurs de risque, les tabous, les situations de conflit et de d\u00e9construire les st\u00e9r\u00e9otypes sociosexu\u00e9s qui peuvent \u00eatre int\u00e9rioris\u00e9s autant par les hommes que par les femmes.<\/p>\n<p>Le projet est \u00e0 la fois une recherche m\u00e9thodologique qui vise \u00e0 m\u00ealer les apports des connaissances scientifiques avec l\u2019approche sensible des arts plastiques, de la photographie ou de l&rsquo;\u00e9criture et un apport de connaissances sur un fait social, objet r\u00e9current des d\u00e9bats publics r\u00e9cents, mais encore trop peu \u00e9tudi\u00e9 dans une perspective scientifique.<\/p>\n<h2>Un outil original de partage des connaissances<\/h2>\n<p>Ce webdocumentaire est une mani\u00e8re de pr\u00e9senter diff\u00e9remment r\u00e9sultats de recherches en sciences humaines et sociales. L&rsquo;id\u00e9e est de proposer une boite \u00e0 outils qui puisse \u00eatre utilis\u00e9e \u00e0 la fois dans un cadre scolaire, scientifique, artistique pour que les recherches en \u00e9tudes de genre, et en particulier sur les f\u00e9minicides, soient accessibles au plus grand nombre.<\/p>\n<p>Que ce soit dans l\u2019enseignement secondaire ou sup\u00e9rieur, dans les sph\u00e8res politiques, artistiques, associatives ou aupr\u00e8s du grand public, le projet SAF\u00e9 (Sciences Arts F\u00e9minicides) esp\u00e8re circuler le plus largement possible, \u00e0 l\u2019universit\u00e9 et en-dehors, pour faire avancer les connaissances sur ce sujet et surtout pour qu&rsquo;elles se partagent dans la soci\u00e9t\u00e9.<\/p>\n<p><strong>Pour naviguer plus confortablement dans ce <a href=\"https:\/\/url.univ-amu.fr\/safe\">webdocumentaire<\/a>, cliquez sur les 3 pointill\u00e9s en bas \u00e0 droite de l&rsquo;image puis sur les 2 fl\u00e8ches pour passer en plein \u00e9cran.<\/strong><\/p>\n\n\n<p><strong>Point de d\u00e9part<\/strong>&nbsp;: le r\u00e9cit d\u2019un proc\u00e8s pour \u00ab&nbsp;meurtre de femme&nbsp;\u00bb commis en 1847 dans le Var&nbsp;: <a href=\"https:\/\/url.univ-amu.fr\/safe\">https:\/\/url.univ-amu.fr\/safe<\/a><\/p>\n\n\n\n<h2 class=\"wp-block-heading\">Les soutiens du projet<\/h2>\n\n\n\n<p>Ce projet a \u00e9t\u00e9 laur\u00e9at de la Bourse aux projets de culture scientifique AMU 2021 et a re\u00e7u le soutien de la Vice-Pr\u00e9sidence \u00e9galit\u00e9 femmes-hommes et lutte contre les discriminations d\u2019Aix-Marseille Universit\u00e9. Il b\u00e9n\u00e9ficie du soutien d&rsquo;Aix-Marseille Universit\u00e9, de la Maison m\u00e9diterran\u00e9enne des sciences de l&rsquo;homme, du r\u00e9seau GenderMed, de l&rsquo;unit\u00e9 de recherche TELEMMe et de l\u2019Insp\u00e9 de l&rsquo;Universit\u00e9 C\u00f4te d&rsquo;Azur.<\/p>\n","protected":false},"excerpt":{"rendered":"<p>Le 25 novembre, \u00e0 l&rsquo;occasion de la journ\u00e9e internationale de lutte contre les violences faites aux femmes, chercheuses et artistes publient un webdocumentaire sur les f\u00e9minicides. En m\u00ealant arts et sciences, cette cr\u00e9ation propos\u00e9e par Aartemis, Adrienne Arth, Claude Ber, Sylvette Den\u00e8fle, Isabelle Demangeat, Karine Lambert, Irene Pittatore permet de mieux comprendre ce fait social qui traverse les \u00e9poques.<\/p>\n","protected":false},"author":6,"featured_media":10088,"comment_status":"closed","ping_status":"closed","sticky":false,"template":"","format":"standard","meta":{"neve_meta_sidebar":"","neve_meta_container":"","neve_meta_enable_content_width":"off","neve_meta_content_width":70,"neve_meta_title_alignment":"","neve_meta_author_avatar":"","neve_post_elements_order":"","neve_meta_disable_header":"","neve_meta_disable_footer":"","neve_meta_disable_title":"","_tribe_events_control_status":"","_tribe_events_control_status_canceled_reason":"","_tribe_events_control_status_postponed_reason":"","_tribe_events_control_online":"","_tribe_events_control_online_url":"","footnotes":""},"categories":[2007,1732],"tags":[2305,2306],"class_list":["post-10085","post","type-post","status-publish","format-standard","has-post-thumbnail","hentry","category-informations","category-webdoc","tag-feminicides","tag-safe"],"yoast_head":"<!-- This site is optimized with the Yoast SEO plugin v27.4 - https:\/\/yoast.com\/product\/yoast-seo-wordpress\/ -->\n<title>Un webdocumentaire art\/science sur les f\u00e9minicides - TELEMMe - Temps, espaces, langages, Europe m\u00e9ridionale, M\u00e9diterran\u00e9e<\/title>\n<meta name=\"robots\" content=\"index, follow, max-snippet:-1, max-image-preview:large, max-video-preview:-1\" \/>\n<link rel=\"canonical\" href=\"https:\/\/telemme.mmsh.fr\/?p=10085\" \/>\n<meta property=\"og:locale\" content=\"fr_FR\" \/>\n<meta property=\"og:type\" content=\"article\" \/>\n<meta property=\"og:title\" content=\"Un webdocumentaire art\/science sur les f\u00e9minicides - TELEMMe - Temps, espaces, langages, Europe m\u00e9ridionale, M\u00e9diterran\u00e9e\" \/>\n<meta property=\"og:description\" content=\"Le 25 novembre, \u00e0 l&#039;occasion de la journ\u00e9e internationale de lutte contre les violences faites aux femmes, chercheuses et artistes publient un webdocumentaire sur les f\u00e9minicides. En m\u00ealant arts et sciences, cette cr\u00e9ation propos\u00e9e par Aartemis, Adrienne Arth, Claude Ber, Sylvette Den\u00e8fle, Isabelle Demangeat, Karine Lambert, Irene Pittatore permet de mieux comprendre ce fait social qui traverse les \u00e9poques.\" \/>\n<meta property=\"og:url\" content=\"https:\/\/telemme.mmsh.fr\/?p=10085\" \/>\n<meta property=\"og:site_name\" content=\"TELEMMe - Temps, espaces, langages, Europe m\u00e9ridionale, M\u00e9diterran\u00e9e\" \/>\n<meta property=\"article:published_time\" content=\"2021-11-25T07:03:00+00:00\" \/>\n<meta property=\"article:modified_time\" content=\"2021-11-26T09:21:38+00:00\" \/>\n<meta property=\"og:image\" content=\"https:\/\/telemme.mmsh.fr\/wp-content\/uploads\/2021\/11\/SAFe.jpg\" \/>\n\t<meta property=\"og:image:width\" content=\"1754\" \/>\n\t<meta property=\"og:image:height\" content=\"974\" \/>\n\t<meta property=\"og:image:type\" content=\"image\/jpeg\" \/>\n<meta name=\"author\" content=\"Delphine Cavallo\" \/>\n<meta name=\"twitter:card\" content=\"summary_large_image\" \/>\n<meta name=\"twitter:label1\" content=\"\u00c9crit par\" \/>\n\t<meta name=\"twitter:data1\" content=\"Delphine Cavallo\" \/>\n\t<meta name=\"twitter:label2\" content=\"Dur\u00e9e de lecture estim\u00e9e\" \/>\n\t<meta name=\"twitter:data2\" content=\"3 minutes\" \/>\n<script type=\"application\/ld+json\" class=\"yoast-schema-graph\">{\"@context\":\"https:\\\/\\\/schema.org\",\"@graph\":[{\"@type\":\"Article\",\"@id\":\"https:\\\/\\\/telemme.mmsh.fr\\\/?p=10085#article\",\"isPartOf\":{\"@id\":\"https:\\\/\\\/telemme.mmsh.fr\\\/?p=10085\"},\"author\":{\"name\":\"Delphine Cavallo\",\"@id\":\"https:\\\/\\\/telemme.mmsh.fr\\\/#\\\/schema\\\/person\\\/86a185da4836381586528ced48e263f5\"},\"headline\":\"Un webdocumentaire art\\\/science sur les f\u00e9minicides\",\"datePublished\":\"2021-11-25T07:03:00+00:00\",\"dateModified\":\"2021-11-26T09:21:38+00:00\",\"mainEntityOfPage\":{\"@id\":\"https:\\\/\\\/telemme.mmsh.fr\\\/?p=10085\"},\"wordCount\":535,\"publisher\":{\"@id\":\"https:\\\/\\\/telemme.mmsh.fr\\\/#organization\"},\"image\":{\"@id\":\"https:\\\/\\\/telemme.mmsh.fr\\\/?p=10085#primaryimage\"},\"thumbnailUrl\":\"https:\\\/\\\/telemme.mmsh.fr\\\/wp-content\\\/uploads\\\/2021\\\/11\\\/SAFe.jpg\",\"keywords\":[\"f\u00e9minicides\",\"SAF\u00e9\"],\"articleSection\":[\"Informations\",\"Webdocumentaires\"],\"inLanguage\":\"fr-FR\"},{\"@type\":\"WebPage\",\"@id\":\"https:\\\/\\\/telemme.mmsh.fr\\\/?p=10085\",\"url\":\"https:\\\/\\\/telemme.mmsh.fr\\\/?p=10085\",\"name\":\"Un webdocumentaire art\\\/science sur les f\u00e9minicides - TELEMMe - Temps, espaces, langages, Europe m\u00e9ridionale, M\u00e9diterran\u00e9e\",\"isPartOf\":{\"@id\":\"https:\\\/\\\/telemme.mmsh.fr\\\/#website\"},\"primaryImageOfPage\":{\"@id\":\"https:\\\/\\\/telemme.mmsh.fr\\\/?p=10085#primaryimage\"},\"image\":{\"@id\":\"https:\\\/\\\/telemme.mmsh.fr\\\/?p=10085#primaryimage\"},\"thumbnailUrl\":\"https:\\\/\\\/telemme.mmsh.fr\\\/wp-content\\\/uploads\\\/2021\\\/11\\\/SAFe.jpg\",\"datePublished\":\"2021-11-25T07:03:00+00:00\",\"dateModified\":\"2021-11-26T09:21:38+00:00\",\"breadcrumb\":{\"@id\":\"https:\\\/\\\/telemme.mmsh.fr\\\/?p=10085#breadcrumb\"},\"inLanguage\":\"fr-FR\",\"potentialAction\":[{\"@type\":\"ReadAction\",\"target\":[\"https:\\\/\\\/telemme.mmsh.fr\\\/?p=10085\"]}]},{\"@type\":\"ImageObject\",\"inLanguage\":\"fr-FR\",\"@id\":\"https:\\\/\\\/telemme.mmsh.fr\\\/?p=10085#primaryimage\",\"url\":\"https:\\\/\\\/telemme.mmsh.fr\\\/wp-content\\\/uploads\\\/2021\\\/11\\\/SAFe.jpg\",\"contentUrl\":\"https:\\\/\\\/telemme.mmsh.fr\\\/wp-content\\\/uploads\\\/2021\\\/11\\\/SAFe.jpg\",\"width\":1754,\"height\":974,\"caption\":\"SAF\u00e9\"},{\"@type\":\"BreadcrumbList\",\"@id\":\"https:\\\/\\\/telemme.mmsh.fr\\\/?p=10085#breadcrumb\",\"itemListElement\":[{\"@type\":\"ListItem\",\"position\":1,\"name\":\"Accueil\",\"item\":\"https:\\\/\\\/telemme.mmsh.fr\\\/\"},{\"@type\":\"ListItem\",\"position\":2,\"name\":\"Actualit\u00e9s\",\"item\":\"https:\\\/\\\/telemme.mmsh.fr\\\/?cat=1995\"},{\"@type\":\"ListItem\",\"position\":3,\"name\":\"Informations\",\"item\":\"https:\\\/\\\/telemme.mmsh.fr\\\/?cat=2007\"},{\"@type\":\"ListItem\",\"position\":4,\"name\":\"Un webdocumentaire art\\\/science sur les f\u00e9minicides\"}]},{\"@type\":\"WebSite\",\"@id\":\"https:\\\/\\\/telemme.mmsh.fr\\\/#website\",\"url\":\"https:\\\/\\\/telemme.mmsh.fr\\\/\",\"name\":\"TELEMMe - Temps, espaces, langages, Europe m\u00e9ridionale, M\u00e9diterran\u00e9e\",\"description\":\"\",\"publisher\":{\"@id\":\"https:\\\/\\\/telemme.mmsh.fr\\\/#organization\"},\"potentialAction\":[{\"@type\":\"SearchAction\",\"target\":{\"@type\":\"EntryPoint\",\"urlTemplate\":\"https:\\\/\\\/telemme.mmsh.fr\\\/?s={search_term_string}\"},\"query-input\":{\"@type\":\"PropertyValueSpecification\",\"valueRequired\":true,\"valueName\":\"search_term_string\"}}],\"inLanguage\":\"fr-FR\"},{\"@type\":\"Organization\",\"@id\":\"https:\\\/\\\/telemme.mmsh.fr\\\/#organization\",\"name\":\"TELEMMe\",\"url\":\"https:\\\/\\\/telemme.mmsh.fr\\\/\",\"logo\":{\"@type\":\"ImageObject\",\"inLanguage\":\"fr-FR\",\"@id\":\"https:\\\/\\\/telemme.mmsh.fr\\\/#\\\/schema\\\/logo\\\/image\\\/\",\"url\":\"https:\\\/\\\/telemme.mmsh.fr\\\/wp-content\\\/uploads\\\/2020\\\/03\\\/LogoTELEMMe-horizontal-fond-transparent.png\",\"contentUrl\":\"https:\\\/\\\/telemme.mmsh.fr\\\/wp-content\\\/uploads\\\/2020\\\/03\\\/LogoTELEMMe-horizontal-fond-transparent.png\",\"width\":1500,\"height\":437,\"caption\":\"TELEMMe\"},\"image\":{\"@id\":\"https:\\\/\\\/telemme.mmsh.fr\\\/#\\\/schema\\\/logo\\\/image\\\/\"}},{\"@type\":\"Person\",\"@id\":\"https:\\\/\\\/telemme.mmsh.fr\\\/#\\\/schema\\\/person\\\/86a185da4836381586528ced48e263f5\",\"name\":\"Delphine Cavallo\",\"url\":\"https:\\\/\\\/telemme.mmsh.fr\\\/?author=6\"}]}<\/script>\n<!-- \/ Yoast SEO plugin. -->","yoast_head_json":{"title":"Un webdocumentaire art\/science sur les f\u00e9minicides - TELEMMe - Temps, espaces, langages, Europe m\u00e9ridionale, M\u00e9diterran\u00e9e","robots":{"index":"index","follow":"follow","max-snippet":"max-snippet:-1","max-image-preview":"max-image-preview:large","max-video-preview":"max-video-preview:-1"},"canonical":"https:\/\/telemme.mmsh.fr\/?p=10085","og_locale":"fr_FR","og_type":"article","og_title":"Un webdocumentaire art\/science sur les f\u00e9minicides - TELEMMe - Temps, espaces, langages, Europe m\u00e9ridionale, M\u00e9diterran\u00e9e","og_description":"Le 25 novembre, \u00e0 l'occasion de la journ\u00e9e internationale de lutte contre les violences faites aux femmes, chercheuses et artistes publient un webdocumentaire sur les f\u00e9minicides. En m\u00ealant arts et sciences, cette cr\u00e9ation propos\u00e9e par Aartemis, Adrienne Arth, Claude Ber, Sylvette Den\u00e8fle, Isabelle Demangeat, Karine Lambert, Irene Pittatore permet de mieux comprendre ce fait social qui traverse les \u00e9poques.","og_url":"https:\/\/telemme.mmsh.fr\/?p=10085","og_site_name":"TELEMMe - Temps, espaces, langages, Europe m\u00e9ridionale, M\u00e9diterran\u00e9e","article_published_time":"2021-11-25T07:03:00+00:00","article_modified_time":"2021-11-26T09:21:38+00:00","og_image":[{"width":1754,"height":974,"url":"https:\/\/telemme.mmsh.fr\/wp-content\/uploads\/2021\/11\/SAFe.jpg","type":"image\/jpeg"}],"author":"Delphine Cavallo","twitter_card":"summary_large_image","twitter_misc":{"\u00c9crit par":"Delphine Cavallo","Dur\u00e9e de lecture estim\u00e9e":"3 minutes"},"schema":{"@context":"https:\/\/schema.org","@graph":[{"@type":"Article","@id":"https:\/\/telemme.mmsh.fr\/?p=10085#article","isPartOf":{"@id":"https:\/\/telemme.mmsh.fr\/?p=10085"},"author":{"name":"Delphine Cavallo","@id":"https:\/\/telemme.mmsh.fr\/#\/schema\/person\/86a185da4836381586528ced48e263f5"},"headline":"Un webdocumentaire art\/science sur les f\u00e9minicides","datePublished":"2021-11-25T07:03:00+00:00","dateModified":"2021-11-26T09:21:38+00:00","mainEntityOfPage":{"@id":"https:\/\/telemme.mmsh.fr\/?p=10085"},"wordCount":535,"publisher":{"@id":"https:\/\/telemme.mmsh.fr\/#organization"},"image":{"@id":"https:\/\/telemme.mmsh.fr\/?p=10085#primaryimage"},"thumbnailUrl":"https:\/\/telemme.mmsh.fr\/wp-content\/uploads\/2021\/11\/SAFe.jpg","keywords":["f\u00e9minicides","SAF\u00e9"],"articleSection":["Informations","Webdocumentaires"],"inLanguage":"fr-FR"},{"@type":"WebPage","@id":"https:\/\/telemme.mmsh.fr\/?p=10085","url":"https:\/\/telemme.mmsh.fr\/?p=10085","name":"Un webdocumentaire art\/science sur les f\u00e9minicides - TELEMMe - Temps, espaces, langages, Europe m\u00e9ridionale, M\u00e9diterran\u00e9e","isPartOf":{"@id":"https:\/\/telemme.mmsh.fr\/#website"},"primaryImageOfPage":{"@id":"https:\/\/telemme.mmsh.fr\/?p=10085#primaryimage"},"image":{"@id":"https:\/\/telemme.mmsh.fr\/?p=10085#primaryimage"},"thumbnailUrl":"https:\/\/telemme.mmsh.fr\/wp-content\/uploads\/2021\/11\/SAFe.jpg","datePublished":"2021-11-25T07:03:00+00:00","dateModified":"2021-11-26T09:21:38+00:00","breadcrumb":{"@id":"https:\/\/telemme.mmsh.fr\/?p=10085#breadcrumb"},"inLanguage":"fr-FR","potentialAction":[{"@type":"ReadAction","target":["https:\/\/telemme.mmsh.fr\/?p=10085"]}]},{"@type":"ImageObject","inLanguage":"fr-FR","@id":"https:\/\/telemme.mmsh.fr\/?p=10085#primaryimage","url":"https:\/\/telemme.mmsh.fr\/wp-content\/uploads\/2021\/11\/SAFe.jpg","contentUrl":"https:\/\/telemme.mmsh.fr\/wp-content\/uploads\/2021\/11\/SAFe.jpg","width":1754,"height":974,"caption":"SAF\u00e9"},{"@type":"BreadcrumbList","@id":"https:\/\/telemme.mmsh.fr\/?p=10085#breadcrumb","itemListElement":[{"@type":"ListItem","position":1,"name":"Accueil","item":"https:\/\/telemme.mmsh.fr\/"},{"@type":"ListItem","position":2,"name":"Actualit\u00e9s","item":"https:\/\/telemme.mmsh.fr\/?cat=1995"},{"@type":"ListItem","position":3,"name":"Informations","item":"https:\/\/telemme.mmsh.fr\/?cat=2007"},{"@type":"ListItem","position":4,"name":"Un webdocumentaire art\/science sur les f\u00e9minicides"}]},{"@type":"WebSite","@id":"https:\/\/telemme.mmsh.fr\/#website","url":"https:\/\/telemme.mmsh.fr\/","name":"TELEMMe - Temps, espaces, langages, Europe m\u00e9ridionale, M\u00e9diterran\u00e9e","description":"","publisher":{"@id":"https:\/\/telemme.mmsh.fr\/#organization"},"potentialAction":[{"@type":"SearchAction","target":{"@type":"EntryPoint","urlTemplate":"https:\/\/telemme.mmsh.fr\/?s={search_term_string}"},"query-input":{"@type":"PropertyValueSpecification","valueRequired":true,"valueName":"search_term_string"}}],"inLanguage":"fr-FR"},{"@type":"Organization","@id":"https:\/\/telemme.mmsh.fr\/#organization","name":"TELEMMe","url":"https:\/\/telemme.mmsh.fr\/","logo":{"@type":"ImageObject","inLanguage":"fr-FR","@id":"https:\/\/telemme.mmsh.fr\/#\/schema\/logo\/image\/","url":"https:\/\/telemme.mmsh.fr\/wp-content\/uploads\/2020\/03\/LogoTELEMMe-horizontal-fond-transparent.png","contentUrl":"https:\/\/telemme.mmsh.fr\/wp-content\/uploads\/2020\/03\/LogoTELEMMe-horizontal-fond-transparent.png","width":1500,"height":437,"caption":"TELEMMe"},"image":{"@id":"https:\/\/telemme.mmsh.fr\/#\/schema\/logo\/image\/"}},{"@type":"Person","@id":"https:\/\/telemme.mmsh.fr\/#\/schema\/person\/86a185da4836381586528ced48e263f5","name":"Delphine Cavallo","url":"https:\/\/telemme.mmsh.fr\/?author=6"}]}},"_links":{"self":[{"href":"https:\/\/telemme.mmsh.fr\/index.php?rest_route=\/wp\/v2\/posts\/10085","targetHints":{"allow":["GET"]}}],"collection":[{"href":"https:\/\/telemme.mmsh.fr\/index.php?rest_route=\/wp\/v2\/posts"}],"about":[{"href":"https:\/\/telemme.mmsh.fr\/index.php?rest_route=\/wp\/v2\/types\/post"}],"author":[{"embeddable":true,"href":"https:\/\/telemme.mmsh.fr\/index.php?rest_route=\/wp\/v2\/users\/6"}],"replies":[{"embeddable":true,"href":"https:\/\/telemme.mmsh.fr\/index.php?rest_route=%2Fwp%2Fv2%2Fcomments&post=10085"}],"version-history":[{"count":4,"href":"https:\/\/telemme.mmsh.fr\/index.php?rest_route=\/wp\/v2\/posts\/10085\/revisions"}],"predecessor-version":[{"id":10090,"href":"https:\/\/telemme.mmsh.fr\/index.php?rest_route=\/wp\/v2\/posts\/10085\/revisions\/10090"}],"wp:featuredmedia":[{"embeddable":true,"href":"https:\/\/telemme.mmsh.fr\/index.php?rest_route=\/wp\/v2\/media\/10088"}],"wp:attachment":[{"href":"https:\/\/telemme.mmsh.fr\/index.php?rest_route=%2Fwp%2Fv2%2Fmedia&parent=10085"}],"wp:term":[{"taxonomy":"category","embeddable":true,"href":"https:\/\/telemme.mmsh.fr\/index.php?rest_route=%2Fwp%2Fv2%2Fcategories&post=10085"},{"taxonomy":"post_tag","embeddable":true,"href":"https:\/\/telemme.mmsh.fr\/index.php?rest_route=%2Fwp%2Fv2%2Ftags&post=10085"}],"curies":[{"name":"wp","href":"https:\/\/api.w.org\/{rel}","templated":true}]}}