{"id":9726,"global_id":"telemme.mmsh.fr?id=9726","global_id_lineage":["telemme.mmsh.fr?id=9726"],"author":"6","status":"publish","date":"2021-09-28 13:36:23","date_utc":"2021-09-28 11:36:23","modified":"2021-11-11 15:44:14","modified_utc":"2021-11-11 14:44:14","url":"https:\/\/telemme.mmsh.fr\/?tribe_events=regards-et-representations-chez-velazquez-entre-histoire-et-fiction","rest_url":"https:\/\/telemme.mmsh.fr\/index.php?rest_route=\/tribe\/events\/v1\/events\/9726","title":"Regard(s) et repr\u00e9sentation(s) chez Vel\u00e1zquez&nbsp;: entre histoire et fiction","description":"<p>Journ\u00e9e d\u2019\u00e9tudes organis\u00e9e par<br \/>\n<strong>Christine Orobitg<\/strong> UMR 7303 TELEMME<br \/>\navec le soutien financier et scientifique de TELEMME (UMR 7303)<br \/>\navec la collaboration du CAER (Centre Aixois d\u2019Etudes Romanes) et du Rectorat d\u2019Aix-Marseille<\/p>\n<ul>\n<li>l&rsquo;amphi 2 (UFR ALLSH, Batiment EGGER) a une capacit\u00e9 de 200 places<\/li>\n<li>l&rsquo;entr\u00e9e est libre et l&rsquo;inscription n&rsquo;est pas n\u00e9cessaire mais les mesures sanitaires devront \u00eatre respect\u00e9es (port du masque obligatoire, se munir de gel hydroalcoolique, respecter les distances)<\/li>\n<li>la Journ\u00e9e sera diffus\u00e9e en synchrone \u00e0 distance via ZOOM. Ceux qui souhaitent suivre \u00e0 distance pourront demander le lien ZOOM \u00e0 l&rsquo;organisatrice Christine Orobitg, 10 ou 15 jours avant la manifestation, \u00e0 cette adresse : christine.orobitg[at]univ-amu.fr<\/li>\n<\/ul>\n<p><a href=\"https:\/\/telemme.mmsh.fr\/?evenement=regards-et-representations-chez-velazquez-entre-histoire-et-fiction\"><strong>Programme<\/strong><\/a><\/p>","excerpt":"","slug":"regards-et-representations-chez-velazquez-entre-histoire-et-fiction","image":{"url":"https:\/\/telemme.mmsh.fr\/wp-content\/uploads\/2021\/09\/Velazquez-las_hilanderas.jpg","id":9777,"extension":"jpg","width":800,"height":552,"sizes":{"medium":{"width":300,"height":207,"mime-type":"image\/jpeg","url":"https:\/\/telemme.mmsh.fr\/wp-content\/uploads\/2021\/09\/Velazquez-las_hilanderas-300x207.jpg"},"thumbnail":{"width":150,"height":150,"mime-type":"image\/jpeg","url":"https:\/\/telemme.mmsh.fr\/wp-content\/uploads\/2021\/09\/Velazquez-las_hilanderas-150x150.jpg"},"medium_large":{"width":768,"height":530,"mime-type":"image\/jpeg","url":"https:\/\/telemme.mmsh.fr\/wp-content\/uploads\/2021\/09\/Velazquez-las_hilanderas-768x530.jpg"},"better-amp-small":{"width":100,"height":100,"mime-type":"image\/jpeg","url":"https:\/\/telemme.mmsh.fr\/wp-content\/uploads\/2021\/09\/Velazquez-las_hilanderas-100x100.jpg"},"better-amp-normal":{"width":260,"height":200,"mime-type":"image\/jpeg","url":"https:\/\/telemme.mmsh.fr\/wp-content\/uploads\/2021\/09\/Velazquez-las_hilanderas-260x200.jpg"},"better-amp-large":{"width":450,"height":300,"mime-type":"image\/jpeg","url":"https:\/\/telemme.mmsh.fr\/wp-content\/uploads\/2021\/09\/Velazquez-las_hilanderas-450x300.jpg"},"sow-carousel-default":{"width":272,"height":182,"mime-type":"image\/jpeg","url":"https:\/\/telemme.mmsh.fr\/wp-content\/uploads\/2021\/09\/Velazquez-las_hilanderas-272x182.jpg"}}},"all_day":false,"start_date":"2021-11-27 09:00:00","start_date_details":{"year":"2021","month":"11","day":"27","hour":"09","minutes":"00","seconds":"00"},"end_date":"2021-11-27 17:15:00","end_date_details":{"year":"2021","month":"11","day":"27","hour":"17","minutes":"15","seconds":"00"},"utc_start_date":"2021-11-27 08:00:00","utc_start_date_details":{"year":"2021","month":"11","day":"27","hour":"08","minutes":"00","seconds":"00"},"utc_end_date":"2021-11-27 16:15:00","utc_end_date_details":{"year":"2021","month":"11","day":"27","hour":"16","minutes":"15","seconds":"00"},"timezone":"Europe\/Paris","timezone_abbr":"CET","cost":"","cost_details":{"currency_symbol":"","currency_code":"","currency_position":"suffix","values":[]},"website":"","show_map":true,"show_map_link":true,"hide_from_listings":false,"sticky":false,"featured":false,"categories":[{"name":"Journ\u00e9e d'\u00e9tudes","slug":"journee-detudes","term_group":0,"term_taxonomy_id":1823,"taxonomy":"tribe_events_cat","description":"","parent":0,"count":84,"filter":"raw","id":1823,"urls":{"self":"https:\/\/telemme.mmsh.fr\/index.php?rest_route=\/tribe\/events\/v1\/categories\/1823","collection":"https:\/\/telemme.mmsh.fr\/index.php?rest_route=\/tribe\/events\/v1\/categories"}}],"tags":[],"venue":{"id":9729,"author":"6","status":"publish","date":"2021-09-28 13:36:23","date_utc":"2021-09-28 11:36:23","modified":"2021-09-28 13:36:23","modified_utc":"2021-09-28 11:36:23","url":"https:\/\/telemme.mmsh.fr\/?tribe_venue=amphi-2-ufr-allsh-site-schuman","venue":"Amphi 2,  UFR ALLSH  Site Schuman","slug":"amphi-2-ufr-allsh-site-schuman","address":"29 avenue Schuman","city":"Aix-en-Provence","country":"France","json_ld":{"@type":"Place","name":"Amphi 2,  UFR ALLSH  Site Schuman","description":"","url":"","address":{"@type":"PostalAddress","streetAddress":"29 avenue Schuman","addressLocality":"Aix-en-Provence","addressCountry":"France"},"telephone":"","sameAs":""},"show_map":true,"show_map_link":true,"global_id":"telemme.mmsh.fr?id=9729","global_id_lineage":["telemme.mmsh.fr?id=9729"]},"organizer":[{"id":9289,"author":"6","status":"publish","date":"2021-08-27 16:00:26","date_utc":"2021-08-27 14:00:26","modified":"2021-08-27 16:00:26","modified_utc":"2021-08-27 14:00:26","url":"https:\/\/telemme.mmsh.fr\/?tribe_organizer=christine-orobitg","organizer":"Christine Orobitg","slug":"christine-orobitg","website":"https:\/\/telemme.mmsh.fr\/?membres=christine-orobitg","json_ld":{"@type":"Person","name":"Christine Orobitg","description":"","url":"https:\/\/telemme.mmsh.fr\/?membres=christine-orobitg","telephone":"","email":"","sameAs":"https:\/\/telemme.mmsh.fr\/?membres=christine-orobitg"},"global_id":"telemme.mmsh.fr?id=9289","global_id_lineage":["telemme.mmsh.fr?id=9289"]}],"custom_fields":[],"json_ld":{"@context":"http:\/\/schema.org","@type":"Event","name":"Regard(s) et repr\u00e9sentation(s) chez Vel\u00e1zquez&nbsp;: entre histoire et fiction","description":"&lt;p&gt;Journ\u00e9e d\u2019\u00e9tudes organis\u00e9e par Christine Orobitg UMR 7303 TELEMME avec le soutien financier et scientifique de TELEMME (UMR 7303) avec la collaboration du CAER (Centre Aixois d\u2019Etudes Romanes) et du&hellip;&nbsp;&lt;a href=&quot;https:\/\/telemme.mmsh.fr\/?tribe_events=regards-et-representations-chez-velazquez-entre-histoire-et-fiction&quot; rel=&quot;bookmark&quot;&gt;Lire la suite &raquo;&lt;span class=&quot;screen-reader-text&quot;&gt;Regard(s) et repr\u00e9sentation(s) chez Vel\u00e1zquez&nbsp;: entre histoire et fiction&lt;\/span&gt;&lt;\/a&gt;&lt;\/p&gt;\\n","image":"https:\/\/telemme.mmsh.fr\/wp-content\/uploads\/2021\/09\/Velazquez-las_hilanderas.jpg","url":"https:\/\/telemme.mmsh.fr\/?tribe_events=regards-et-representations-chez-velazquez-entre-histoire-et-fiction","eventAttendanceMode":"https:\/\/schema.org\/OfflineEventAttendanceMode","eventStatus":"https:\/\/schema.org\/EventScheduled","startDate":"2021-11-27T09:00:00+01:00","endDate":"2021-11-27T17:15:00+01:00","location":{"@type":"Place","name":"Amphi 2,  UFR ALLSH  Site Schuman","description":"","url":"","address":{"@type":"PostalAddress","streetAddress":"29 avenue Schuman","addressLocality":"Aix-en-Provence","addressCountry":"France"},"telephone":"","sameAs":""},"organizer":{"@type":"Person","name":"Christine Orobitg","description":"","url":"https:\/\/telemme.mmsh.fr\/?membres=christine-orobitg","telephone":"","email":"","sameAs":"https:\/\/telemme.mmsh.fr\/?membres=christine-orobitg"},"performer":"Organization"}}