{"id":9013,"global_id":"telemme.mmsh.fr?id=9013","global_id_lineage":["telemme.mmsh.fr?id=9013"],"author":"6","status":"publish","date":"2021-07-15 16:55:55","date_utc":"2021-07-15 14:55:55","modified":"2022-05-09 09:33:35","modified_utc":"2022-05-09 07:33:35","url":"https:\/\/telemme.mmsh.fr\/?tribe_events=seminaire-du-groupe-facons-detre-6","rest_url":"https:\/\/telemme.mmsh.fr\/index.php?rest_route=\/tribe\/events\/v1\/events\/9013","title":"Histoire imm\u00e9diate et raison d\u2019\u00c9tat","description":"<p>Consacr\u00e9 \u00e0 la pr\u00e9sentation de l\u2019ouvrage de Virginie Cerdeira, <em>Histoire imm\u00e9diate et raison d\u2019\u00c9tat<\/em>, le s\u00e9minaire abordera les pratiques d\u2019\u00e9criture mises \u00e0 l\u2019\u0153uvre dans les 25 volumes du <em>Mercure Fran\u00e7ois<\/em> (1611-1648), \u00e0 la crois\u00e9e de l\u2019\u00e9criture de l\u2019histoire et de celle de l\u2019actualit\u00e9. L\u2019autrice interrogera les formes \u00e0 travers lesquelles s\u2019exprime dans la collection la loyaut\u00e9 \u00e0 l\u2019\u00c9tat royal tout en montrant ce que cette posture doit \u00e0 l\u2019histoire familiale des fondateurs.<\/p>\n<p><a href=\"https:\/\/telemme.mmsh.fr\/?evenement=histoire-immediate-et-raison-detat\"><strong>Programme complet<\/strong><\/a><\/p>","excerpt":"","slug":"seminaire-du-groupe-facons-detre-6","image":{"url":"https:\/\/telemme.mmsh.fr\/wp-content\/uploads\/2021\/01\/Courbet-autoportait_light2.jpg","id":3657,"extension":"jpg","width":300,"height":359,"sizes":{"medium":{"width":251,"height":300,"mime-type":"image\/jpeg","url":"https:\/\/telemme.mmsh.fr\/wp-content\/uploads\/2021\/01\/Courbet-autoportait_light2-251x300.jpg"},"thumbnail":{"width":150,"height":150,"mime-type":"image\/jpeg","url":"https:\/\/telemme.mmsh.fr\/wp-content\/uploads\/2021\/01\/Courbet-autoportait_light2-150x150.jpg"},"better-amp-small":{"width":100,"height":100,"mime-type":"image\/jpeg","url":"https:\/\/telemme.mmsh.fr\/wp-content\/uploads\/2021\/01\/Courbet-autoportait_light2-100x100.jpg"},"better-amp-normal":{"width":260,"height":200,"mime-type":"image\/jpeg","url":"https:\/\/telemme.mmsh.fr\/wp-content\/uploads\/2021\/01\/Courbet-autoportait_light2-260x200.jpg"},"better-amp-large":{"width":300,"height":300,"mime-type":"image\/jpeg","url":"https:\/\/telemme.mmsh.fr\/wp-content\/uploads\/2021\/01\/Courbet-autoportait_light2-300x300.jpg"},"sow-carousel-default":{"width":272,"height":182,"mime-type":"image\/jpeg","url":"https:\/\/telemme.mmsh.fr\/wp-content\/uploads\/2021\/01\/Courbet-autoportait_light2-272x182.jpg"}}},"all_day":false,"start_date":"2022-05-18 09:30:00","start_date_details":{"year":"2022","month":"05","day":"18","hour":"09","minutes":"30","seconds":"00"},"end_date":"2022-05-18 12:00:00","end_date_details":{"year":"2022","month":"05","day":"18","hour":"12","minutes":"00","seconds":"00"},"utc_start_date":"2022-05-18 07:30:00","utc_start_date_details":{"year":"2022","month":"05","day":"18","hour":"07","minutes":"30","seconds":"00"},"utc_end_date":"2022-05-18 10:00:00","utc_end_date_details":{"year":"2022","month":"05","day":"18","hour":"10","minutes":"00","seconds":"00"},"timezone":"Europe\/Paris","timezone_abbr":"CEST","cost":"","cost_details":{"currency_symbol":"","currency_code":"","currency_position":"prefix","values":[]},"website":"","show_map":true,"show_map_link":true,"hide_from_listings":false,"sticky":false,"featured":false,"categories":[{"name":"S\u00e9minaire","slug":"seminaire","term_group":0,"term_taxonomy_id":1831,"taxonomy":"tribe_events_cat","description":"","parent":0,"count":140,"filter":"raw","id":1831,"urls":{"self":"https:\/\/telemme.mmsh.fr\/index.php?rest_route=\/tribe\/events\/v1\/categories\/1831","collection":"https:\/\/telemme.mmsh.fr\/index.php?rest_route=\/tribe\/events\/v1\/categories"}}],"tags":[{"name":"1.3 \u2013 Fa\u00e7ons d\u2019\u00eatre","slug":"1-3-facons-detre","term_group":0,"term_taxonomy_id":1836,"taxonomy":"post_tag","description":"","parent":0,"count":17,"filter":"raw","id":1836,"urls":{"self":"https:\/\/telemme.mmsh.fr\/index.php?rest_route=\/tribe\/events\/v1\/tags\/1836","collection":"https:\/\/telemme.mmsh.fr\/index.php?rest_route=\/tribe\/events\/v1\/tags"}}],"venue":{"id":3497,"author":"6","status":"publish","date":"2021-01-21 16:40:33","date_utc":"2021-01-21 15:40:33","modified":"2021-09-24 16:02:36","modified_utc":"2021-09-24 14:02:36","url":"https:\/\/telemme.mmsh.fr\/?tribe_venue=salle-duby","venue":"Salle Georges Duby &#8211; MMSH, Aix-en-Provence","slug":"salle-duby","address":"MMSH, 5 rue du Ch\u00e2teau de l'Horloge","city":"Aix-en-Provence","country":"France","zip":"13090","json_ld":{"@type":"Place","name":"Salle Georges Duby &#8211; MMSH, Aix-en-Provence","description":"","url":"","address":{"@type":"PostalAddress","streetAddress":"MMSH, 5 rue du Ch\u00e2teau de l&#039;Horloge","addressLocality":"Aix-en-Provence","postalCode":"13090","addressCountry":"France"},"telephone":"","sameAs":""},"show_map":true,"show_map_link":true,"global_id":"telemme.mmsh.fr?id=3497","global_id_lineage":["telemme.mmsh.fr?id=3497"]},"organizer":[{"id":7149,"author":"7","status":"publish","date":"2021-04-16 12:31:46","date_utc":"2021-04-16 10:31:46","modified":"2021-07-15 16:41:30","modified_utc":"2021-07-15 14:41:30","url":"https:\/\/telemme.mmsh.fr\/?tribe_organizer=isabelle-renaudet","organizer":"Isabelle Renaudet","slug":"isabelle-renaudet","website":"https:\/\/telemme.mmsh.fr\/?membres=isabelle-renaudet","json_ld":{"@type":"Person","name":"Isabelle Renaudet","description":"","url":"https:\/\/telemme.mmsh.fr\/?membres=isabelle-renaudet","telephone":"","email":"","sameAs":"https:\/\/telemme.mmsh.fr\/?membres=isabelle-renaudet"},"global_id":"telemme.mmsh.fr?id=7149","global_id_lineage":["telemme.mmsh.fr?id=7149"]}],"custom_fields":[],"json_ld":{"@context":"http:\/\/schema.org","@type":"Event","name":"Histoire imm\u00e9diate et raison d\u2019\u00c9tat","description":"&lt;p&gt;Consacr\u00e9 \u00e0 la pr\u00e9sentation de l\u2019ouvrage de Virginie Cerdeira, Histoire imm\u00e9diate et raison d\u2019\u00c9tat, le s\u00e9minaire abordera les pratiques d\u2019\u00e9criture mises \u00e0 l\u2019\u0153uvre dans les 25 volumes du Mercure Fran\u00e7ois&hellip;&nbsp;&lt;a href=&quot;https:\/\/telemme.mmsh.fr\/?tribe_events=seminaire-du-groupe-facons-detre-6&quot; rel=&quot;bookmark&quot;&gt;Lire la suite &raquo;&lt;span class=&quot;screen-reader-text&quot;&gt;Histoire imm\u00e9diate et raison d\u2019\u00c9tat&lt;\/span&gt;&lt;\/a&gt;&lt;\/p&gt;\\n","image":"https:\/\/telemme.mmsh.fr\/wp-content\/uploads\/2021\/01\/Courbet-autoportait_light2.jpg","url":"https:\/\/telemme.mmsh.fr\/?tribe_events=seminaire-du-groupe-facons-detre-6","eventAttendanceMode":"https:\/\/schema.org\/OfflineEventAttendanceMode","eventStatus":"https:\/\/schema.org\/EventScheduled","startDate":"2022-05-18T09:30:00+02:00","endDate":"2022-05-18T12:00:00+02:00","location":{"@type":"Place","name":"Salle Georges Duby &#8211; MMSH, Aix-en-Provence","description":"","url":"","address":{"@type":"PostalAddress","streetAddress":"MMSH, 5 rue du Ch\u00e2teau de l&#039;Horloge","addressLocality":"Aix-en-Provence","postalCode":"13090","addressCountry":"France"},"telephone":"","sameAs":""},"organizer":{"@type":"Person","name":"Isabelle Renaudet","description":"","url":"https:\/\/telemme.mmsh.fr\/?membres=isabelle-renaudet","telephone":"","email":"","sameAs":"https:\/\/telemme.mmsh.fr\/?membres=isabelle-renaudet"},"performer":"Organization"}}