{"id":9011,"global_id":"telemme.mmsh.fr?id=9011","global_id_lineage":["telemme.mmsh.fr?id=9011"],"author":"6","status":"publish","date":"2021-07-15 16:54:01","date_utc":"2021-07-15 14:54:01","modified":"2022-02-03 17:43:26","modified_utc":"2022-02-03 16:43:26","url":"https:\/\/telemme.mmsh.fr\/?tribe_events=seminaire-du-groupe-facons-detre-5","rest_url":"https:\/\/telemme.mmsh.fr\/index.php?rest_route=\/tribe\/events\/v1\/events\/9011","title":"Penser et juger la haine","description":"<p>Cinqui\u00e8me s\u00e9ance du s\u00e9minaire du groupe <a href=\"https:\/\/telemme.mmsh.fr\/?axe_groupe=2018-2023-1-3-facons-detre\"><em>Fa\u00e7ons d&rsquo;\u00eatre<\/em><\/a> pour l&rsquo;ann\u00e9e 2021-2022.<\/p>\n<h2><strong>Penser et juger la haine<\/strong><\/h2>\n<p>Cette s\u00e9ance est consacr\u00e9e \u00e0 la th\u00e9orie et \u00e0 la pratique de la haine, telle qu\u2019elle est jug\u00e9e dans les proc\u00e8s pour \u00ab\u00a0paroles injurieuses\u00a0\u00bb \u00e0 Bologne au XIV<sup>e<\/sup> si\u00e8cle et telle qu\u2019elle est pens\u00e9e comme passion en France au XVII<sup>e<\/sup> si\u00e8cle. Ce sera aussi l\u2019occasion pour nos deux invit\u00e9s d\u2019exposer la singularit\u00e9 de leur m\u00e9thode pour explorer l\u2019histoire culturelle et sociale d\u2019une \u00e9motion.<\/p>\n<p><a href=\"https:\/\/telemme.mmsh.fr\/?evenement=penser-et-juger-la-haine\"><strong>Programme d\u00e9taill\u00e9<\/strong><\/a><\/p>","excerpt":"","slug":"seminaire-du-groupe-facons-detre-5","image":{"url":"https:\/\/telemme.mmsh.fr\/wp-content\/uploads\/2021\/01\/Courbet-autoportait_light2.jpg","id":3657,"extension":"jpg","width":300,"height":359,"sizes":{"medium":{"width":251,"height":300,"mime-type":"image\/jpeg","url":"https:\/\/telemme.mmsh.fr\/wp-content\/uploads\/2021\/01\/Courbet-autoportait_light2-251x300.jpg"},"thumbnail":{"width":150,"height":150,"mime-type":"image\/jpeg","url":"https:\/\/telemme.mmsh.fr\/wp-content\/uploads\/2021\/01\/Courbet-autoportait_light2-150x150.jpg"},"better-amp-small":{"width":100,"height":100,"mime-type":"image\/jpeg","url":"https:\/\/telemme.mmsh.fr\/wp-content\/uploads\/2021\/01\/Courbet-autoportait_light2-100x100.jpg"},"better-amp-normal":{"width":260,"height":200,"mime-type":"image\/jpeg","url":"https:\/\/telemme.mmsh.fr\/wp-content\/uploads\/2021\/01\/Courbet-autoportait_light2-260x200.jpg"},"better-amp-large":{"width":300,"height":300,"mime-type":"image\/jpeg","url":"https:\/\/telemme.mmsh.fr\/wp-content\/uploads\/2021\/01\/Courbet-autoportait_light2-300x300.jpg"},"sow-carousel-default":{"width":272,"height":182,"mime-type":"image\/jpeg","url":"https:\/\/telemme.mmsh.fr\/wp-content\/uploads\/2021\/01\/Courbet-autoportait_light2-272x182.jpg"}}},"all_day":false,"start_date":"2022-02-23 09:30:00","start_date_details":{"year":"2022","month":"02","day":"23","hour":"09","minutes":"30","seconds":"00"},"end_date":"2022-02-23 12:00:00","end_date_details":{"year":"2022","month":"02","day":"23","hour":"12","minutes":"00","seconds":"00"},"utc_start_date":"2022-02-23 08:30:00","utc_start_date_details":{"year":"2022","month":"02","day":"23","hour":"08","minutes":"30","seconds":"00"},"utc_end_date":"2022-02-23 11:00:00","utc_end_date_details":{"year":"2022","month":"02","day":"23","hour":"11","minutes":"00","seconds":"00"},"timezone":"Europe\/Paris","timezone_abbr":"CET","cost":"","cost_details":{"currency_symbol":"","currency_code":"","currency_position":"prefix","values":[]},"website":"","show_map":true,"show_map_link":true,"hide_from_listings":false,"sticky":false,"featured":false,"categories":[{"name":"S\u00e9minaire","slug":"seminaire","term_group":0,"term_taxonomy_id":1831,"taxonomy":"tribe_events_cat","description":"","parent":0,"count":140,"filter":"raw","id":1831,"urls":{"self":"https:\/\/telemme.mmsh.fr\/index.php?rest_route=\/tribe\/events\/v1\/categories\/1831","collection":"https:\/\/telemme.mmsh.fr\/index.php?rest_route=\/tribe\/events\/v1\/categories"}}],"tags":[{"name":"1.3 \u2013 Fa\u00e7ons d\u2019\u00eatre","slug":"1-3-facons-detre","term_group":0,"term_taxonomy_id":1836,"taxonomy":"post_tag","description":"","parent":0,"count":17,"filter":"raw","id":1836,"urls":{"self":"https:\/\/telemme.mmsh.fr\/index.php?rest_route=\/tribe\/events\/v1\/tags\/1836","collection":"https:\/\/telemme.mmsh.fr\/index.php?rest_route=\/tribe\/events\/v1\/tags"}}],"venue":{"id":3550,"author":"6","status":"publish","date":"2021-01-22 10:21:34","date_utc":"2021-01-22 09:21:34","modified":"2022-02-16 16:11:43","modified_utc":"2022-02-16 15:11:43","url":"https:\/\/telemme.mmsh.fr\/?tribe_venue=salle-paul-albert-fevrier","venue":"Salle Paul-Albert F\u00e9vrier, MMSH, Aix-en-Provence","slug":"salle-paul-albert-fevrier","address":"MMSH, 5 rue du Ch\u00e2teau de l'Horloge","city":"Aix-en-Provence","country":"France","zip":"13090","json_ld":{"@type":"Place","name":"Salle Paul-Albert F\u00e9vrier, MMSH, Aix-en-Provence","description":"","url":"","address":{"@type":"PostalAddress","streetAddress":"MMSH, 5 rue du Ch\u00e2teau de l&#039;Horloge","addressLocality":"Aix-en-Provence","postalCode":"13090","addressCountry":"France"},"telephone":"","sameAs":""},"show_map":true,"show_map_link":true,"global_id":"telemme.mmsh.fr?id=3550","global_id_lineage":["telemme.mmsh.fr?id=3550"]},"organizer":[{"id":7149,"author":"7","status":"publish","date":"2021-04-16 12:31:46","date_utc":"2021-04-16 10:31:46","modified":"2021-07-15 16:41:30","modified_utc":"2021-07-15 14:41:30","url":"https:\/\/telemme.mmsh.fr\/?tribe_organizer=isabelle-renaudet","organizer":"Isabelle Renaudet","slug":"isabelle-renaudet","website":"https:\/\/telemme.mmsh.fr\/?membres=isabelle-renaudet","json_ld":{"@type":"Person","name":"Isabelle Renaudet","description":"","url":"https:\/\/telemme.mmsh.fr\/?membres=isabelle-renaudet","telephone":"","email":"","sameAs":"https:\/\/telemme.mmsh.fr\/?membres=isabelle-renaudet"},"global_id":"telemme.mmsh.fr?id=7149","global_id_lineage":["telemme.mmsh.fr?id=7149"]},{"id":7084,"author":"7","status":"publish","date":"2021-04-16 10:30:21","date_utc":"2021-04-16 08:30:21","modified":"2021-04-16 10:30:21","modified_utc":"2021-04-16 08:30:21","url":"https:\/\/telemme.mmsh.fr\/?tribe_organizer=damien-boquet","organizer":"Damien Boquet","slug":"damien-boquet","json_ld":{"@type":"Person","name":"Damien Boquet","description":"","url":"","telephone":"","email":"","sameAs":""},"global_id":"telemme.mmsh.fr?id=7084","global_id_lineage":["telemme.mmsh.fr?id=7084"]}],"custom_fields":[],"json_ld":{"@context":"http:\/\/schema.org","@type":"Event","name":"Penser et juger la haine","description":"&lt;p&gt;Cinqui\u00e8me s\u00e9ance du s\u00e9minaire du groupe Fa\u00e7ons d\\'\u00eatre pour l\\'ann\u00e9e 2021-2022. Penser et juger la haine Cette s\u00e9ance est consacr\u00e9e \u00e0 la th\u00e9orie et \u00e0 la pratique de la haine,&hellip;&nbsp;&lt;a href=&quot;https:\/\/telemme.mmsh.fr\/?tribe_events=seminaire-du-groupe-facons-detre-5&quot; rel=&quot;bookmark&quot;&gt;Lire la suite &raquo;&lt;span class=&quot;screen-reader-text&quot;&gt;Penser et juger la haine&lt;\/span&gt;&lt;\/a&gt;&lt;\/p&gt;\\n","image":"https:\/\/telemme.mmsh.fr\/wp-content\/uploads\/2021\/01\/Courbet-autoportait_light2.jpg","url":"https:\/\/telemme.mmsh.fr\/?tribe_events=seminaire-du-groupe-facons-detre-5","eventAttendanceMode":"https:\/\/schema.org\/OfflineEventAttendanceMode","eventStatus":"https:\/\/schema.org\/EventScheduled","startDate":"2022-02-23T09:30:00+01:00","endDate":"2022-02-23T12:00:00+01:00","location":{"@type":"Place","name":"Salle Paul-Albert F\u00e9vrier, MMSH, Aix-en-Provence","description":"","url":"","address":{"@type":"PostalAddress","streetAddress":"MMSH, 5 rue du Ch\u00e2teau de l&#039;Horloge","addressLocality":"Aix-en-Provence","postalCode":"13090","addressCountry":"France"},"telephone":"","sameAs":""},"organizer":{"@type":"Person","name":"Isabelle Renaudet","description":"","url":"https:\/\/telemme.mmsh.fr\/?membres=isabelle-renaudet","telephone":"","email":"","sameAs":"https:\/\/telemme.mmsh.fr\/?membres=isabelle-renaudet"},"performer":"Organization"}}