{"id":9001,"global_id":"telemme.mmsh.fr?id=9001","global_id_lineage":["telemme.mmsh.fr?id=9001"],"author":"6","status":"publish","date":"2021-07-15 16:43:07","date_utc":"2021-07-15 14:43:07","modified":"2021-10-06 11:06:25","modified_utc":"2021-10-06 09:06:25","url":"https:\/\/telemme.mmsh.fr\/?tribe_events=seminaire-du-groupe-facons-detre","rest_url":"https:\/\/telemme.mmsh.fr\/index.php?rest_route=\/tribe\/events\/v1\/events\/9001","title":"S\u00e9minaire de rentr\u00e9e du groupe Fa\u00e7ons d&rsquo;\u00eatre","description":"<p>&nbsp;<\/p>\r\n\r\n<p>Le s\u00e9minaire sera consacr\u00e9 \u00e0 la pr\u00e9sentation d\u2019un projet de recherche port\u00e9 par Bruno Bertherat et Isabelle Renaudet sur les morts de la Retirada. Envisag\u00e9 dans le cadre d\u2019une histoire de la mort, attentive au traitement mat\u00e9riel et symbolique du cadavre, la communication montrera l\u2019int\u00e9r\u00eat d\u2019aborder ce sujet dans la longue dur\u00e9e, seule en mesure de rendre compte de la vie posthume des morts et de l\u2019entrecroisement des temporalit\u00e9s.<\/p>\r\n<p>Les participant.e.s devront se munir de leur passe sanitaire afin de respecter les consignes sanitaires en vigueur au sein de la MMSH.<\/p>\r\n<p><a href=\"https:\/\/telemme.mmsh.fr\/?evenement=seminaire-de-rentree-du-groupe-facons-detre\"><strong>Programme complet<\/strong><\/a><\/p>","excerpt":"","slug":"seminaire-du-groupe-facons-detre","image":{"url":"https:\/\/telemme.mmsh.fr\/wp-content\/uploads\/2021\/01\/Courbet-autoportait_light2.jpg","id":3657,"extension":"jpg","width":300,"height":359,"sizes":{"medium":{"width":251,"height":300,"mime-type":"image\/jpeg","url":"https:\/\/telemme.mmsh.fr\/wp-content\/uploads\/2021\/01\/Courbet-autoportait_light2-251x300.jpg"},"thumbnail":{"width":150,"height":150,"mime-type":"image\/jpeg","url":"https:\/\/telemme.mmsh.fr\/wp-content\/uploads\/2021\/01\/Courbet-autoportait_light2-150x150.jpg"},"better-amp-small":{"width":100,"height":100,"mime-type":"image\/jpeg","url":"https:\/\/telemme.mmsh.fr\/wp-content\/uploads\/2021\/01\/Courbet-autoportait_light2-100x100.jpg"},"better-amp-normal":{"width":260,"height":200,"mime-type":"image\/jpeg","url":"https:\/\/telemme.mmsh.fr\/wp-content\/uploads\/2021\/01\/Courbet-autoportait_light2-260x200.jpg"},"better-amp-large":{"width":300,"height":300,"mime-type":"image\/jpeg","url":"https:\/\/telemme.mmsh.fr\/wp-content\/uploads\/2021\/01\/Courbet-autoportait_light2-300x300.jpg"},"sow-carousel-default":{"width":272,"height":182,"mime-type":"image\/jpeg","url":"https:\/\/telemme.mmsh.fr\/wp-content\/uploads\/2021\/01\/Courbet-autoportait_light2-272x182.jpg"}}},"all_day":false,"start_date":"2021-10-13 10:00:00","start_date_details":{"year":"2021","month":"10","day":"13","hour":"10","minutes":"00","seconds":"00"},"end_date":"2021-10-13 12:00:00","end_date_details":{"year":"2021","month":"10","day":"13","hour":"12","minutes":"00","seconds":"00"},"utc_start_date":"2021-10-13 08:00:00","utc_start_date_details":{"year":"2021","month":"10","day":"13","hour":"08","minutes":"00","seconds":"00"},"utc_end_date":"2021-10-13 10:00:00","utc_end_date_details":{"year":"2021","month":"10","day":"13","hour":"10","minutes":"00","seconds":"00"},"timezone":"Europe\/Paris","timezone_abbr":"CEST","cost":"","cost_details":{"currency_symbol":"","currency_code":"","currency_position":"prefix","values":[]},"website":"","show_map":true,"show_map_link":true,"hide_from_listings":false,"sticky":false,"featured":false,"categories":[{"name":"S\u00e9minaire","slug":"seminaire","term_group":0,"term_taxonomy_id":1831,"taxonomy":"tribe_events_cat","description":"","parent":0,"count":140,"filter":"raw","id":1831,"urls":{"self":"https:\/\/telemme.mmsh.fr\/index.php?rest_route=\/tribe\/events\/v1\/categories\/1831","collection":"https:\/\/telemme.mmsh.fr\/index.php?rest_route=\/tribe\/events\/v1\/categories"}}],"tags":[{"name":"1.3 \u2013 Fa\u00e7ons d\u2019\u00eatre","slug":"1-3-facons-detre","term_group":0,"term_taxonomy_id":1836,"taxonomy":"post_tag","description":"","parent":0,"count":17,"filter":"raw","id":1836,"urls":{"self":"https:\/\/telemme.mmsh.fr\/index.php?rest_route=\/tribe\/events\/v1\/tags\/1836","collection":"https:\/\/telemme.mmsh.fr\/index.php?rest_route=\/tribe\/events\/v1\/tags"}}],"venue":{"id":3550,"author":"6","status":"publish","date":"2021-01-22 10:21:34","date_utc":"2021-01-22 09:21:34","modified":"2022-02-16 16:11:43","modified_utc":"2022-02-16 15:11:43","url":"https:\/\/telemme.mmsh.fr\/?tribe_venue=salle-paul-albert-fevrier","venue":"Salle Paul-Albert F\u00e9vrier, MMSH, Aix-en-Provence","slug":"salle-paul-albert-fevrier","address":"MMSH, 5 rue du Ch\u00e2teau de l'Horloge","city":"Aix-en-Provence","country":"France","zip":"13090","json_ld":{"@type":"Place","name":"Salle Paul-Albert F\u00e9vrier, MMSH, Aix-en-Provence","description":"","url":"","address":{"@type":"PostalAddress","streetAddress":"MMSH, 5 rue du Ch\u00e2teau de l&#039;Horloge","addressLocality":"Aix-en-Provence","postalCode":"13090","addressCountry":"France"},"telephone":"","sameAs":""},"show_map":true,"show_map_link":true,"global_id":"telemme.mmsh.fr?id=3550","global_id_lineage":["telemme.mmsh.fr?id=3550"]},"organizer":[{"id":7149,"author":"7","status":"publish","date":"2021-04-16 12:31:46","date_utc":"2021-04-16 10:31:46","modified":"2021-07-15 16:41:30","modified_utc":"2021-07-15 14:41:30","url":"https:\/\/telemme.mmsh.fr\/?tribe_organizer=isabelle-renaudet","organizer":"Isabelle Renaudet","slug":"isabelle-renaudet","website":"https:\/\/telemme.mmsh.fr\/?membres=isabelle-renaudet","json_ld":{"@type":"Person","name":"Isabelle Renaudet","description":"","url":"https:\/\/telemme.mmsh.fr\/?membres=isabelle-renaudet","telephone":"","email":"","sameAs":"https:\/\/telemme.mmsh.fr\/?membres=isabelle-renaudet"},"global_id":"telemme.mmsh.fr?id=7149","global_id_lineage":["telemme.mmsh.fr?id=7149"]}],"custom_fields":[],"json_ld":{"@context":"http:\/\/schema.org","@type":"Event","name":"S\u00e9minaire de rentr\u00e9e du groupe Fa\u00e7ons d&rsquo;\u00eatre","description":"&lt;p&gt;&nbsp; Le s\u00e9minaire sera consacr\u00e9 \u00e0 la pr\u00e9sentation d\u2019un projet de recherche port\u00e9 par Bruno Bertherat et Isabelle Renaudet sur les morts de la Retirada. Envisag\u00e9 dans le cadre d\u2019une&hellip;&nbsp;&lt;a href=&quot;https:\/\/telemme.mmsh.fr\/?tribe_events=seminaire-du-groupe-facons-detre&quot; rel=&quot;bookmark&quot;&gt;Lire la suite &raquo;&lt;span class=&quot;screen-reader-text&quot;&gt;S\u00e9minaire de rentr\u00e9e du groupe Fa\u00e7ons d&rsquo;\u00eatre&lt;\/span&gt;&lt;\/a&gt;&lt;\/p&gt;\\n","image":"https:\/\/telemme.mmsh.fr\/wp-content\/uploads\/2021\/01\/Courbet-autoportait_light2.jpg","url":"https:\/\/telemme.mmsh.fr\/?tribe_events=seminaire-du-groupe-facons-detre","eventAttendanceMode":"https:\/\/schema.org\/OfflineEventAttendanceMode","eventStatus":"https:\/\/schema.org\/EventScheduled","startDate":"2021-10-13T10:00:00+02:00","endDate":"2021-10-13T12:00:00+02:00","location":{"@type":"Place","name":"Salle Paul-Albert F\u00e9vrier, MMSH, Aix-en-Provence","description":"","url":"","address":{"@type":"PostalAddress","streetAddress":"MMSH, 5 rue du Ch\u00e2teau de l&#039;Horloge","addressLocality":"Aix-en-Provence","postalCode":"13090","addressCountry":"France"},"telephone":"","sameAs":""},"organizer":{"@type":"Person","name":"Isabelle Renaudet","description":"","url":"https:\/\/telemme.mmsh.fr\/?membres=isabelle-renaudet","telephone":"","email":"","sameAs":"https:\/\/telemme.mmsh.fr\/?membres=isabelle-renaudet"},"performer":"Organization"}}