{"id":8477,"global_id":"telemme.mmsh.fr?id=8477","global_id_lineage":["telemme.mmsh.fr?id=8477"],"author":"6","status":"publish","date":"2021-06-25 16:51:13","date_utc":"2021-06-25 14:51:13","modified":"2021-06-25 16:52:19","modified_utc":"2021-06-25 14:52:19","url":"https:\/\/telemme.mmsh.fr\/?tribe_events=corps-et-sexualites-de-femmes","rest_url":"https:\/\/telemme.mmsh.fr\/index.php?rest_route=\/tribe\/events\/v1\/events\/8477","title":"Corps et sexualit\u00e9s de femmes","description":"<p>Une journ\u00e9e d&rsquo;\u00e9tudes de GeFeM \/ GECRIS (TELEMMe) avec le Forum femmes M\u00e9diterran\u00e9e, dans le cadre du projet international \u00ab\u00a0Voix de femmes\u00a0\u00bb, Fondation Anna Lindh.<\/p>\n<p><a href=\"https:\/\/telemme.mmsh.fr\/?evenement=corps-et-sexualites-de-femmes\"><strong>Programme complet<\/strong><\/a><\/p>","excerpt":"","slug":"corps-et-sexualites-de-femmes","image":{"url":"https:\/\/telemme.mmsh.fr\/wp-content\/uploads\/2021\/01\/GRAVURE-FOND-VIOLET-light.jpg","id":3533,"extension":"jpg","width":300,"height":400,"sizes":{"medium":{"width":225,"height":300,"mime-type":"image\/jpeg","url":"https:\/\/telemme.mmsh.fr\/wp-content\/uploads\/2021\/01\/GRAVURE-FOND-VIOLET-light-225x300.jpg"},"thumbnail":{"width":150,"height":150,"mime-type":"image\/jpeg","url":"https:\/\/telemme.mmsh.fr\/wp-content\/uploads\/2021\/01\/GRAVURE-FOND-VIOLET-light-150x150.jpg"},"better-amp-small":{"width":100,"height":100,"mime-type":"image\/jpeg","url":"https:\/\/telemme.mmsh.fr\/wp-content\/uploads\/2021\/01\/GRAVURE-FOND-VIOLET-light-100x100.jpg"},"better-amp-normal":{"width":260,"height":200,"mime-type":"image\/jpeg","url":"https:\/\/telemme.mmsh.fr\/wp-content\/uploads\/2021\/01\/GRAVURE-FOND-VIOLET-light-260x200.jpg"},"better-amp-large":{"width":300,"height":300,"mime-type":"image\/jpeg","url":"https:\/\/telemme.mmsh.fr\/wp-content\/uploads\/2021\/01\/GRAVURE-FOND-VIOLET-light-300x300.jpg"},"sow-carousel-default":{"width":272,"height":182,"mime-type":"image\/jpeg","url":"https:\/\/telemme.mmsh.fr\/wp-content\/uploads\/2021\/01\/GRAVURE-FOND-VIOLET-light-272x182.jpg"}}},"all_day":false,"start_date":"2021-07-12 09:30:00","start_date_details":{"year":"2021","month":"07","day":"12","hour":"09","minutes":"30","seconds":"00"},"end_date":"2021-07-12 17:00:00","end_date_details":{"year":"2021","month":"07","day":"12","hour":"17","minutes":"00","seconds":"00"},"utc_start_date":"2021-07-12 07:30:00","utc_start_date_details":{"year":"2021","month":"07","day":"12","hour":"07","minutes":"30","seconds":"00"},"utc_end_date":"2021-07-12 15:00:00","utc_end_date_details":{"year":"2021","month":"07","day":"12","hour":"15","minutes":"00","seconds":"00"},"timezone":"Europe\/Paris","timezone_abbr":"CEST","cost":"","cost_details":{"currency_symbol":"","currency_code":"","currency_position":"prefix","values":[]},"website":"https:\/\/telemme.mmsh.fr\/?evenement=corps-et-sexualites-de-femmes","show_map":true,"show_map_link":true,"hide_from_listings":false,"sticky":false,"featured":false,"categories":[{"name":"Journ\u00e9e d'\u00e9tudes","slug":"journee-detudes","term_group":0,"term_taxonomy_id":1823,"taxonomy":"tribe_events_cat","description":"","parent":0,"count":84,"filter":"raw","id":1823,"urls":{"self":"https:\/\/telemme.mmsh.fr\/index.php?rest_route=\/tribe\/events\/v1\/categories\/1823","collection":"https:\/\/telemme.mmsh.fr\/index.php?rest_route=\/tribe\/events\/v1\/categories"}}],"tags":[],"venue":{"id":3550,"author":"6","status":"publish","date":"2021-01-22 10:21:34","date_utc":"2021-01-22 09:21:34","modified":"2022-02-16 16:11:43","modified_utc":"2022-02-16 15:11:43","url":"https:\/\/telemme.mmsh.fr\/?tribe_venue=salle-paul-albert-fevrier","venue":"Salle Paul-Albert F\u00e9vrier, MMSH, Aix-en-Provence","slug":"salle-paul-albert-fevrier","address":"MMSH, 5 rue du Ch\u00e2teau de l'Horloge","city":"Aix-en-Provence","country":"France","zip":"13090","json_ld":{"@type":"Place","name":"Salle Paul-Albert F\u00e9vrier, MMSH, Aix-en-Provence","description":"","url":"","address":{"@type":"PostalAddress","streetAddress":"MMSH, 5 rue du Ch\u00e2teau de l&#039;Horloge","addressLocality":"Aix-en-Provence","postalCode":"13090","addressCountry":"France"},"telephone":"","sameAs":""},"show_map":true,"show_map_link":true,"global_id":"telemme.mmsh.fr?id=3550","global_id_lineage":["telemme.mmsh.fr?id=3550"]},"organizer":[{"id":3551,"author":"6","status":"publish","date":"2021-01-22 10:21:34","date_utc":"2021-01-22 09:21:34","modified":"2021-06-25 16:48:53","modified_utc":"2021-06-25 14:48:53","url":"https:\/\/telemme.mmsh.fr\/?tribe_organizer=karine-lambert","organizer":"Karine Lambert","slug":"karine-lambert","website":"https:\/\/telemme.mmsh.fr\/?membres=karine-lambert","json_ld":{"@type":"Person","name":"Karine Lambert","description":"","url":"https:\/\/telemme.mmsh.fr\/?membres=karine-lambert","telephone":"","email":"","sameAs":"https:\/\/telemme.mmsh.fr\/?membres=karine-lambert"},"global_id":"telemme.mmsh.fr?id=3551","global_id_lineage":["telemme.mmsh.fr?id=3551"]}],"custom_fields":[],"json_ld":{"@context":"http:\/\/schema.org","@type":"Event","name":"Corps et sexualit\u00e9s de femmes","description":"&lt;p&gt;Une journ\u00e9e d\\'\u00e9tudes de GeFeM \/ GECRIS (TELEMMe) avec le Forum femmes M\u00e9diterran\u00e9e, dans le cadre du projet international &quot;Voix de femmes&quot;, Fondation Anna Lindh. Programme complet&lt;\/p&gt;\\n","image":"https:\/\/telemme.mmsh.fr\/wp-content\/uploads\/2021\/01\/GRAVURE-FOND-VIOLET-light.jpg","url":"https:\/\/telemme.mmsh.fr\/?tribe_events=corps-et-sexualites-de-femmes","eventAttendanceMode":"https:\/\/schema.org\/OfflineEventAttendanceMode","eventStatus":"https:\/\/schema.org\/EventScheduled","startDate":"2021-07-12T09:30:00+02:00","endDate":"2021-07-12T17:00:00+02:00","location":{"@type":"Place","name":"Salle Paul-Albert F\u00e9vrier, MMSH, Aix-en-Provence","description":"","url":"","address":{"@type":"PostalAddress","streetAddress":"MMSH, 5 rue du Ch\u00e2teau de l&#039;Horloge","addressLocality":"Aix-en-Provence","postalCode":"13090","addressCountry":"France"},"telephone":"","sameAs":""},"organizer":{"@type":"Person","name":"Karine Lambert","description":"","url":"https:\/\/telemme.mmsh.fr\/?membres=karine-lambert","telephone":"","email":"","sameAs":"https:\/\/telemme.mmsh.fr\/?membres=karine-lambert"},"performer":"Organization"}}