{"id":16665,"global_id":"telemme.mmsh.fr?id=16665","global_id_lineage":["telemme.mmsh.fr?id=16665"],"author":"6","status":"publish","date":"2026-03-09 11:55:04","date_utc":"2026-03-09 10:55:04","modified":"2026-03-09 11:57:30","modified_utc":"2026-03-09 10:57:30","url":"https:\/\/telemme.mmsh.fr\/?tribe_events=le-futur-de-resaw-interlude-de-reflexion-collective","rest_url":"https:\/\/telemme.mmsh.fr\/index.php?rest_route=\/tribe\/events\/v1\/events\/16665","title":"Le futur de RESAW : interlude de r\u00e9flexion collective","description":"<p><strong>Le futur de RESAW : interlude de r\u00e9flexion collective 12 et 13 mars 2026<\/strong><\/p>\n<p>Le laboratoire <a href=\"https:\/\/telemme.mmsh.fr\/?page_id=6206\">TELEMMe<\/a> et le <a href=\"https:\/\/pba.mmsh.fr\/?page_id=1465\">WebLab<\/a> auront le plaisir d\u2019accueillir les 12 et 13 mars 2026 le Board de <a href=\"https:\/\/cc.au.dk\/en\/resaw\">RESAW <\/a>pour un interlude, prenant place entre la derni\u00e8re conf\u00e9rence de Siegen (Allemagne) de 2025, et celle qui aura prochainement lieu en 2027 \u00e0 Groningen (Pays Bas).<\/p>\n<p><a href=\"https:\/\/cc.au.dk\/en\/resaw\">RESAW<\/a>, tenant son nom de Research Infrastructure for the Study of Archived Web Materials (Infrastructure de Recherche sur l\u2019Etude des Mat\u00e9riels du Web Archiv\u00e9) a \u00e9t\u00e9 \u00e9tabli en 2012 par Niels Br\u00fcgger, afin de promouvoir une recherche europ\u00e9enne collaborative sur les archives du web. Le Board de RESAW rassemble les organisateurs des conf\u00e9rences depuis leur lancement en 2015.<\/p>\n<p>L\u2019interlude aura lieu le jeudi 12 et le vendredi 13, en format hybride. Sur place, en salle Seurat \u00e0 la <a href=\"https:\/\/mediatec.hypotheses.org\/\">m\u00e9diath\u00e8que de la MMSH<\/a> seront pr\u00e9sents Niels Br\u00fcgger, professeur \u00e0 l\u2019universit\u00e9 d\u2019Aarhus, et Susan Aasman, professeure \u00e0 l\u2019universit\u00e9 de Groningen. Le reste des membres du Board, Val\u00e9rie Schafer (Universit\u00e9 du Luxembourg),\u00a0Jane Winters (University of London), Anne Helmond (Utrecht University) et Sebastien Giessman (University of Siegen)\u00a0participeront \u00e0 l\u2019interlude en visioconf\u00e9rence. Durant deux journ\u00e9es d\u2019atelier, il s\u2019agira de dresser le bilan des nombreuses actions men\u00e9es par le collectif RESAW depuis sa cr\u00e9ation, et d\u2019\u00e9tablir ensemble les priorit\u00e9s et les actions \u00e0 mettre en place selon une vis\u00e9e prospective, en prenant en consid\u00e9ration les bouleversements qui agitent le domaine de l\u2019archivage du web. Cette r\u00e9flexion collective donnera lieu \u00e0 la r\u00e9daction d\u2019un texte programmatique qui sera propos\u00e9 pour publication au comit\u00e9 \u00e9ditorial de la revue <em>Internet Histories: Digital Technology, Culture and Society<\/em>. L\u2019interlude permettra donc au Board d\u2019aborder des questions essentielles \u00e0 un moment charni\u00e8re entre les deux conf\u00e9rences bi-annuelles de 2025 et 2027.<\/p>\n<p>En 2023, la conf\u00e9rence bi-annuelle de la communaut\u00e9 s\u2019est d\u00e9roul\u00e9e \u00e0 Aix-en-Provence, gr\u00e2ce \u00e0 l\u2019organisation et l\u2019implication de Sophie Gebeil et Jean-Christophe Peyssard. Intitul\u00e9e <a href=\"https:\/\/resaw2023.sciencesconf.org\/\">https:\/\/resaw2023.sciencesconf.org\/<\/a>, cet \u00e9v\u00e9nement a conduit ses organisateurs\u00a0 \u00e0 fonder le WebLab la m\u00eame ann\u00e9e, afin de poursuivre la r\u00e9flexion sur l\u2019usage de l\u2019archivage du web en SHS depuis la MMSH dans<\/p>\n<p>L\u2019interlude est organis\u00e9 par Sophie Gebeil et Meriem Bataoui du laboratoire <a href=\"https:\/\/telemme.mmsh.fr\/?page_id=6206\">TELEMMe<\/a>, dans le cadre de la Chaire IUF \u201c<a href=\"https:\/\/www.iufrance.fr\/les-membres-de-liuf\/membre\/2610-sophie-gebeil.html\">L\u2019archivage du Web comme d\u00e9fi historiographique : entre fragmentation et m\u00e9diation<\/a>\u201d. Il b\u00e9n\u00e9ficie du soutien de Jean-Christophe Peyssard, responsable de la m\u00e9diath\u00e8que de la MMSH et co-cr\u00e9ateur du WebLab.<\/p>\n<p><strong>Les s\u00e9ances de travail de l&rsquo;interlude sont r\u00e9serv\u00e9es au board, mais vous \u00eates cordialement invit\u00e9\u00b7es aux pauses si vous souhaitez \u00e9changer avec ses membres.<\/strong><\/p>","excerpt":"","slug":"le-futur-de-resaw-interlude-de-reflexion-collective","image":{"url":"https:\/\/telemme.mmsh.fr\/wp-content\/uploads\/2020\/12\/mmsh-pict1.jpg","id":2247,"extension":"jpg","width":1200,"height":675,"sizes":{"medium":{"width":300,"height":169,"mime-type":"image\/jpeg","url":"https:\/\/telemme.mmsh.fr\/wp-content\/uploads\/2020\/12\/mmsh-pict1-300x169.jpg"},"large":{"width":1024,"height":576,"mime-type":"image\/jpeg","url":"https:\/\/telemme.mmsh.fr\/wp-content\/uploads\/2020\/12\/mmsh-pict1-1024x576.jpg"},"thumbnail":{"width":150,"height":150,"mime-type":"image\/jpeg","url":"https:\/\/telemme.mmsh.fr\/wp-content\/uploads\/2020\/12\/mmsh-pict1-150x150.jpg"},"medium_large":{"width":768,"height":432,"mime-type":"image\/jpeg","url":"https:\/\/telemme.mmsh.fr\/wp-content\/uploads\/2020\/12\/mmsh-pict1-768x432.jpg"},"better-amp-small":{"width":100,"height":100,"mime-type":"image\/jpeg","url":"https:\/\/telemme.mmsh.fr\/wp-content\/uploads\/2020\/12\/mmsh-pict1-100x100.jpg"},"better-amp-normal":{"width":260,"height":200,"mime-type":"image\/jpeg","url":"https:\/\/telemme.mmsh.fr\/wp-content\/uploads\/2020\/12\/mmsh-pict1-260x200.jpg"},"better-amp-large":{"width":450,"height":300,"mime-type":"image\/jpeg","url":"https:\/\/telemme.mmsh.fr\/wp-content\/uploads\/2020\/12\/mmsh-pict1-450x300.jpg"},"neve-blog":{"width":930,"height":620,"mime-type":"image\/jpeg","url":"https:\/\/telemme.mmsh.fr\/wp-content\/uploads\/2020\/12\/mmsh-pict1-930x620.jpg"},"sow-carousel-default":{"width":272,"height":182,"mime-type":"image\/jpeg","url":"https:\/\/telemme.mmsh.fr\/wp-content\/uploads\/2020\/12\/mmsh-pict1-272x182.jpg"}}},"all_day":false,"start_date":"2026-03-12 13:30:00","start_date_details":{"year":"2026","month":"03","day":"12","hour":"13","minutes":"30","seconds":"00"},"end_date":"2026-03-13 13:00:00","end_date_details":{"year":"2026","month":"03","day":"13","hour":"13","minutes":"00","seconds":"00"},"utc_start_date":"2026-03-12 12:30:00","utc_start_date_details":{"year":"2026","month":"03","day":"12","hour":"12","minutes":"30","seconds":"00"},"utc_end_date":"2026-03-13 12:00:00","utc_end_date_details":{"year":"2026","month":"03","day":"13","hour":"12","minutes":"00","seconds":"00"},"timezone":"Europe\/Paris","timezone_abbr":"CET","cost":"","cost_details":{"currency_symbol":"\u20ac","currency_code":"USD","currency_position":"suffix","values":[]},"website":"","show_map":true,"show_map_link":true,"hide_from_listings":false,"sticky":false,"featured":false,"categories":[{"name":"Atelier","slug":"atelier","term_group":0,"term_taxonomy_id":1949,"taxonomy":"tribe_events_cat","description":"","parent":0,"count":20,"filter":"raw","id":1949,"urls":{"self":"https:\/\/telemme.mmsh.fr\/index.php?rest_route=\/tribe\/events\/v1\/categories\/1949","collection":"https:\/\/telemme.mmsh.fr\/index.php?rest_route=\/tribe\/events\/v1\/categories"}}],"tags":[{"name":"RESAW","slug":"resaw","term_group":0,"term_taxonomy_id":2620,"taxonomy":"post_tag","description":"","parent":0,"count":2,"filter":"raw","id":2620,"urls":{"self":"https:\/\/telemme.mmsh.fr\/index.php?rest_route=\/tribe\/events\/v1\/tags\/2620","collection":"https:\/\/telemme.mmsh.fr\/index.php?rest_route=\/tribe\/events\/v1\/tags"}},{"name":"weblab","slug":"weblab","term_group":0,"term_taxonomy_id":3001,"taxonomy":"post_tag","description":"","parent":0,"count":7,"filter":"raw","id":3001,"urls":{"self":"https:\/\/telemme.mmsh.fr\/index.php?rest_route=\/tribe\/events\/v1\/tags\/3001","collection":"https:\/\/telemme.mmsh.fr\/index.php?rest_route=\/tribe\/events\/v1\/tags"}}],"venue":{"id":10707,"author":"6","status":"publish","date":"2022-03-03 11:14:07","date_utc":"2022-03-03 10:14:07","modified":"2025-11-17 16:20:59","modified_utc":"2025-11-17 15:20:59","url":"https:\/\/telemme.mmsh.fr\/?tribe_venue=salle-seurat-mediatheque-de-la-mmsh-aix-en-provence","venue":"Salle Seurat, m\u00e9diath\u00e8que de la MMSH, Aix-en-Provence","slug":"salle-seurat-mediatheque-de-la-mmsh-aix-en-provence","address":"MMSH, 5 rue du Ch\u00e2teau de l'Horloge","city":"Aix-en-Provence","country":"France","zip":"13090","json_ld":{"@type":"Place","name":"Salle Seurat, m\u00e9diath\u00e8que de la MMSH, Aix-en-Provence","description":"","url":"","address":{"@type":"PostalAddress","streetAddress":"MMSH, 5 rue du Ch\u00e2teau de l&#039;Horloge","addressLocality":"Aix-en-Provence","postalCode":"13090","addressCountry":"France"},"telephone":"","sameAs":""},"show_map":true,"show_map_link":true,"global_id":"telemme.mmsh.fr?id=10707","global_id_lineage":["telemme.mmsh.fr?id=10707"]},"organizer":[{"id":3501,"author":"6","status":"publish","date":"2021-01-21 16:50:50","date_utc":"2021-01-21 15:50:50","modified":"2021-01-21 16:50:50","modified_utc":"2021-01-21 15:50:50","url":"https:\/\/telemme.mmsh.fr\/?tribe_organizer=sophie-gebeil","organizer":"Sophie Gebeil","slug":"sophie-gebeil","website":"telemme.mmsh.univ-aix.fr\/membres\/sophie-gebeil\/","json_ld":{"@type":"Person","name":"Sophie Gebeil","description":"","url":"http:\/\/telemme.mmsh.univ-aix.fr\/membres\/sophie-gebeil\/","telephone":"","email":"","sameAs":"http:\/\/telemme.mmsh.univ-aix.fr\/membres\/sophie-gebeil\/"},"global_id":"telemme.mmsh.fr?id=3501","global_id_lineage":["telemme.mmsh.fr?id=3501"]},{"id":16667,"author":"6","status":"publish","date":"2026-03-09 11:55:04","date_utc":"2026-03-09 10:55:04","modified":"2026-03-09 11:55:04","modified_utc":"2026-03-09 10:55:04","url":"https:\/\/telemme.mmsh.fr\/?tribe_organizer=meriem-bataoui","organizer":"Meriem Bataoui","slug":"meriem-bataoui","website":"https:\/\/telemme.mmsh.fr\/?membres_equipe=bataoui-meriem","json_ld":{"@type":"Person","name":"Meriem Bataoui","description":"","url":"https:\/\/telemme.mmsh.fr\/?membres_equipe=bataoui-meriem","telephone":"","email":"","sameAs":"https:\/\/telemme.mmsh.fr\/?membres_equipe=bataoui-meriem"},"global_id":"telemme.mmsh.fr?id=16667","global_id_lineage":["telemme.mmsh.fr?id=16667"]}],"custom_fields":[],"json_ld":{"@context":"http:\/\/schema.org","@type":"Event","name":"Le futur de RESAW : interlude de r\u00e9flexion collective","description":"&lt;p&gt;Le futur de RESAW : interlude de r\u00e9flexion collective 12 et 13 mars 2026 Le laboratoire TELEMMe et le WebLab auront le plaisir d\u2019accueillir les 12 et 13 mars 2026&hellip;&nbsp;&lt;a href=&quot;https:\/\/telemme.mmsh.fr\/?tribe_events=le-futur-de-resaw-interlude-de-reflexion-collective&quot; rel=&quot;bookmark&quot;&gt;Lire la suite &raquo;&lt;span class=&quot;screen-reader-text&quot;&gt;Le futur de RESAW : interlude de r\u00e9flexion collective&lt;\/span&gt;&lt;\/a&gt;&lt;\/p&gt;\\n","image":"https:\/\/telemme.mmsh.fr\/wp-content\/uploads\/2020\/12\/mmsh-pict1.jpg","url":"https:\/\/telemme.mmsh.fr\/?tribe_events=le-futur-de-resaw-interlude-de-reflexion-collective","eventAttendanceMode":"https:\/\/schema.org\/OfflineEventAttendanceMode","eventStatus":"https:\/\/schema.org\/EventScheduled","startDate":"2026-03-12T13:30:00+01:00","endDate":"2026-03-13T13:00:00+01:00","location":{"@type":"Place","name":"Salle Seurat, m\u00e9diath\u00e8que de la MMSH, Aix-en-Provence","description":"","url":"","address":{"@type":"PostalAddress","streetAddress":"MMSH, 5 rue du Ch\u00e2teau de l&#039;Horloge","addressLocality":"Aix-en-Provence","postalCode":"13090","addressCountry":"France"},"telephone":"","sameAs":""},"organizer":{"@type":"Person","name":"Sophie Gebeil","description":"","url":"http:\/\/telemme.mmsh.univ-aix.fr\/membres\/sophie-gebeil\/","telephone":"","email":"","sameAs":"http:\/\/telemme.mmsh.univ-aix.fr\/membres\/sophie-gebeil\/"},"performer":"Organization"}}