{"id":16593,"global_id":"telemme.mmsh.fr?id=16593","global_id_lineage":["telemme.mmsh.fr?id=16593"],"author":"6","status":"publish","date":"2026-02-19 14:47:46","date_utc":"2026-02-19 13:47:46","modified":"2026-02-19 14:59:39","modified_utc":"2026-02-19 13:59:39","url":"https:\/\/telemme.mmsh.fr\/?tribe_events=el-catolicismo-en-la-espana-contemporanea-miradas-transnacionales-y-nuevos-enfoques-historiograficos","rest_url":"https:\/\/telemme.mmsh.fr\/index.php?rest_route=\/tribe\/events\/v1\/events\/16593","title":"El catolicismo en la Espa\u00f1a contempor\u00e1nea: miradas transnacionales y nuevos enfoques historiogr\u00e1ficos","description":"<p>Organisation\u00a0:<br \/>\n<strong>Elisabel Larriba<\/strong> (TELEMMe), <strong>Concepci\u00f3n Marcos del Olmo<\/strong> et <strong>\u00c1ngel Luis L\u00f3pez Villaverde<\/strong> (Proyecto de Investigaci\u00f3n: El factor cat\u00f3lico y la libertad de pensamiento en las guerras culturales de la Europa Occidental contempor\u00e1nea (PID2022-136299NB-I00))<\/p>\n<p><a href=\"https:\/\/telemme.mmsh.fr\/?evenement=el-catolicismo-en-la-espana-contemporanea-miradas-transnacionales-y-nuevos-enfoques-historiograficos\"><strong>Programme complet en ligne<\/strong><\/a><\/p>\n<p>Cr\u00e9dits image : SATIRA &#8211; REVISTA LA FLACA &#8211; 1 DE MAYO DE 1870. Location: BIBLIOTECA NACIONAL-COLECCION, MADRID, SPAIN.<\/p>","excerpt":"","slug":"el-catolicismo-en-la-espana-contemporanea-miradas-transnacionales-y-nuevos-enfoques-historiograficos","image":{"url":"https:\/\/telemme.mmsh.fr\/wp-content\/uploads\/2026\/02\/SemHistcContEsp.png","id":16594,"extension":"png","width":800,"height":514,"filesize":658078,"sizes":{"medium":{"width":300,"height":193,"mime-type":"image\/png","filesize":94863,"url":"https:\/\/telemme.mmsh.fr\/wp-content\/uploads\/2026\/02\/SemHistcContEsp-300x193.png"},"thumbnail":{"width":150,"height":150,"mime-type":"image\/png","filesize":38688,"url":"https:\/\/telemme.mmsh.fr\/wp-content\/uploads\/2026\/02\/SemHistcContEsp-150x150.png"},"medium_large":{"width":768,"height":493,"mime-type":"image\/png","filesize":547703,"url":"https:\/\/telemme.mmsh.fr\/wp-content\/uploads\/2026\/02\/SemHistcContEsp-768x493.png"},"better-amp-small":{"width":100,"height":100,"mime-type":"image\/png","filesize":18170,"url":"https:\/\/telemme.mmsh.fr\/wp-content\/uploads\/2026\/02\/SemHistcContEsp-100x100.png"},"better-amp-normal":{"width":260,"height":200,"mime-type":"image\/png","filesize":86591,"url":"https:\/\/telemme.mmsh.fr\/wp-content\/uploads\/2026\/02\/SemHistcContEsp-260x200.png"},"better-amp-large":{"width":450,"height":300,"mime-type":"image\/png","filesize":210152,"url":"https:\/\/telemme.mmsh.fr\/wp-content\/uploads\/2026\/02\/SemHistcContEsp-450x300.png"},"sow-carousel-default":{"width":272,"height":182,"mime-type":"image\/png","filesize":82203,"url":"https:\/\/telemme.mmsh.fr\/wp-content\/uploads\/2026\/02\/SemHistcContEsp-272x182.png"}}},"all_day":false,"start_date":"2026-03-06 13:30:00","start_date_details":{"year":"2026","month":"03","day":"06","hour":"13","minutes":"30","seconds":"00"},"end_date":"2026-03-06 17:30:00","end_date_details":{"year":"2026","month":"03","day":"06","hour":"17","minutes":"30","seconds":"00"},"utc_start_date":"2026-03-06 12:30:00","utc_start_date_details":{"year":"2026","month":"03","day":"06","hour":"12","minutes":"30","seconds":"00"},"utc_end_date":"2026-03-06 16:30:00","utc_end_date_details":{"year":"2026","month":"03","day":"06","hour":"16","minutes":"30","seconds":"00"},"timezone":"Europe\/Paris","timezone_abbr":"CET","cost":"","cost_details":{"currency_symbol":"\u20ac","currency_code":"USD","currency_position":"suffix","values":[]},"website":"","show_map":false,"show_map_link":true,"hide_from_listings":false,"sticky":false,"featured":false,"categories":[{"name":"S\u00e9minaire d'histoire contemporaine de l'Espagne","slug":"seminaire-dhistoire-contemporaine-de-lespagne","term_group":0,"term_taxonomy_id":1947,"taxonomy":"tribe_events_cat","description":"","parent":0,"count":5,"filter":"raw","id":1947,"urls":{"self":"https:\/\/telemme.mmsh.fr\/index.php?rest_route=\/tribe\/events\/v1\/categories\/1947","collection":"https:\/\/telemme.mmsh.fr\/index.php?rest_route=\/tribe\/events\/v1\/categories"}}],"tags":[],"venue":{"id":3497,"author":"6","status":"publish","date":"2021-01-21 16:40:33","date_utc":"2021-01-21 15:40:33","modified":"2021-09-24 16:02:36","modified_utc":"2021-09-24 14:02:36","url":"https:\/\/telemme.mmsh.fr\/?tribe_venue=salle-duby","venue":"Salle Georges Duby &#8211; MMSH, Aix-en-Provence","slug":"salle-duby","address":"MMSH, 5 rue du Ch\u00e2teau de l'Horloge","city":"Aix-en-Provence","country":"France","zip":"13090","json_ld":{"@type":"Place","name":"Salle Georges Duby &#8211; MMSH, Aix-en-Provence","description":"","url":"","address":{"@type":"PostalAddress","streetAddress":"MMSH, 5 rue du Ch\u00e2teau de l&#039;Horloge","addressLocality":"Aix-en-Provence","postalCode":"13090","addressCountry":"France"},"telephone":"","sameAs":""},"show_map":true,"show_map_link":true,"global_id":"telemme.mmsh.fr?id=3497","global_id_lineage":["telemme.mmsh.fr?id=3497"]},"organizer":[],"custom_fields":[],"json_ld":{"@context":"http:\/\/schema.org","@type":"Event","name":"El catolicismo en la Espa\u00f1a contempor\u00e1nea: miradas transnacionales y nuevos enfoques historiogr\u00e1ficos","description":"&lt;p&gt;Organisation\u00a0: Elisabel Larriba (TELEMMe), Concepci\u00f3n Marcos del Olmo et \u00c1ngel Luis L\u00f3pez Villaverde (Proyecto de Investigaci\u00f3n: El factor cat\u00f3lico y la libertad de pensamiento en las guerras culturales de la&hellip;&nbsp;&lt;a href=&quot;https:\/\/telemme.mmsh.fr\/?tribe_events=el-catolicismo-en-la-espana-contemporanea-miradas-transnacionales-y-nuevos-enfoques-historiograficos&quot; rel=&quot;bookmark&quot;&gt;Lire la suite &raquo;&lt;span class=&quot;screen-reader-text&quot;&gt;El catolicismo en la Espa\u00f1a contempor\u00e1nea: miradas transnacionales y nuevos enfoques historiogr\u00e1ficos&lt;\/span&gt;&lt;\/a&gt;&lt;\/p&gt;\\n","image":"https:\/\/telemme.mmsh.fr\/wp-content\/uploads\/2026\/02\/SemHistcContEsp.png","url":"https:\/\/telemme.mmsh.fr\/?tribe_events=el-catolicismo-en-la-espana-contemporanea-miradas-transnacionales-y-nuevos-enfoques-historiograficos","eventAttendanceMode":"https:\/\/schema.org\/OfflineEventAttendanceMode","eventStatus":"https:\/\/schema.org\/EventScheduled","startDate":"2026-03-06T13:30:00+01:00","endDate":"2026-03-06T17:30:00+01:00","location":{"@type":"Place","name":"Salle Georges Duby &#8211; MMSH, Aix-en-Provence","description":"","url":"","address":{"@type":"PostalAddress","streetAddress":"MMSH, 5 rue du Ch\u00e2teau de l&#039;Horloge","addressLocality":"Aix-en-Provence","postalCode":"13090","addressCountry":"France"},"telephone":"","sameAs":""},"performer":"Organization"}}