{"id":15913,"global_id":"telemme.mmsh.fr?id=15913","global_id_lineage":["telemme.mmsh.fr?id=15913"],"author":"6","status":"publish","date":"2025-09-15 11:39:14","date_utc":"2025-09-15 09:39:14","modified":"2025-09-15 11:39:56","modified_utc":"2025-09-15 09:39:56","url":"https:\/\/telemme.mmsh.fr\/?tribe_events=enjeux-des-patrimoines-materiels-et-immateriels-pour-la-protection-de-lenvironnement","rest_url":"https:\/\/telemme.mmsh.fr\/index.php?rest_route=\/tribe\/events\/v1\/events\/15913","title":"Enjeux des patrimoines mat\u00e9riels et immat\u00e9riels pour la protection de l&rsquo;environnement","description":"<p><span style=\"font-family: 'Calibri',sans-serif; color: black;\">Le prochain s\u00e9minaire du groupe\u00a0G\u00e9ohistoire,\u00a0coanim\u00e9e par Orianne Crouteix,\u00a0Fran\u00e7ois L\u00e9rin\u00a0et\u00a0Sylvain Guyot,\u00a0se tiendra le vendredi 26 septembre de 15h45 \u00e0 17h45 au MUCEM \u00e0 Marseille,\u00a0en salle Khamsin.\u00a0<\/span><\/p>\n<p><span style=\"font-family: 'Calibri',sans-serif; color: black;\">Cette s\u00e9ance intiitul\u00e9e \u00ab\u00a0Enjeux des patrimoines mat\u00e9riels et immat\u00e9riels pour la protection de l&rsquo;environnement\u00a0\u00bb\u00a0s&rsquo;inscrit dans le cadre du\u00a0colloque <i>Balkan Matters. <\/i>Cultures mat\u00e9rielles\u00a0dans les Balkans, 25 au 27 septembre 2025 :\u00a0<a href=\"https:\/\/mucem.org\/evenement\/balkan-matters-cultures-materielles-dans-les-balkans\/\" target=\"_blank\" rel=\"noopener\">https:\/\/mucem.org\/evenement\/balkan-matters-cultures-materielles-dans-les-balkans\/<\/a>\u00a0<\/span><\/p>\n<p><a href=\"https:\/\/telemme.mmsh.fr\/?evenement=enjeux-des-patrimoines-materiels-et-immateriels-pour-la-protection-de-lenvironnement\"><strong>Programme complet<\/strong><\/a><\/p>","excerpt":"","slug":"enjeux-des-patrimoines-materiels-et-immateriels-pour-la-protection-de-lenvironnement","image":{"url":"https:\/\/telemme.mmsh.fr\/wp-content\/uploads\/2025\/09\/Balkans4.webp","id":15916,"extension":"webp","width":1280,"height":800,"filesize":158010,"sizes":{"medium":{"width":300,"height":188,"mime-type":"image\/webp","filesize":24662,"url":"https:\/\/telemme.mmsh.fr\/wp-content\/uploads\/2025\/09\/Balkans4-300x188.webp"},"large":{"width":1024,"height":640,"mime-type":"image\/webp","filesize":122586,"url":"https:\/\/telemme.mmsh.fr\/wp-content\/uploads\/2025\/09\/Balkans4-1024x640.webp"},"thumbnail":{"width":150,"height":150,"mime-type":"image\/webp","filesize":10780,"url":"https:\/\/telemme.mmsh.fr\/wp-content\/uploads\/2025\/09\/Balkans4-150x150.webp"},"medium_large":{"width":768,"height":480,"mime-type":"image\/webp","filesize":88872,"url":"https:\/\/telemme.mmsh.fr\/wp-content\/uploads\/2025\/09\/Balkans4-768x480.webp"},"better-amp-small":{"width":100,"height":100,"mime-type":"image\/webp","filesize":5360,"url":"https:\/\/telemme.mmsh.fr\/wp-content\/uploads\/2025\/09\/Balkans4-100x100.webp"},"better-amp-normal":{"width":260,"height":200,"mime-type":"image\/webp","filesize":22076,"url":"https:\/\/telemme.mmsh.fr\/wp-content\/uploads\/2025\/09\/Balkans4-260x200.webp"},"better-amp-large":{"width":450,"height":300,"mime-type":"image\/webp","filesize":45916,"url":"https:\/\/telemme.mmsh.fr\/wp-content\/uploads\/2025\/09\/Balkans4-450x300.webp"},"neve-blog":{"width":930,"height":620,"mime-type":"image\/webp","filesize":113156,"url":"https:\/\/telemme.mmsh.fr\/wp-content\/uploads\/2025\/09\/Balkans4-930x620.webp"},"sow-carousel-default":{"width":272,"height":182,"mime-type":"image\/webp","filesize":22050,"url":"https:\/\/telemme.mmsh.fr\/wp-content\/uploads\/2025\/09\/Balkans4-272x182.webp"}}},"all_day":false,"start_date":"2025-09-26 15:45:00","start_date_details":{"year":"2025","month":"09","day":"26","hour":"15","minutes":"45","seconds":"00"},"end_date":"2025-09-26 17:45:00","end_date_details":{"year":"2025","month":"09","day":"26","hour":"17","minutes":"45","seconds":"00"},"utc_start_date":"2025-09-26 13:45:00","utc_start_date_details":{"year":"2025","month":"09","day":"26","hour":"13","minutes":"45","seconds":"00"},"utc_end_date":"2025-09-26 15:45:00","utc_end_date_details":{"year":"2025","month":"09","day":"26","hour":"15","minutes":"45","seconds":"00"},"timezone":"Europe\/Paris","timezone_abbr":"CEST","cost":"","cost_details":{"currency_symbol":"\u20ac","currency_code":"USD","currency_position":"suffix","values":[]},"website":"","show_map":true,"show_map_link":true,"hide_from_listings":false,"sticky":false,"featured":false,"categories":[{"name":"Atelier","slug":"atelier","term_group":0,"term_taxonomy_id":1949,"taxonomy":"tribe_events_cat","description":"","parent":0,"count":20,"filter":"raw","id":1949,"urls":{"self":"https:\/\/telemme.mmsh.fr\/index.php?rest_route=\/tribe\/events\/v1\/categories\/1949","collection":"https:\/\/telemme.mmsh.fr\/index.php?rest_route=\/tribe\/events\/v1\/categories"}}],"tags":[{"name":"3.1 \u2013 G\u00e9o-histoire de l\u2019environnement en M\u00e9diterran\u00e9e","slug":"3-1-geo-histoire-de-lenvironnement-en-mediterranee","term_group":0,"term_taxonomy_id":2849,"taxonomy":"post_tag","description":"","parent":0,"count":12,"filter":"raw","id":2849,"urls":{"self":"https:\/\/telemme.mmsh.fr\/index.php?rest_route=\/tribe\/events\/v1\/tags\/2849","collection":"https:\/\/telemme.mmsh.fr\/index.php?rest_route=\/tribe\/events\/v1\/tags"}},{"name":"AFEBALK","slug":"afebalk","term_group":0,"term_taxonomy_id":2996,"taxonomy":"post_tag","description":"","parent":0,"count":2,"filter":"raw","id":2996,"urls":{"self":"https:\/\/telemme.mmsh.fr\/index.php?rest_route=\/tribe\/events\/v1\/tags\/2996","collection":"https:\/\/telemme.mmsh.fr\/index.php?rest_route=\/tribe\/events\/v1\/tags"}},{"name":"Balkan Matters. Cultures mat\u00e9rielles dans les Balkans","slug":"balkan-matters-cultures-materielles-dans-les-balkans","term_group":0,"term_taxonomy_id":2997,"taxonomy":"post_tag","description":"","parent":0,"count":1,"filter":"raw","id":2997,"urls":{"self":"https:\/\/telemme.mmsh.fr\/index.php?rest_route=\/tribe\/events\/v1\/tags\/2997","collection":"https:\/\/telemme.mmsh.fr\/index.php?rest_route=\/tribe\/events\/v1\/tags"}}],"venue":{"id":9180,"author":"6","status":"publish","date":"2021-08-23 15:29:13","date_utc":"2021-08-23 13:29:13","modified":"2021-08-23 15:29:13","modified_utc":"2021-08-23 13:29:13","url":"https:\/\/telemme.mmsh.fr\/?tribe_venue=mucem","venue":"Mucem","slug":"mucem","address":"1 Esp. J4","city":"Marseille","country":"France","zip":"13002","json_ld":{"@type":"Place","name":"Mucem","description":"","url":"","address":{"@type":"PostalAddress","streetAddress":"1 Esp. J4","addressLocality":"Marseille","postalCode":"13002","addressCountry":"France"},"telephone":"","sameAs":""},"show_map":true,"show_map_link":true,"global_id":"telemme.mmsh.fr?id=9180","global_id_lineage":["telemme.mmsh.fr?id=9180"]},"organizer":[{"id":15656,"author":"6","status":"publish","date":"2025-07-02 11:50:02","date_utc":"2025-07-02 09:50:02","modified":"2025-07-02 11:50:02","modified_utc":"2025-07-02 09:50:02","url":"https:\/\/telemme.mmsh.fr\/?tribe_organizer=oriane-crouteix","organizer":"Oriane Crouteix","slug":"oriane-crouteix","website":"https:\/\/telemme.mmsh.fr\/?membres=orianne-crouteix","json_ld":{"@type":"Person","name":"Oriane Crouteix","description":"","url":"https:\/\/telemme.mmsh.fr\/?membres=orianne-crouteix","telephone":"","email":"","sameAs":"https:\/\/telemme.mmsh.fr\/?membres=orianne-crouteix"},"global_id":"telemme.mmsh.fr?id=15656","global_id_lineage":["telemme.mmsh.fr?id=15656"]},{"id":9530,"author":"6","status":"publish","date":"2021-09-09 16:11:28","date_utc":"2021-09-09 14:11:28","modified":"2021-09-09 16:11:28","modified_utc":"2021-09-09 14:11:28","url":"https:\/\/telemme.mmsh.fr\/?tribe_organizer=beatrice-mesini","organizer":"B\u00e9atrice Mesini","slug":"beatrice-mesini","website":"https:\/\/telemme.mmsh.fr\/?membres=beatrice-mesini","json_ld":{"@type":"Person","name":"B\u00e9atrice Mesini","description":"","url":"https:\/\/telemme.mmsh.fr\/?membres=beatrice-mesini","telephone":"","email":"","sameAs":"https:\/\/telemme.mmsh.fr\/?membres=beatrice-mesini"},"global_id":"telemme.mmsh.fr?id=9530","global_id_lineage":["telemme.mmsh.fr?id=9530"]},{"id":11957,"author":"175","status":"publish","date":"2022-10-28 10:28:39","date_utc":"2022-10-28 08:28:39","modified":"2022-10-28 10:28:39","modified_utc":"2022-10-28 08:28:39","url":"https:\/\/telemme.mmsh.fr\/?tribe_organizer=daniel-faget-2","organizer":"Daniel Faget","slug":"daniel-faget-2","website":"https:\/\/telemme.mmsh.fr\/?membres=daniel-faget","json_ld":{"@type":"Person","name":"Daniel Faget","description":"","url":"https:\/\/telemme.mmsh.fr\/?membres=daniel-faget","telephone":"","email":"","sameAs":"https:\/\/telemme.mmsh.fr\/?membres=daniel-faget"},"global_id":"telemme.mmsh.fr?id=11957","global_id_lineage":["telemme.mmsh.fr?id=11957"]}],"custom_fields":[],"json_ld":{"@context":"http:\/\/schema.org","@type":"Event","name":"Enjeux des patrimoines mat\u00e9riels et immat\u00e9riels pour la protection de l&rsquo;environnement","description":"&lt;p&gt;Le prochain s\u00e9minaire du groupe\u00a0G\u00e9ohistoire,\u00a0coanim\u00e9e par Orianne Crouteix,\u00a0Fran\u00e7ois L\u00e9rin\u00a0et\u00a0Sylvain Guyot,\u00a0se tiendra le vendredi 26 septembre de 15h45 \u00e0 17h45 au MUCEM \u00e0 Marseille,\u00a0en salle Khamsin.\u00a0 Cette s\u00e9ance intiitul\u00e9e &quot;Enjeux des&hellip;&nbsp;&lt;a href=&quot;https:\/\/telemme.mmsh.fr\/?tribe_events=enjeux-des-patrimoines-materiels-et-immateriels-pour-la-protection-de-lenvironnement&quot; rel=&quot;bookmark&quot;&gt;Lire la suite &raquo;&lt;span class=&quot;screen-reader-text&quot;&gt;Enjeux des patrimoines mat\u00e9riels et immat\u00e9riels pour la protection de l&rsquo;environnement&lt;\/span&gt;&lt;\/a&gt;&lt;\/p&gt;\\n","image":"https:\/\/telemme.mmsh.fr\/wp-content\/uploads\/2025\/09\/Balkans4.webp","url":"https:\/\/telemme.mmsh.fr\/?tribe_events=enjeux-des-patrimoines-materiels-et-immateriels-pour-la-protection-de-lenvironnement","eventAttendanceMode":"https:\/\/schema.org\/OfflineEventAttendanceMode","eventStatus":"https:\/\/schema.org\/EventScheduled","startDate":"2025-09-26T15:45:00+02:00","endDate":"2025-09-26T17:45:00+02:00","location":{"@type":"Place","name":"Mucem","description":"","url":"","address":{"@type":"PostalAddress","streetAddress":"1 Esp. J4","addressLocality":"Marseille","postalCode":"13002","addressCountry":"France"},"telephone":"","sameAs":""},"organizer":{"@type":"Person","name":"Oriane Crouteix","description":"","url":"https:\/\/telemme.mmsh.fr\/?membres=orianne-crouteix","telephone":"","email":"","sameAs":"https:\/\/telemme.mmsh.fr\/?membres=orianne-crouteix"},"performer":"Organization"}}