{"id":15768,"global_id":"telemme.mmsh.fr?id=15768","global_id_lineage":["telemme.mmsh.fr?id=15768"],"author":"202","status":"publish","date":"2025-07-17 20:56:25","date_utc":"2025-07-17 18:56:25","modified":"2025-07-23 11:18:09","modified_utc":"2025-07-23 09:18:09","url":"https:\/\/telemme.mmsh.fr\/?tribe_events=journee-detudes-discrimination-et-education-regards-croises-etats-unis-france","rest_url":"https:\/\/telemme.mmsh.fr\/index.php?rest_route=\/tribe\/events\/v1\/events\/15768","title":"Discrimination et \u00e9ducation, regards crois\u00e9s \u00c9tats-Unis \/ France","description":"<div>\n<div>\n<div><span style=\"font-size: medium;\">La journ\u00e9e d&rsquo;\u00e9tudes <\/span><span style=\"font-size: medium;\"><b>\u00a0\u00ab Discrimination et \u00e9ducation. Regards crois\u00e9s\u00a0<\/b><\/span><span style=\"font-size: medium;\"><b>\u00c9<\/b><\/span><span style=\"font-size: medium;\"><b>tats-Unis\/France \u00bb<\/b><\/span><span style=\"font-size: medium;\">, organis\u00e9e par les laboratoires CHSCS (Universit\u00e9 de Versailles Saint-Quentin-en-Yvelines) et TELEMMe (Aix-Marseille Universit\u00e9), avec le soutien de la Graduate School Education Formation Enseignement de l&rsquo;Universit\u00e9 Paris-Saclay,<\/span><span style=\"font-size: medium;\">se tiendra\u00a0<\/span><span style=\"font-size: medium;\">le\u00a0<\/span><span style=\"font-size: medium;\"><b>vendredi 10 octobre <\/b><\/span><span style=\"color: #005a95; font-size: medium;\"><span id=\"x_x_OBJ_PREFIX_DWT1356_com_zimbra_date\"><b><span id=\"x_x_OBJ_PREFIX_DWT151_com_zimbra_date\"><span id=\"x_x_OBJ_PREFIX_DWT156_com_zimbra_date\"><span style=\"color: black;\">2025 <\/span><\/span><\/span><\/b><\/span><\/span><span style=\"font-size: medium;\">\u00e0 l&rsquo;<\/span><span style=\"font-size: medium;\"><b>Universit\u00e9 de Versailles Saint-Quentin-en-Yvelines\u00a0<\/b><\/span><span style=\"font-size: medium;\">(47 boulevard Vauban \u00e0 Guyancourt B\u00e2timent A, 5\u00e8me \u00e9tage, salle 524).<\/span><\/div>\n<\/div>\n<div><\/div>\n<div>Elle a pour ambition d\u2019analyser comment les discriminations scolaires \u00e0 plusieurs \u00e9chelles (syst\u00e9miques, institutionnelles mais aussi interpersonnelles) influencent l\u2019acc\u00e8s \u00e0 l\u2019\u00e9ducation et \u00e0 la r\u00e9ussite scolaire aux \u00c9tats-Unis ou en France. Les <b>perspectives historiques<\/b>\u00a0permettent de comprendre comment l\u2019\u00e9ducation a \u00e9t\u00e9 fa\u00e7onn\u00e9e par les discriminations et les combats contre celles-ci de part et d\u2019autre de l\u2019Atlantique.\u00a0Nous proposons de\u00a0<b>croiser les regards sur les exp\u00e9riences de discrimination<\/b>\u00a0et sur les\u00a0<b>r\u00e9ponses institutionnelles et sociales<\/b>\u00a0dans les syst\u00e8mes \u00e9ducatifs fran\u00e7ais et \u00e9tatsuniens.<\/div>\n<div><span style=\"color: #19263c;\">\u00a0<\/span><\/div>\n<\/div>\n<div><a href=\"https:\/\/telemme.mmsh.fr\/?evenement=discrimination-et-education-regards-croises-etats-unis-france\"><strong>Programme d\u00e9taill\u00e9<\/strong><\/a><\/div>","excerpt":"","slug":"journee-detudes-discrimination-et-education-regards-croises-etats-unis-france","image":{"url":"https:\/\/telemme.mmsh.fr\/wp-content\/uploads\/2025\/07\/education-discrimination-abstrait-couleurs.jpg","id":15769,"extension":"jpg","width":2048,"height":2048,"filesize":225022,"sizes":{"medium":{"width":300,"height":300,"mime-type":"image\/jpeg","filesize":17986,"url":"https:\/\/telemme.mmsh.fr\/wp-content\/uploads\/2025\/07\/education-discrimination-abstrait-couleurs-300x300.jpg"},"large":{"width":1024,"height":1024,"mime-type":"image\/jpeg","filesize":87924,"url":"https:\/\/telemme.mmsh.fr\/wp-content\/uploads\/2025\/07\/education-discrimination-abstrait-couleurs-1024x1024.jpg"},"thumbnail":{"width":150,"height":150,"mime-type":"image\/jpeg","filesize":8804,"url":"https:\/\/telemme.mmsh.fr\/wp-content\/uploads\/2025\/07\/education-discrimination-abstrait-couleurs-150x150.jpg"},"medium_large":{"width":768,"height":768,"mime-type":"image\/jpeg","filesize":58724,"url":"https:\/\/telemme.mmsh.fr\/wp-content\/uploads\/2025\/07\/education-discrimination-abstrait-couleurs-768x768.jpg"},"1536x1536":{"width":1536,"height":1536,"mime-type":"image\/jpeg","filesize":158982,"url":"https:\/\/telemme.mmsh.fr\/wp-content\/uploads\/2025\/07\/education-discrimination-abstrait-couleurs-1536x1536.jpg"},"better-amp-small":{"width":100,"height":100,"mime-type":"image\/jpeg","filesize":6157,"url":"https:\/\/telemme.mmsh.fr\/wp-content\/uploads\/2025\/07\/education-discrimination-abstrait-couleurs-100x100.jpg"},"better-amp-normal":{"width":260,"height":200,"mime-type":"image\/jpeg","filesize":13522,"url":"https:\/\/telemme.mmsh.fr\/wp-content\/uploads\/2025\/07\/education-discrimination-abstrait-couleurs-260x200.jpg"},"better-amp-large":{"width":450,"height":300,"mime-type":"image\/jpeg","filesize":22132,"url":"https:\/\/telemme.mmsh.fr\/wp-content\/uploads\/2025\/07\/education-discrimination-abstrait-couleurs-450x300.jpg"},"neve-blog":{"width":930,"height":620,"mime-type":"image\/jpeg","filesize":56444,"url":"https:\/\/telemme.mmsh.fr\/wp-content\/uploads\/2025\/07\/education-discrimination-abstrait-couleurs-930x620.jpg"},"mailpoet_newsletter_max":{"width":1320,"height":1320,"mime-type":"image\/jpeg","filesize":128232,"url":"https:\/\/telemme.mmsh.fr\/wp-content\/uploads\/2025\/07\/education-discrimination-abstrait-couleurs-1320x1320.jpg"},"sow-carousel-default":{"width":272,"height":182,"mime-type":"image\/jpeg","filesize":12970,"url":"https:\/\/telemme.mmsh.fr\/wp-content\/uploads\/2025\/07\/education-discrimination-abstrait-couleurs-272x182.jpg"}}},"all_day":false,"start_date":"2025-10-10 09:00:00","start_date_details":{"year":"2025","month":"10","day":"10","hour":"09","minutes":"00","seconds":"00"},"end_date":"2025-10-10 17:00:00","end_date_details":{"year":"2025","month":"10","day":"10","hour":"17","minutes":"00","seconds":"00"},"utc_start_date":"2025-10-10 07:00:00","utc_start_date_details":{"year":"2025","month":"10","day":"10","hour":"07","minutes":"00","seconds":"00"},"utc_end_date":"2025-10-10 15:00:00","utc_end_date_details":{"year":"2025","month":"10","day":"10","hour":"15","minutes":"00","seconds":"00"},"timezone":"Europe\/Paris","timezone_abbr":"CEST","cost":"","cost_details":{"currency_symbol":"\u20ac","currency_code":"USD","currency_position":"suffix","values":[]},"website":"","show_map":true,"show_map_link":true,"hide_from_listings":false,"sticky":false,"featured":false,"categories":[{"name":"Journ\u00e9e d'\u00e9tudes","slug":"journee-detudes","term_group":0,"term_taxonomy_id":1823,"taxonomy":"tribe_events_cat","description":"","parent":0,"count":84,"filter":"raw","id":1823,"urls":{"self":"https:\/\/telemme.mmsh.fr\/index.php?rest_route=\/tribe\/events\/v1\/categories\/1823","collection":"https:\/\/telemme.mmsh.fr\/index.php?rest_route=\/tribe\/events\/v1\/categories"}}],"tags":[{"name":"2.3 \u00c9ducations jeunesses et territoires","slug":"2-3-educations-jeunesses-et-territoires","term_group":0,"term_taxonomy_id":2786,"taxonomy":"post_tag","description":"","parent":0,"count":10,"filter":"raw","id":2786,"urls":{"self":"https:\/\/telemme.mmsh.fr\/index.php?rest_route=\/tribe\/events\/v1\/tags\/2786","collection":"https:\/\/telemme.mmsh.fr\/index.php?rest_route=\/tribe\/events\/v1\/tags"}}],"venue":{"id":15796,"author":"6","status":"publish","date":"2025-07-23 11:14:52","date_utc":"2025-07-23 09:14:52","modified":"2025-07-23 11:14:52","modified_utc":"2025-07-23 09:14:52","url":"https:\/\/telemme.mmsh.fr\/?tribe_venue=universite-de-versailles-saint-quentin-en-yvelines-47-boulevard-vauban-a-guyancourt-batiment-a-5eme-etage-salle-524","venue":"Universit\u00e9 de Versailles Saint-Quentin-en-Yvelines\u00a0(47 boulevard Vauban \u00e0 Guyancourt B\u00e2timent A, 5\u00e8me \u00e9tage, salle 524)","slug":"universite-de-versailles-saint-quentin-en-yvelines-47-boulevard-vauban-a-guyancourt-batiment-a-5eme-etage-salle-524","address":"47 boulevard Vauban","city":"Guyancourt","country":"France","json_ld":{"@type":"Place","name":"Universit\u00e9 de Versailles Saint-Quentin-en-Yvelines\u00a0(47 boulevard Vauban \u00e0 Guyancourt B\u00e2timent A, 5\u00e8me \u00e9tage, salle 524)","description":"","url":"","address":{"@type":"PostalAddress","streetAddress":"47 boulevard Vauban","addressLocality":"Guyancourt","addressCountry":"France"},"telephone":"","sameAs":""},"show_map":true,"show_map_link":true,"global_id":"telemme.mmsh.fr?id=15796","global_id_lineage":["telemme.mmsh.fr?id=15796"]},"organizer":[{"id":13701,"author":"175","status":"publish","date":"2023-12-12 15:47:56","date_utc":"2023-12-12 14:47:56","modified":"2023-12-12 15:47:56","modified_utc":"2023-12-12 14:47:56","url":"https:\/\/telemme.mmsh.fr\/?tribe_organizer=nora-nafaa","organizer":"Nora Nafaa","slug":"nora-nafaa","website":"https:\/\/telemme.mmsh.fr\/?membres=nafaa-nora","json_ld":{"@type":"Person","name":"Nora Nafaa","description":"","url":"https:\/\/telemme.mmsh.fr\/?membres=nafaa-nora","telephone":"","email":"","sameAs":"https:\/\/telemme.mmsh.fr\/?membres=nafaa-nora"},"global_id":"telemme.mmsh.fr?id=13701","global_id_lineage":["telemme.mmsh.fr?id=13701"]}],"custom_fields":[],"json_ld":{"@context":"http:\/\/schema.org","@type":"Event","name":"Discrimination et \u00e9ducation, regards crois\u00e9s \u00c9tats-Unis \/ France","description":"&lt;p&gt;La journ\u00e9e d\\'\u00e9tudes \u00a0\u00ab Discrimination et \u00e9ducation. Regards crois\u00e9s\u00a0\u00c9tats-Unis\/France \u00bb, organis\u00e9e par les laboratoires CHSCS (Universit\u00e9 de Versailles Saint-Quentin-en-Yvelines) et TELEMMe (Aix-Marseille Universit\u00e9), avec le soutien de la Graduate School&hellip;&nbsp;&lt;a href=&quot;https:\/\/telemme.mmsh.fr\/?tribe_events=journee-detudes-discrimination-et-education-regards-croises-etats-unis-france&quot; rel=&quot;bookmark&quot;&gt;Lire la suite &raquo;&lt;span class=&quot;screen-reader-text&quot;&gt;Discrimination et \u00e9ducation, regards crois\u00e9s \u00c9tats-Unis \/ France&lt;\/span&gt;&lt;\/a&gt;&lt;\/p&gt;\\n","image":"https:\/\/telemme.mmsh.fr\/wp-content\/uploads\/2025\/07\/education-discrimination-abstrait-couleurs.jpg","url":"https:\/\/telemme.mmsh.fr\/?tribe_events=journee-detudes-discrimination-et-education-regards-croises-etats-unis-france","eventAttendanceMode":"https:\/\/schema.org\/OfflineEventAttendanceMode","eventStatus":"https:\/\/schema.org\/EventScheduled","startDate":"2025-10-10T09:00:00+02:00","endDate":"2025-10-10T17:00:00+02:00","location":{"@type":"Place","name":"Universit\u00e9 de Versailles Saint-Quentin-en-Yvelines\u00a0(47 boulevard Vauban \u00e0 Guyancourt B\u00e2timent A, 5\u00e8me \u00e9tage, salle 524)","description":"","url":"","address":{"@type":"PostalAddress","streetAddress":"47 boulevard Vauban","addressLocality":"Guyancourt","addressCountry":"France"},"telephone":"","sameAs":""},"organizer":{"@type":"Person","name":"Nora Nafaa","description":"","url":"https:\/\/telemme.mmsh.fr\/?membres=nafaa-nora","telephone":"","email":"","sameAs":"https:\/\/telemme.mmsh.fr\/?membres=nafaa-nora"},"performer":"Organization"}}