{"id":15752,"global_id":"telemme.mmsh.fr?id=15752","global_id_lineage":["telemme.mmsh.fr?id=15752"],"author":"6","status":"publish","date":"2025-07-07 09:56:14","date_utc":"2025-07-07 07:56:14","modified":"2026-01-12 15:18:11","modified_utc":"2026-01-12 14:18:11","url":"https:\/\/telemme.mmsh.fr\/?tribe_events=nouvelles-approches-des-esclavages-en-mediterranee-medievale","rest_url":"https:\/\/telemme.mmsh.fr\/index.php?rest_route=\/tribe\/events\/v1\/events\/15752","title":"Esclavage et travail en M\u00e9diterran\u00e9e occidentale m\u00e9di\u00e9vale","description":"<p>Avec Ivan Armenteros (CAIMMed-IMF, CSIC, Barcelone) et Roser\u00a0 SALICR\u00da I LLUCH (CAIMMed-IMF, CSIC \u2013 IEC)<\/p>\n<p><a href=\"https:\/\/telemme.mmsh.fr\/?evenement=esclavage-et-travail-en-mediterranee-occidentale-medievale\"><strong>Programme complet en ligne<\/strong><\/a><\/p>","excerpt":"","slug":"nouvelles-approches-des-esclavages-en-mediterranee-medievale","image":{"url":"https:\/\/telemme.mmsh.fr\/wp-content\/uploads\/2025\/07\/esclaves_Barcelone_Nuremberg.jpg","id":16426,"extension":"jpg","width":750,"height":501,"filesize":156095,"sizes":{"medium":{"width":300,"height":200,"mime-type":"image\/jpeg","filesize":20871,"url":"https:\/\/telemme.mmsh.fr\/wp-content\/uploads\/2025\/07\/esclaves_Barcelone_Nuremberg-300x200.jpg"},"thumbnail":{"width":150,"height":150,"mime-type":"image\/jpeg","filesize":11479,"url":"https:\/\/telemme.mmsh.fr\/wp-content\/uploads\/2025\/07\/esclaves_Barcelone_Nuremberg-150x150.jpg"},"better-amp-small":{"width":100,"height":100,"mime-type":"image\/jpeg","filesize":7882,"url":"https:\/\/telemme.mmsh.fr\/wp-content\/uploads\/2025\/07\/esclaves_Barcelone_Nuremberg-100x100.jpg"},"better-amp-normal":{"width":260,"height":200,"mime-type":"image\/jpeg","filesize":19285,"url":"https:\/\/telemme.mmsh.fr\/wp-content\/uploads\/2025\/07\/esclaves_Barcelone_Nuremberg-260x200.jpg"},"better-amp-large":{"width":450,"height":300,"mime-type":"image\/jpeg","filesize":40506,"url":"https:\/\/telemme.mmsh.fr\/wp-content\/uploads\/2025\/07\/esclaves_Barcelone_Nuremberg-450x300.jpg"},"sow-carousel-default":{"width":272,"height":182,"mime-type":"image\/jpeg","filesize":18166,"url":"https:\/\/telemme.mmsh.fr\/wp-content\/uploads\/2025\/07\/esclaves_Barcelone_Nuremberg-272x182.jpg"}}},"all_day":false,"start_date":"2026-01-21 14:00:00","start_date_details":{"year":"2026","month":"01","day":"21","hour":"14","minutes":"00","seconds":"00"},"end_date":"2026-01-21 16:00:00","end_date_details":{"year":"2026","month":"01","day":"21","hour":"16","minutes":"00","seconds":"00"},"utc_start_date":"2026-01-21 13:00:00","utc_start_date_details":{"year":"2026","month":"01","day":"21","hour":"13","minutes":"00","seconds":"00"},"utc_end_date":"2026-01-21 15:00:00","utc_end_date_details":{"year":"2026","month":"01","day":"21","hour":"15","minutes":"00","seconds":"00"},"timezone":"Europe\/Paris","timezone_abbr":"CET","cost":"","cost_details":{"currency_symbol":"\u20ac","currency_code":"USD","currency_position":"suffix","values":[]},"website":"","show_map":true,"show_map_link":true,"hide_from_listings":false,"sticky":false,"featured":false,"categories":[{"name":"S\u00e9minaire","slug":"seminaire","term_group":0,"term_taxonomy_id":1831,"taxonomy":"tribe_events_cat","description":"","parent":0,"count":140,"filter":"raw","id":1831,"urls":{"self":"https:\/\/telemme.mmsh.fr\/index.php?rest_route=\/tribe\/events\/v1\/categories\/1831","collection":"https:\/\/telemme.mmsh.fr\/index.php?rest_route=\/tribe\/events\/v1\/categories"}}],"tags":[{"name":"2.2 \u2013 Le travail dans les \u00e9conomies et les soci\u00e9t\u00e9s m\u00e9diterran\u00e9ennes","slug":"2-2-le-travail-dans-les-economies-et-les-societes-mediterraneennes","term_group":0,"term_taxonomy_id":2885,"taxonomy":"post_tag","description":"","parent":0,"count":5,"filter":"raw","id":2885,"urls":{"self":"https:\/\/telemme.mmsh.fr\/index.php?rest_route=\/tribe\/events\/v1\/tags\/2885","collection":"https:\/\/telemme.mmsh.fr\/index.php?rest_route=\/tribe\/events\/v1\/tags"}}],"venue":{"id":3550,"author":"6","status":"publish","date":"2021-01-22 10:21:34","date_utc":"2021-01-22 09:21:34","modified":"2022-02-16 16:11:43","modified_utc":"2022-02-16 15:11:43","url":"https:\/\/telemme.mmsh.fr\/?tribe_venue=salle-paul-albert-fevrier","venue":"Salle Paul-Albert F\u00e9vrier, MMSH, Aix-en-Provence","slug":"salle-paul-albert-fevrier","address":"MMSH, 5 rue du Ch\u00e2teau de l'Horloge","city":"Aix-en-Provence","country":"France","zip":"13090","json_ld":{"@type":"Place","name":"Salle Paul-Albert F\u00e9vrier, MMSH, Aix-en-Provence","description":"","url":"","address":{"@type":"PostalAddress","streetAddress":"MMSH, 5 rue du Ch\u00e2teau de l&#039;Horloge","addressLocality":"Aix-en-Provence","postalCode":"13090","addressCountry":"France"},"telephone":"","sameAs":""},"show_map":true,"show_map_link":true,"global_id":"telemme.mmsh.fr?id=3550","global_id_lineage":["telemme.mmsh.fr?id=3550"]},"organizer":[{"id":9205,"author":"6","status":"publish","date":"2021-08-25 10:50:13","date_utc":"2021-08-25 08:50:13","modified":"2021-08-25 10:50:13","modified_utc":"2021-08-25 08:50:13","url":"https:\/\/telemme.mmsh.fr\/?tribe_organizer=olivier-raveux","organizer":"Olivier Raveux","slug":"olivier-raveux","website":"https:\/\/telemme.mmsh.fr\/?membres=olivier-raveux","json_ld":{"@type":"Person","name":"Olivier Raveux","description":"","url":"https:\/\/telemme.mmsh.fr\/?membres=olivier-raveux","telephone":"","email":"","sameAs":"https:\/\/telemme.mmsh.fr\/?membres=olivier-raveux"},"global_id":"telemme.mmsh.fr?id=9205","global_id_lineage":["telemme.mmsh.fr?id=9205"]},{"id":9207,"author":"6","status":"publish","date":"2021-08-25 10:50:51","date_utc":"2021-08-25 08:50:51","modified":"2021-08-27 09:30:28","modified_utc":"2021-08-27 07:30:28","url":"https:\/\/telemme.mmsh.fr\/?tribe_organizer=anne-montenach","organizer":"Anne Montenach","slug":"anne-montenach","website":"https:\/\/telemme.mmsh.fr\/?membres=anne-montenach","json_ld":{"@type":"Person","name":"Anne Montenach","description":"","url":"https:\/\/telemme.mmsh.fr\/?membres=anne-montenach","telephone":"","email":"","sameAs":"https:\/\/telemme.mmsh.fr\/?membres=anne-montenach"},"global_id":"telemme.mmsh.fr?id=9207","global_id_lineage":["telemme.mmsh.fr?id=9207"]},{"id":12891,"author":"175","status":"publish","date":"2023-06-09 09:48:28","date_utc":"2023-06-09 07:48:28","modified":"2023-06-09 09:48:28","modified_utc":"2023-06-09 07:48:28","url":"https:\/\/telemme.mmsh.fr\/?tribe_organizer=laure-helene-gouffran","organizer":"Laure-H\u00e9l\u00e8ne Gouffran","slug":"laure-helene-gouffran","website":"https:\/\/telemme.mmsh.fr\/?membres=laure-helene-gouffran","json_ld":{"@type":"Person","name":"Laure-H\u00e9l\u00e8ne Gouffran","description":"","url":"https:\/\/telemme.mmsh.fr\/?membres=laure-helene-gouffran","telephone":"","email":"","sameAs":"https:\/\/telemme.mmsh.fr\/?membres=laure-helene-gouffran"},"global_id":"telemme.mmsh.fr?id=12891","global_id_lineage":["telemme.mmsh.fr?id=12891"]}],"custom_fields":[],"json_ld":{"@context":"http:\/\/schema.org","@type":"Event","name":"Esclavage et travail en M\u00e9diterran\u00e9e occidentale m\u00e9di\u00e9vale","description":"&lt;p&gt;Avec Ivan Armenteros (CAIMMed-IMF, CSIC, Barcelone) et Roser\u00a0 SALICR\u00da I LLUCH (CAIMMed-IMF, CSIC \u2013 IEC) Programme complet en ligne&lt;\/p&gt;\\n","image":"https:\/\/telemme.mmsh.fr\/wp-content\/uploads\/2025\/07\/esclaves_Barcelone_Nuremberg.jpg","url":"https:\/\/telemme.mmsh.fr\/?tribe_events=nouvelles-approches-des-esclavages-en-mediterranee-medievale","eventAttendanceMode":"https:\/\/schema.org\/OfflineEventAttendanceMode","eventStatus":"https:\/\/schema.org\/EventScheduled","startDate":"2026-01-21T14:00:00+01:00","endDate":"2026-01-21T16:00:00+01:00","location":{"@type":"Place","name":"Salle Paul-Albert F\u00e9vrier, MMSH, Aix-en-Provence","description":"","url":"","address":{"@type":"PostalAddress","streetAddress":"MMSH, 5 rue du Ch\u00e2teau de l&#039;Horloge","addressLocality":"Aix-en-Provence","postalCode":"13090","addressCountry":"France"},"telephone":"","sameAs":""},"organizer":{"@type":"Person","name":"Olivier Raveux","description":"","url":"https:\/\/telemme.mmsh.fr\/?membres=olivier-raveux","telephone":"","email":"","sameAs":"https:\/\/telemme.mmsh.fr\/?membres=olivier-raveux"},"performer":"Organization"}}