{"id":15688,"global_id":"telemme.mmsh.fr?id=15688","global_id_lineage":["telemme.mmsh.fr?id=15688"],"author":"6","status":"publish","date":"2025-07-03 09:42:51","date_utc":"2025-07-03 07:42:51","modified":"2025-12-01 15:26:04","modified_utc":"2025-12-01 14:26:04","url":"https:\/\/telemme.mmsh.fr\/?tribe_events=hommage-a-fanon","rest_url":"https:\/\/telemme.mmsh.fr\/index.php?rest_route=\/tribe\/events\/v1\/events\/15688","title":"Frantz Fanon et son h\u00e9ritage : psychiatrie, colonisation et perspectives d\u00e9coloniales","description":"<p>Journ\u00e9e d\u2019\u00e9tude propos\u00e9e dans le cadre des journ\u00e9es <strong>La Recherche &amp; la Cit\u00e9<\/strong> de TELEMMe<br \/>\nAvec la participation du groupe <a href=\"https:\/\/telemme.mmsh.fr\/?post_type=axe_groupe&amp;p=13198\">Histoire de la sant\u00e9 : savoirs, acteurs, pratiques, Europe-M\u00e9diterran\u00e9e, du Moyen \u00c2ge \u00e0 nos jours<\/a><\/p>\n<p><u>Coordination : <\/u><strong>Karima<\/strong> <strong>Dir\u00e8che, <\/strong><strong>Delphine Peiretti-Courtis, historiennes (TELEMMe &#8211; AMU)\u00a0 <\/strong><\/p>\n<p><u>Co-organisation :\u00a0<\/u>TELEMMe et le P\u00f4le des Mus\u00e9es de Marseille<\/p>\n<p><a href=\"https:\/\/telemme.mmsh.fr\/?evenement=frantz-fanon-et-son-heritage-psychiatrie-colonisation-et-perspectives-decoloniales\"><strong>Programme en ligne<\/strong><\/a><\/p>","excerpt":"","slug":"hommage-a-fanon","image":{"url":"https:\/\/telemme.mmsh.fr\/wp-content\/uploads\/2025\/11\/fanon.jpg","id":16075,"extension":"jpg","width":350,"height":487,"filesize":37632,"sizes":{"medium":{"width":216,"height":300,"mime-type":"image\/jpeg","filesize":9480,"url":"https:\/\/telemme.mmsh.fr\/wp-content\/uploads\/2025\/11\/fanon-216x300.jpg"},"thumbnail":{"width":150,"height":150,"mime-type":"image\/jpeg","filesize":4353,"url":"https:\/\/telemme.mmsh.fr\/wp-content\/uploads\/2025\/11\/fanon-150x150.jpg"},"better-amp-small":{"width":100,"height":100,"mime-type":"image\/jpeg","filesize":2522,"url":"https:\/\/telemme.mmsh.fr\/wp-content\/uploads\/2025\/11\/fanon-100x100.jpg"},"better-amp-normal":{"width":260,"height":200,"mime-type":"image\/jpeg","filesize":8491,"url":"https:\/\/telemme.mmsh.fr\/wp-content\/uploads\/2025\/11\/fanon-260x200.jpg"},"better-amp-large":{"width":350,"height":300,"mime-type":"image\/jpeg","filesize":18479,"url":"https:\/\/telemme.mmsh.fr\/wp-content\/uploads\/2025\/11\/fanon-350x300.jpg"},"sow-carousel-default":{"width":272,"height":182,"mime-type":"image\/jpeg","filesize":8113,"url":"https:\/\/telemme.mmsh.fr\/wp-content\/uploads\/2025\/11\/fanon-272x182.jpg"}}},"all_day":false,"start_date":"2025-12-04 10:00:00","start_date_details":{"year":"2025","month":"12","day":"04","hour":"10","minutes":"00","seconds":"00"},"end_date":"2025-12-04 17:00:00","end_date_details":{"year":"2025","month":"12","day":"04","hour":"17","minutes":"00","seconds":"00"},"utc_start_date":"2025-12-04 09:00:00","utc_start_date_details":{"year":"2025","month":"12","day":"04","hour":"09","minutes":"00","seconds":"00"},"utc_end_date":"2025-12-04 16:00:00","utc_end_date_details":{"year":"2025","month":"12","day":"04","hour":"16","minutes":"00","seconds":"00"},"timezone":"Europe\/Paris","timezone_abbr":"CET","cost":"","cost_details":{"currency_symbol":"\u20ac","currency_code":"USD","currency_position":"suffix","values":[]},"website":"https:\/\/telemme.mmsh.fr\/?evenement=frantz-fanon-et-son-heritage-psychiatrie-colonisation-et-perspectives-decoloniales","show_map":true,"show_map_link":true,"hide_from_listings":false,"sticky":false,"featured":false,"categories":[{"name":"La Recherche &amp; la Cit\u00e9","slug":"la-recherche-la-cite","term_group":0,"term_taxonomy_id":1950,"taxonomy":"tribe_events_cat","description":"","parent":0,"count":8,"filter":"raw","id":1950,"urls":{"self":"https:\/\/telemme.mmsh.fr\/index.php?rest_route=\/tribe\/events\/v1\/categories\/1950","collection":"https:\/\/telemme.mmsh.fr\/index.php?rest_route=\/tribe\/events\/v1\/categories"}}],"tags":[{"name":"3.3 - Histoire de la sant\u00e9","slug":"3-3-histoire-de-la-sante","term_group":0,"term_taxonomy_id":2844,"taxonomy":"post_tag","description":"","parent":0,"count":13,"filter":"raw","id":2844,"urls":{"self":"https:\/\/telemme.mmsh.fr\/index.php?rest_route=\/tribe\/events\/v1\/tags\/2844","collection":"https:\/\/telemme.mmsh.fr\/index.php?rest_route=\/tribe\/events\/v1\/tags"}}],"venue":{"id":16078,"author":"6","status":"publish","date":"2025-11-03 12:32:58","date_utc":"2025-11-03 11:32:58","modified":"2025-11-03 12:32:58","modified_utc":"2025-11-03 11:32:58","url":"https:\/\/telemme.mmsh.fr\/?tribe_venue=auditorium-du-musee-dhistoire-de-marseille","venue":"Auditorium du Mus\u00e9e d\u2019Histoire de Marseille","slug":"auditorium-du-musee-dhistoire-de-marseille","address":"2 Rue Henri Barbusse","city":"Marseille","country":"France","zip":"13001","json_ld":{"@type":"Place","name":"Auditorium du Mus\u00e9e d\u2019Histoire de Marseille","description":"","url":"","address":{"@type":"PostalAddress","streetAddress":"2 Rue Henri Barbusse","addressLocality":"Marseille","postalCode":"13001","addressCountry":"France"},"telephone":"","sameAs":""},"show_map":true,"show_map_link":true,"global_id":"telemme.mmsh.fr?id=16078","global_id_lineage":["telemme.mmsh.fr?id=16078"]},"organizer":[{"id":9969,"author":"6","status":"publish","date":"2021-11-03 10:34:36","date_utc":"2021-11-03 09:34:36","modified":"2021-11-03 10:34:36","modified_utc":"2021-11-03 09:34:36","url":"https:\/\/telemme.mmsh.fr\/?tribe_organizer=karima-direche","organizer":"Karima Dir\u00e8che","slug":"karima-direche","website":"https:\/\/telemme.mmsh.fr\/?membres=karima-direche","json_ld":{"@type":"Person","name":"Karima Dir\u00e8che","description":"","url":"https:\/\/telemme.mmsh.fr\/?membres=karima-direche","telephone":"","email":"","sameAs":"https:\/\/telemme.mmsh.fr\/?membres=karima-direche"},"global_id":"telemme.mmsh.fr?id=9969","global_id_lineage":["telemme.mmsh.fr?id=9969"]},{"id":14601,"author":"6","status":"publish","date":"2024-10-21 17:58:37","date_utc":"0000-00-00 00:00:00","modified":"2024-10-21 17:58:37","modified_utc":"0000-00-00 00:00:00","url":"https:\/\/telemme.mmsh.fr\/?tribe_organizer=delphine-peiretti-courtis","organizer":"Delphine Peiretti-Courtis","slug":"delphine-peiretti-courtis","json_ld":{"@type":"Person","name":"Delphine Peiretti-Courtis","description":"","url":"","telephone":"","email":"","sameAs":""},"global_id":"telemme.mmsh.fr?id=14601","global_id_lineage":["telemme.mmsh.fr?id=14601"]}],"custom_fields":[],"json_ld":{"@context":"http:\/\/schema.org","@type":"Event","name":"Frantz Fanon et son h\u00e9ritage : psychiatrie, colonisation et perspectives d\u00e9coloniales","description":"&lt;p&gt;Journ\u00e9e d\u2019\u00e9tude propos\u00e9e dans le cadre des journ\u00e9es La Recherche &amp; la Cit\u00e9 de TELEMMe Avec la participation du groupe Histoire de la sant\u00e9 : savoirs, acteurs, pratiques, Europe-M\u00e9diterran\u00e9e, du&hellip;&nbsp;&lt;a href=&quot;https:\/\/telemme.mmsh.fr\/?tribe_events=hommage-a-fanon&quot; rel=&quot;bookmark&quot;&gt;Lire la suite &raquo;&lt;span class=&quot;screen-reader-text&quot;&gt;Frantz Fanon et son h\u00e9ritage : psychiatrie, colonisation et perspectives d\u00e9coloniales&lt;\/span&gt;&lt;\/a&gt;&lt;\/p&gt;\\n","image":"https:\/\/telemme.mmsh.fr\/wp-content\/uploads\/2025\/11\/fanon.jpg","url":"https:\/\/telemme.mmsh.fr\/?tribe_events=hommage-a-fanon","eventAttendanceMode":"https:\/\/schema.org\/OnlineEventAttendanceMode","eventStatus":"https:\/\/schema.org\/EventScheduled","startDate":"2025-12-04T10:00:00+01:00","endDate":"2025-12-04T17:00:00+01:00","location":{"@type":"VirtualLocation","url":"https:\/\/www.youtube.com\/live\/8s_2hKvOEao?si=Ib5iPQs5mXoR5SvG"},"organizer":{"@type":"Person","name":"Karima Dir\u00e8che","description":"","url":"https:\/\/telemme.mmsh.fr\/?membres=karima-direche","telephone":"","email":"","sameAs":"https:\/\/telemme.mmsh.fr\/?membres=karima-direche"},"performer":"Organization"},"event_status":"","event_status_reason":null,"is_online":true,"online_url":" https:\/\/www.youtube.com\/live\/8s_2hKvOEao?si=Ib5iPQs5mXoR5SvG"}