{"id":15678,"global_id":"telemme.mmsh.fr?id=15678","global_id_lineage":["telemme.mmsh.fr?id=15678"],"author":"6","status":"publish","date":"2025-07-03 09:31:21","date_utc":"2025-07-03 07:31:21","modified":"2025-10-14 12:24:40","modified_utc":"2025-10-14 10:24:40","url":"https:\/\/telemme.mmsh.fr\/?tribe_events=hommage-a-yvonne-knibielher","rest_url":"https:\/\/telemme.mmsh.fr\/index.php?rest_route=\/tribe\/events\/v1\/events\/15678","title":"Journ\u00e9e d&rsquo;\u00e9tudes autour d&rsquo;Yvonne Knibiehler","description":"<p><span id=\"divtagdefaultwrapper\">Journ\u00e9e organis\u00e9e avec le soutien d&rsquo;Aix-Marseille Universit\u00e9 et de la Maison m\u00e9diterran\u00e9enne des sciences humaines et sociales- MMSH<\/span><\/p>\n<p>En format hybride<\/p>\n<p><a href=\"https:\/\/telemme.mmsh.fr\/?evenement=autour-dyvonne-hommage-a-yvonne-knibielher\"><strong>Programme d\u00e9taill\u00e9<\/strong><\/a><\/p>","excerpt":"","slug":"hommage-a-yvonne-knibielher","image":{"url":"https:\/\/telemme.mmsh.fr\/wp-content\/uploads\/2025\/07\/Photo_YvonneKnibiehler.jpg","id":15780,"extension":"jpg","width":930,"height":523,"filesize":42070,"sizes":{"medium":{"width":300,"height":169,"mime-type":"image\/jpeg","filesize":7710,"url":"https:\/\/telemme.mmsh.fr\/wp-content\/uploads\/2025\/07\/Photo_YvonneKnibiehler-300x169.jpg"},"thumbnail":{"width":150,"height":150,"mime-type":"image\/jpeg","filesize":4403,"url":"https:\/\/telemme.mmsh.fr\/wp-content\/uploads\/2025\/07\/Photo_YvonneKnibiehler-150x150.jpg"},"medium_large":{"width":768,"height":432,"mime-type":"image\/jpeg","filesize":30295,"url":"https:\/\/telemme.mmsh.fr\/wp-content\/uploads\/2025\/07\/Photo_YvonneKnibiehler-768x432.jpg"},"better-amp-small":{"width":100,"height":100,"mime-type":"image\/jpeg","filesize":2659,"url":"https:\/\/telemme.mmsh.fr\/wp-content\/uploads\/2025\/07\/Photo_YvonneKnibiehler-100x100.jpg"},"better-amp-normal":{"width":260,"height":200,"mime-type":"image\/jpeg","filesize":7965,"url":"https:\/\/telemme.mmsh.fr\/wp-content\/uploads\/2025\/07\/Photo_YvonneKnibiehler-260x200.jpg"},"better-amp-large":{"width":450,"height":300,"mime-type":"image\/jpeg","filesize":16487,"url":"https:\/\/telemme.mmsh.fr\/wp-content\/uploads\/2025\/07\/Photo_YvonneKnibiehler-450x300.jpg"},"sow-carousel-default":{"width":272,"height":182,"mime-type":"image\/jpeg","filesize":7654,"url":"https:\/\/telemme.mmsh.fr\/wp-content\/uploads\/2025\/07\/Photo_YvonneKnibiehler-272x182.jpg"}}},"all_day":false,"start_date":"2025-11-07 09:30:00","start_date_details":{"year":"2025","month":"11","day":"07","hour":"09","minutes":"30","seconds":"00"},"end_date":"2025-11-07 18:00:00","end_date_details":{"year":"2025","month":"11","day":"07","hour":"18","minutes":"00","seconds":"00"},"utc_start_date":"2025-11-07 08:30:00","utc_start_date_details":{"year":"2025","month":"11","day":"07","hour":"08","minutes":"30","seconds":"00"},"utc_end_date":"2025-11-07 17:00:00","utc_end_date_details":{"year":"2025","month":"11","day":"07","hour":"17","minutes":"00","seconds":"00"},"timezone":"Europe\/Paris","timezone_abbr":"CET","cost":"","cost_details":{"currency_symbol":"\u20ac","currency_code":"USD","currency_position":"suffix","values":[]},"website":"https:\/\/telemme.mmsh.fr\/?evenement=autour-dyvonne-hommage-a-yvonne-knibielher","show_map":true,"show_map_link":true,"hide_from_listings":false,"sticky":false,"featured":false,"categories":[{"name":"Journ\u00e9e d'\u00e9tudes","slug":"journee-detudes","term_group":0,"term_taxonomy_id":1823,"taxonomy":"tribe_events_cat","description":"","parent":0,"count":84,"filter":"raw","id":1823,"urls":{"self":"https:\/\/telemme.mmsh.fr\/index.php?rest_route=\/tribe\/events\/v1\/categories\/1823","collection":"https:\/\/telemme.mmsh.fr\/index.php?rest_route=\/tribe\/events\/v1\/categories"}}],"tags":[{"name":"Genre dans l\u2019espace euro-m\u00e9diterran\u00e9en (GEEM)","slug":"genre-dans-lespace-euro-mediterraneen-geem","term_group":0,"term_taxonomy_id":2886,"taxonomy":"post_tag","description":"","parent":0,"count":5,"filter":"raw","id":2886,"urls":{"self":"https:\/\/telemme.mmsh.fr\/index.php?rest_route=\/tribe\/events\/v1\/tags\/2886","collection":"https:\/\/telemme.mmsh.fr\/index.php?rest_route=\/tribe\/events\/v1\/tags"}},{"name":"Yvonne Knibiehler","slug":"yvonne-knibiehler","term_group":0,"term_taxonomy_id":2973,"taxonomy":"post_tag","description":"","parent":0,"count":1,"filter":"raw","id":2973,"urls":{"self":"https:\/\/telemme.mmsh.fr\/index.php?rest_route=\/tribe\/events\/v1\/tags\/2973","collection":"https:\/\/telemme.mmsh.fr\/index.php?rest_route=\/tribe\/events\/v1\/tags"}}],"venue":{"id":3497,"author":"6","status":"publish","date":"2021-01-21 16:40:33","date_utc":"2021-01-21 15:40:33","modified":"2021-09-24 16:02:36","modified_utc":"2021-09-24 14:02:36","url":"https:\/\/telemme.mmsh.fr\/?tribe_venue=salle-duby","venue":"Salle Georges Duby &#8211; MMSH, Aix-en-Provence","slug":"salle-duby","address":"MMSH, 5 rue du Ch\u00e2teau de l'Horloge","city":"Aix-en-Provence","country":"France","zip":"13090","json_ld":{"@type":"Place","name":"Salle Georges Duby &#8211; MMSH, Aix-en-Provence","description":"","url":"","address":{"@type":"PostalAddress","streetAddress":"MMSH, 5 rue du Ch\u00e2teau de l&#039;Horloge","addressLocality":"Aix-en-Provence","postalCode":"13090","addressCountry":"France"},"telephone":"","sameAs":""},"show_map":true,"show_map_link":true,"global_id":"telemme.mmsh.fr?id=3497","global_id_lineage":["telemme.mmsh.fr?id=3497"]},"organizer":[{"id":3551,"author":"6","status":"publish","date":"2021-01-22 10:21:34","date_utc":"2021-01-22 09:21:34","modified":"2021-06-25 16:48:53","modified_utc":"2021-06-25 14:48:53","url":"https:\/\/telemme.mmsh.fr\/?tribe_organizer=karine-lambert","organizer":"Karine Lambert","slug":"karine-lambert","website":"https:\/\/telemme.mmsh.fr\/?membres=karine-lambert","json_ld":{"@type":"Person","name":"Karine Lambert","description":"","url":"https:\/\/telemme.mmsh.fr\/?membres=karine-lambert","telephone":"","email":"","sameAs":"https:\/\/telemme.mmsh.fr\/?membres=karine-lambert"},"global_id":"telemme.mmsh.fr?id=3551","global_id_lineage":["telemme.mmsh.fr?id=3551"]},{"id":15784,"author":"6","status":"publish","date":"2025-07-21 09:56:13","date_utc":"2025-07-21 07:56:13","modified":"2025-07-21 09:56:13","modified_utc":"2025-07-21 07:56:13","url":"https:\/\/telemme.mmsh.fr\/?tribe_organizer=francesca-arena","organizer":"Francesca Arena","slug":"francesca-arena","website":"https:\/\/telemme.mmsh.fr\/?membres=francesca-arena","json_ld":{"@type":"Person","name":"Francesca Arena","description":"","url":"https:\/\/telemme.mmsh.fr\/?membres=francesca-arena","telephone":"","email":"","sameAs":"https:\/\/telemme.mmsh.fr\/?membres=francesca-arena"},"global_id":"telemme.mmsh.fr?id=15784","global_id_lineage":["telemme.mmsh.fr?id=15784"]}],"custom_fields":[],"json_ld":{"@context":"http:\/\/schema.org","@type":"Event","name":"Journ\u00e9e d&rsquo;\u00e9tudes autour d&rsquo;Yvonne Knibiehler","description":"&lt;p&gt;Journ\u00e9e organis\u00e9e avec le soutien d\\'Aix-Marseille Universit\u00e9 et de la Maison m\u00e9diterran\u00e9enne des sciences humaines et sociales- MMSH En format hybride Programme d\u00e9taill\u00e9&lt;\/p&gt;\\n","image":"https:\/\/telemme.mmsh.fr\/wp-content\/uploads\/2025\/07\/Photo_YvonneKnibiehler.jpg","url":"https:\/\/telemme.mmsh.fr\/?tribe_events=hommage-a-yvonne-knibielher","eventAttendanceMode":"https:\/\/schema.org\/OnlineEventAttendanceMode","eventStatus":"https:\/\/schema.org\/EventScheduled","startDate":"2025-11-07T09:30:00+01:00","endDate":"2025-11-07T18:00:00+01:00","location":{"@type":"VirtualLocation","url":"https:\/\/univ-amu-fr.zoom.us\/j\/9753141929"},"organizer":{"@type":"Person","name":"Karine Lambert","description":"","url":"https:\/\/telemme.mmsh.fr\/?membres=karine-lambert","telephone":"","email":"","sameAs":"https:\/\/telemme.mmsh.fr\/?membres=karine-lambert"},"performer":"Organization"},"event_status":"","event_status_reason":null,"is_online":true,"online_url":"https:\/\/univ-amu-fr.zoom.us\/j\/9753141929"}