{"id":15671,"global_id":"telemme.mmsh.fr?id=15671","global_id_lineage":["telemme.mmsh.fr?id=15671"],"author":"6","status":"publish","date":"2025-07-03 09:24:11","date_utc":"2025-07-03 07:24:11","modified":"2025-11-05 09:30:19","modified_utc":"2025-11-05 08:30:19","url":"https:\/\/telemme.mmsh.fr\/?tribe_events=50e-anniversaire-de-la-mort-de-franco","rest_url":"https:\/\/telemme.mmsh.fr\/index.php?rest_route=\/tribe\/events\/v1\/events\/15671","title":"Usages m\u00e9moriels de la mort de Franco et r\u00e9cits de la Transition : regards crois\u00e9s entre litt\u00e9rature et histoire (1975-2025)","description":"<p>Cette journ\u00e9e d\u2019\u00e9tude interroge la m\u00e9moire du franquisme et de la Transition \u00e0 travers <i><b>La ca\u00edda de Madrid<\/b><\/i><b> de Rafael Chirbes<\/b> (2000) et les d\u00e9bats suscit\u00e9s par <b>la comm\u00e9moration du cinquantenaire de la mort de Franco en 2025.<\/b> Elle r\u00e9unit <b>trois sp\u00e9cialistes de litt\u00e9rature et deux historiens<\/b> pour r\u00e9fl\u00e9chir aux usages politiques du pass\u00e9, entre contre-m\u00e9moire litt\u00e9raire au tournant des ann\u00e9es 2000 et pol\u00e9miques actuelles. Parmi celles-ci, le manifeste <b>\u00ab Contra Franco \u00bb<\/b>, sign\u00e9 par plusieurs romanciers et intellectuels espagnols dont l\u2019historien Jordi Canal, qui d\u00e9noncent la comm\u00e9moration officielle comme une \u201cpropagande <i>guerracivilista\u201d<\/i> et affirment que \u00ab la seule comm\u00e9moration possible est celle de la Constitution de 1978 \u00bb.<\/p>\n<p><a href=\"https:\/\/telemme.mmsh.fr\/?evenement=usages-memoriels-de-la-mort-de-franco-et-recits-de-la-transition\"><strong>Programme en ligne<\/strong><\/a><\/p>","excerpt":"","slug":"50e-anniversaire-de-la-mort-de-franco","image":{"url":"https:\/\/telemme.mmsh.fr\/wp-content\/uploads\/2025\/10\/FrancoHaMuerto.png","id":16053,"extension":"png","width":500,"height":431,"filesize":447982,"sizes":{"medium":{"width":300,"height":259,"mime-type":"image\/png","filesize":51947,"url":"https:\/\/telemme.mmsh.fr\/wp-content\/uploads\/2025\/10\/FrancoHaMuerto-300x259.png"},"thumbnail":{"width":150,"height":150,"mime-type":"image\/png","filesize":17058,"url":"https:\/\/telemme.mmsh.fr\/wp-content\/uploads\/2025\/10\/FrancoHaMuerto-150x150.png"},"better-amp-small":{"width":100,"height":100,"mime-type":"image\/png","filesize":8305,"url":"https:\/\/telemme.mmsh.fr\/wp-content\/uploads\/2025\/10\/FrancoHaMuerto-100x100.png"},"better-amp-normal":{"width":260,"height":200,"mime-type":"image\/png","filesize":35813,"url":"https:\/\/telemme.mmsh.fr\/wp-content\/uploads\/2025\/10\/FrancoHaMuerto-260x200.png"},"better-amp-large":{"width":450,"height":300,"mime-type":"image\/png","filesize":92296,"url":"https:\/\/telemme.mmsh.fr\/wp-content\/uploads\/2025\/10\/FrancoHaMuerto-450x300.png"},"sow-carousel-default":{"width":272,"height":182,"mime-type":"image\/png","filesize":34095,"url":"https:\/\/telemme.mmsh.fr\/wp-content\/uploads\/2025\/10\/FrancoHaMuerto-272x182.png"}}},"all_day":false,"start_date":"2025-11-10 09:30:00","start_date_details":{"year":"2025","month":"11","day":"10","hour":"09","minutes":"30","seconds":"00"},"end_date":"2025-11-10 15:30:00","end_date_details":{"year":"2025","month":"11","day":"10","hour":"15","minutes":"30","seconds":"00"},"utc_start_date":"2025-11-10 08:30:00","utc_start_date_details":{"year":"2025","month":"11","day":"10","hour":"08","minutes":"30","seconds":"00"},"utc_end_date":"2025-11-10 14:30:00","utc_end_date_details":{"year":"2025","month":"11","day":"10","hour":"14","minutes":"30","seconds":"00"},"timezone":"Europe\/Paris","timezone_abbr":"CET","cost":"","cost_details":{"currency_symbol":"\u20ac","currency_code":"USD","currency_position":"suffix","values":[]},"website":"https:\/\/telemme.mmsh.fr\/?evenement=usages-memoriels-de-la-mort-de-franco-et-recits-de-la-transition","show_map":true,"show_map_link":true,"hide_from_listings":false,"sticky":false,"featured":false,"categories":[{"name":"Journ\u00e9e d'\u00e9tudes","slug":"journee-detudes","term_group":0,"term_taxonomy_id":1823,"taxonomy":"tribe_events_cat","description":"","parent":0,"count":84,"filter":"raw","id":1823,"urls":{"self":"https:\/\/telemme.mmsh.fr\/index.php?rest_route=\/tribe\/events\/v1\/categories\/1823","collection":"https:\/\/telemme.mmsh.fr\/index.php?rest_route=\/tribe\/events\/v1\/categories"}}],"tags":[{"name":"DEHLAM","slug":"dehlam","term_group":0,"term_taxonomy_id":3012,"taxonomy":"post_tag","description":"","parent":0,"count":1,"filter":"raw","id":3012,"urls":{"self":"https:\/\/telemme.mmsh.fr\/index.php?rest_route=\/tribe\/events\/v1\/tags\/3012","collection":"https:\/\/telemme.mmsh.fr\/index.php?rest_route=\/tribe\/events\/v1\/tags"}},{"name":"Histoire contemporaine de l'Espagne","slug":"histoire-contemporaine-de-lespagne","term_group":0,"term_taxonomy_id":2093,"taxonomy":"post_tag","description":"","parent":0,"count":4,"filter":"raw","id":2093,"urls":{"self":"https:\/\/telemme.mmsh.fr\/index.php?rest_route=\/tribe\/events\/v1\/tags\/2093","collection":"https:\/\/telemme.mmsh.fr\/index.php?rest_route=\/tribe\/events\/v1\/tags"}}],"venue":{"id":16055,"author":"6","status":"publish","date":"2025-10-21 16:18:41","date_utc":"2025-10-21 14:18:41","modified":"2025-10-21 16:18:41","modified_utc":"2025-10-21 14:18:41","url":"https:\/\/telemme.mmsh.fr\/?tribe_venue=salle-des-colloques-1-batiment-multimedia-face-a-la-maison-de-la-recherche-29-avenue-schuman-aix-marseille-universite-aix-en-provence","venue":"Salle des Colloques 1, B\u00e2timent Multim\u00e9dia, face \u00e0 la Maison de la recherche, 29 avenue Schuman, Aix-Marseille Universit\u00e9, Aix-en-Provence","slug":"salle-des-colloques-1-batiment-multimedia-face-a-la-maison-de-la-recherche-29-avenue-schuman-aix-marseille-universite-aix-en-provence","address":"29 avenue Robert Schuman","city":"Aix-en-Provence","country":"France","zip":"13100","json_ld":{"@type":"Place","name":"Salle des Colloques 1, B\u00e2timent Multim\u00e9dia, face \u00e0 la Maison de la recherche, 29 avenue Schuman, Aix-Marseille Universit\u00e9, Aix-en-Provence","description":"","url":"","address":{"@type":"PostalAddress","streetAddress":"29 avenue Robert Schuman","addressLocality":"Aix-en-Provence","postalCode":"13100","addressCountry":"France"},"telephone":"","sameAs":""},"show_map":true,"show_map_link":true,"global_id":"telemme.mmsh.fr?id=16055","global_id_lineage":["telemme.mmsh.fr?id=16055"]},"organizer":[{"id":3492,"author":"6","status":"publish","date":"2021-01-21 16:23:51","date_utc":"2021-01-21 15:23:51","modified":"2021-01-21 16:52:11","modified_utc":"2021-01-21 15:52:11","url":"https:\/\/telemme.mmsh.fr\/?tribe_organizer=severiano-rojo-hernadez","organizer":"Severiano Rojo Hernandez","slug":"severiano-rojo-hernadez","website":"telemme.mmsh.univ-aix.fr\/membres\/severiano-rojo-hernandez\/","json_ld":{"@type":"Person","name":"Severiano Rojo Hernandez","description":"","url":"http:\/\/telemme.mmsh.univ-aix.fr\/membres\/severiano-rojo-hernandez\/","telephone":"","email":"","sameAs":"http:\/\/telemme.mmsh.univ-aix.fr\/membres\/severiano-rojo-hernandez\/"},"global_id":"telemme.mmsh.fr?id=3492","global_id_lineage":["telemme.mmsh.fr?id=3492"]},{"id":15672,"author":"6","status":"publish","date":"2025-07-03 09:24:11","date_utc":"2025-07-03 07:24:11","modified":"2025-07-03 09:24:11","modified_utc":"2025-07-03 07:24:11","url":"https:\/\/telemme.mmsh.fr\/?tribe_organizer=agnes-delage","organizer":"Agn\u00e8s Delage","slug":"agnes-delage","website":"https:\/\/telemme.mmsh.fr\/?membres=agnes-delage","json_ld":{"@type":"Person","name":"Agn\u00e8s Delage","description":"","url":"https:\/\/telemme.mmsh.fr\/?membres=agnes-delage","telephone":"","email":"","sameAs":"https:\/\/telemme.mmsh.fr\/?membres=agnes-delage"},"global_id":"telemme.mmsh.fr?id=15672","global_id_lineage":["telemme.mmsh.fr?id=15672"]}],"custom_fields":[],"json_ld":{"@context":"http:\/\/schema.org","@type":"Event","name":"Usages m\u00e9moriels de la mort de Franco et r\u00e9cits de la Transition : regards crois\u00e9s entre litt\u00e9rature et histoire (1975-2025)","description":"&lt;p&gt;Cette journ\u00e9e d\u2019\u00e9tude interroge la m\u00e9moire du franquisme et de la Transition \u00e0 travers La ca\u00edda de Madrid de Rafael Chirbes (2000) et les d\u00e9bats suscit\u00e9s par la comm\u00e9moration du&hellip;&nbsp;&lt;a href=&quot;https:\/\/telemme.mmsh.fr\/?tribe_events=50e-anniversaire-de-la-mort-de-franco&quot; rel=&quot;bookmark&quot;&gt;Lire la suite &raquo;&lt;span class=&quot;screen-reader-text&quot;&gt;Usages m\u00e9moriels de la mort de Franco et r\u00e9cits de la Transition : regards crois\u00e9s entre litt\u00e9rature et histoire (1975-2025)&lt;\/span&gt;&lt;\/a&gt;&lt;\/p&gt;\\n","image":"https:\/\/telemme.mmsh.fr\/wp-content\/uploads\/2025\/10\/FrancoHaMuerto.png","url":"https:\/\/telemme.mmsh.fr\/?tribe_events=50e-anniversaire-de-la-mort-de-franco","eventAttendanceMode":"https:\/\/schema.org\/OfflineEventAttendanceMode","eventStatus":"https:\/\/schema.org\/EventScheduled","startDate":"2025-11-10T09:30:00+01:00","endDate":"2025-11-10T15:30:00+01:00","location":{"@type":"Place","name":"Salle des Colloques 1, B\u00e2timent Multim\u00e9dia, face \u00e0 la Maison de la recherche, 29 avenue Schuman, Aix-Marseille Universit\u00e9, Aix-en-Provence","description":"","url":"","address":{"@type":"PostalAddress","streetAddress":"29 avenue Robert Schuman","addressLocality":"Aix-en-Provence","postalCode":"13100","addressCountry":"France"},"telephone":"","sameAs":""},"organizer":{"@type":"Person","name":"Severiano Rojo Hernandez","description":"","url":"http:\/\/telemme.mmsh.univ-aix.fr\/membres\/severiano-rojo-hernandez\/","telephone":"","email":"","sameAs":"http:\/\/telemme.mmsh.univ-aix.fr\/membres\/severiano-rojo-hernandez\/"},"performer":"Organization"}}