{"id":15654,"global_id":"telemme.mmsh.fr?id=15654","global_id_lineage":["telemme.mmsh.fr?id=15654"],"author":"6","status":"publish","date":"2025-07-02 11:50:02","date_utc":"2025-07-02 09:50:02","modified":"2025-09-22 16:51:27","modified_utc":"2025-09-22 14:51:27","url":"https:\/\/telemme.mmsh.fr\/?tribe_events=balkan-matters-cultures-materielles-dans-les-balkans","rest_url":"https:\/\/telemme.mmsh.fr\/index.php?rest_route=\/tribe\/events\/v1\/events\/15654","title":"Balkan matters! Cultures mat\u00e9rielles dans les Balkans","description":"<p>Organis\u00e9es par l\u2019Association fran\u00e7aise d\u2019\u00e9tudes sur les Balkans (AFEBalk,\u00a0<a href=\"https:\/\/afebalk.hypotheses.org\/\">https:\/\/afebalk.hypotheses.org\/<\/a>), les <strong>cinqui\u00e8mes Rencontres d\u2019Etudes Balkaniques<\/strong> se\u00a0tiendront au Mucem \u00e0 Marseille du <strong>25 au 27 septembre 2025<\/strong>. Moment important dans la\u00a0vie de l\u2019AFEBalk, les REB permettent aux chercheurs et doctorants de pr\u00e9senter leurs\u00a0recherches en cours et leurs publications r\u00e9centes. Elles permettent aussi \u00e0\u00a0l\u2019association de pr\u00e9senter ses activit\u00e9s, de recruter de nouveaux membres et de tenir son\u00a0assembl\u00e9e g\u00e9n\u00e9rale annuelle. Dans le prolongement des rencontres pr\u00e9c\u00e9dentes,\u00a0l\u2019\u00e9v\u00e9nement de 2025 vise \u00e0 rassembler les forces vives de la recherche sur les Balkans\u00a0autour d\u2019un th\u00e8me transversal. Cette ann\u00e9e, la th\u00e9matique retenue, <strong>Balkan matters\u00a0! Cultures mat\u00e9rielles dans les Balkans<\/strong>, aura pour objectif de faire un \u00e9tat des lieux de la\u00a0recherche autour des cultures mat\u00e9rielles dans et sur les Balkans et ainsi de stimuler de\u00a0nouvelles recherches.<\/p>\n<p>Cette orientation permettra de renforcer le lien entre l\u2019AFEBalk et le Mucem, apr\u00e8s huit\u00a0ann\u00e9es de collaboration fructueuse. En choisissant de mettre au centre de l\u2019attention les\u00a0objets et la culture mat\u00e9rielle, il s\u2019agira \u00e9galement de faire dialoguer les chercheurs en\u00a0sciences sociales et l\u2019institution mus\u00e9ale, en croisant leurs missions compl\u00e9mentaires.\u00a0Dans cette perspective, nous proposons diff\u00e9rentes activit\u00e9s de mise en relation entre\u00a0les chercheurs et le mus\u00e9e en amont, au cours et \u00e0 la suite de l\u2019\u00e9v\u00e9nement. Nous\u00a0affirmons \u00e9galement de ce point de vue l\u2019int\u00e9r\u00eat de l\u2019AFEBalk pour associer \u00e0 la\u00a0recherche sur les Balkans diff\u00e9rents partenaires institutionnels dans les domaines de la\u00a0diffusion de la connaissance et de la culture scientifique, aux \u00e9chelles nationale et\u00a0internationale.<\/p>\n<p><a href=\"https:\/\/telemme.mmsh.fr\/?evenement=balkan-matters-cultures-materielles-dans-les-balkans\"><strong>Programme complet<\/strong><\/a><\/p>","excerpt":"","slug":"balkan-matters-cultures-materielles-dans-les-balkans","image":{"url":"https:\/\/telemme.mmsh.fr\/wp-content\/uploads\/2025\/09\/REB5_Affiche-scaled.jpg","id":15940,"extension":"jpg","width":1804,"height":2560,"filesize":326246,"sizes":{"medium":{"width":211,"height":300,"mime-type":"image\/jpeg","filesize":17017,"url":"https:\/\/telemme.mmsh.fr\/wp-content\/uploads\/2025\/09\/REB5_Affiche-211x300.jpg"},"large":{"width":722,"height":1024,"mime-type":"image\/jpeg","filesize":87269,"url":"https:\/\/telemme.mmsh.fr\/wp-content\/uploads\/2025\/09\/REB5_Affiche-722x1024.jpg"},"thumbnail":{"width":150,"height":150,"mime-type":"image\/jpeg","filesize":8471,"url":"https:\/\/telemme.mmsh.fr\/wp-content\/uploads\/2025\/09\/REB5_Affiche-150x150.jpg"},"medium_large":{"width":768,"height":1090,"mime-type":"image\/jpeg","filesize":94731,"url":"https:\/\/telemme.mmsh.fr\/wp-content\/uploads\/2025\/09\/REB5_Affiche-768x1090.jpg"},"1536x1536":{"width":1083,"height":1536,"mime-type":"image\/jpeg","filesize":155366,"url":"https:\/\/telemme.mmsh.fr\/wp-content\/uploads\/2025\/09\/REB5_Affiche-1083x1536.jpg"},"2048x2048":{"width":1444,"height":2048,"mime-type":"image\/jpeg","filesize":235848,"url":"https:\/\/telemme.mmsh.fr\/wp-content\/uploads\/2025\/09\/REB5_Affiche-1444x2048.jpg"},"better-amp-small":{"width":100,"height":100,"mime-type":"image\/jpeg","filesize":6139,"url":"https:\/\/telemme.mmsh.fr\/wp-content\/uploads\/2025\/09\/REB5_Affiche-100x100.jpg"},"better-amp-normal":{"width":260,"height":200,"mime-type":"image\/jpeg","filesize":12983,"url":"https:\/\/telemme.mmsh.fr\/wp-content\/uploads\/2025\/09\/REB5_Affiche-260x200.jpg"},"better-amp-large":{"width":450,"height":300,"mime-type":"image\/jpeg","filesize":20340,"url":"https:\/\/telemme.mmsh.fr\/wp-content\/uploads\/2025\/09\/REB5_Affiche-450x300.jpg"},"neve-blog":{"width":930,"height":620,"mime-type":"image\/jpeg","filesize":52999,"url":"https:\/\/telemme.mmsh.fr\/wp-content\/uploads\/2025\/09\/REB5_Affiche-930x620.jpg"},"mailpoet_newsletter_max":{"width":1320,"height":1873,"mime-type":"image\/jpeg","filesize":209631,"url":"https:\/\/telemme.mmsh.fr\/wp-content\/uploads\/2025\/09\/REB5_Affiche-1320x1873.jpg"},"sow-carousel-default":{"width":272,"height":182,"mime-type":"image\/jpeg","filesize":11435,"url":"https:\/\/telemme.mmsh.fr\/wp-content\/uploads\/2025\/09\/REB5_Affiche-272x182.jpg"}},"original_image":"REB5_Affiche.jpg"},"all_day":true,"start_date":"2025-09-25 00:00:00","start_date_details":{"year":"2025","month":"09","day":"25","hour":"00","minutes":"00","seconds":"00"},"end_date":"2025-09-27 23:59:59","end_date_details":{"year":"2025","month":"09","day":"27","hour":"23","minutes":"59","seconds":"59"},"utc_start_date":"2025-09-24 22:00:00","utc_start_date_details":{"year":"2025","month":"09","day":"24","hour":"22","minutes":"00","seconds":"00"},"utc_end_date":"2025-09-27 21:59:59","utc_end_date_details":{"year":"2025","month":"09","day":"27","hour":"21","minutes":"59","seconds":"59"},"timezone":"Europe\/Paris","timezone_abbr":"CEST","cost":"","cost_details":{"currency_symbol":"\u20ac","currency_code":"USD","currency_position":"suffix","values":[]},"website":"https:\/\/telemme.mmsh.fr\/?evenement=balkan-matters-cultures-materielles-dans-les-balkans","show_map":true,"show_map_link":true,"hide_from_listings":false,"sticky":false,"featured":false,"categories":[{"name":"Rencontre","slug":"rencontre","term_group":0,"term_taxonomy_id":2401,"taxonomy":"tribe_events_cat","description":"","parent":0,"count":2,"filter":"raw","id":2401,"urls":{"self":"https:\/\/telemme.mmsh.fr\/index.php?rest_route=\/tribe\/events\/v1\/categories\/2401","collection":"https:\/\/telemme.mmsh.fr\/index.php?rest_route=\/tribe\/events\/v1\/categories"}}],"tags":[{"name":"3.1 \u2013 G\u00e9o-histoire de l\u2019environnement en M\u00e9diterran\u00e9e","slug":"3-1-geo-histoire-de-lenvironnement-en-mediterranee","term_group":0,"term_taxonomy_id":2849,"taxonomy":"post_tag","description":"","parent":0,"count":12,"filter":"raw","id":2849,"urls":{"self":"https:\/\/telemme.mmsh.fr\/index.php?rest_route=\/tribe\/events\/v1\/tags\/2849","collection":"https:\/\/telemme.mmsh.fr\/index.php?rest_route=\/tribe\/events\/v1\/tags"}},{"name":"AFEBALK","slug":"afebalk","term_group":0,"term_taxonomy_id":2996,"taxonomy":"post_tag","description":"","parent":0,"count":2,"filter":"raw","id":2996,"urls":{"self":"https:\/\/telemme.mmsh.fr\/index.php?rest_route=\/tribe\/events\/v1\/tags\/2996","collection":"https:\/\/telemme.mmsh.fr\/index.php?rest_route=\/tribe\/events\/v1\/tags"}},{"name":"\u00e9tudes balkaniques","slug":"etudes-balkaniques","term_group":0,"term_taxonomy_id":2968,"taxonomy":"post_tag","description":"","parent":0,"count":1,"filter":"raw","id":2968,"urls":{"self":"https:\/\/telemme.mmsh.fr\/index.php?rest_route=\/tribe\/events\/v1\/tags\/2968","collection":"https:\/\/telemme.mmsh.fr\/index.php?rest_route=\/tribe\/events\/v1\/tags"}}],"venue":{"id":10565,"author":"6","status":"publish","date":"2022-02-04 16:48:51","date_utc":"2022-02-04 15:48:51","modified":"2022-02-04 16:48:51","modified_utc":"2022-02-04 15:48:51","url":"https:\/\/telemme.mmsh.fr\/?tribe_venue=mucemlab","venue":"MucemLab","slug":"mucemlab","address":"201 Quai du Port","city":"Marseille","country":"France","zip":"13002","json_ld":{"@type":"Place","name":"MucemLab","description":"","url":"","address":{"@type":"PostalAddress","streetAddress":"201 Quai du Port","addressLocality":"Marseille","postalCode":"13002","addressCountry":"France"},"telephone":"","sameAs":""},"show_map":true,"show_map_link":true,"global_id":"telemme.mmsh.fr?id=10565","global_id_lineage":["telemme.mmsh.fr?id=10565"]},"organizer":[{"id":3647,"author":"6","status":"publish","date":"2021-01-22 15:31:25","date_utc":"2021-01-22 14:31:25","modified":"2021-01-22 15:31:25","modified_utc":"2021-01-22 14:31:25","url":"https:\/\/telemme.mmsh.fr\/?tribe_organizer=pierre-sintes","organizer":"Pierre Sint\u00e8s","slug":"pierre-sintes","website":"telemme.mmsh.univ-aix.fr\/membres\/pierre-sintes\/","json_ld":{"@type":"Person","name":"Pierre Sint\u00e8s","description":"","url":"http:\/\/telemme.mmsh.univ-aix.fr\/membres\/pierre-sintes\/","telephone":"","email":"","sameAs":"http:\/\/telemme.mmsh.univ-aix.fr\/membres\/pierre-sintes\/"},"global_id":"telemme.mmsh.fr?id=3647","global_id_lineage":["telemme.mmsh.fr?id=3647"]},{"id":15656,"author":"6","status":"publish","date":"2025-07-02 11:50:02","date_utc":"2025-07-02 09:50:02","modified":"2025-07-02 11:50:02","modified_utc":"2025-07-02 09:50:02","url":"https:\/\/telemme.mmsh.fr\/?tribe_organizer=oriane-crouteix","organizer":"Oriane Crouteix","slug":"oriane-crouteix","website":"https:\/\/telemme.mmsh.fr\/?membres=orianne-crouteix","json_ld":{"@type":"Person","name":"Oriane Crouteix","description":"","url":"https:\/\/telemme.mmsh.fr\/?membres=orianne-crouteix","telephone":"","email":"","sameAs":"https:\/\/telemme.mmsh.fr\/?membres=orianne-crouteix"},"global_id":"telemme.mmsh.fr?id=15656","global_id_lineage":["telemme.mmsh.fr?id=15656"]}],"custom_fields":[],"json_ld":{"@context":"http:\/\/schema.org","@type":"Event","name":"Balkan matters! Cultures mat\u00e9rielles dans les Balkans","description":"&lt;p&gt;Organis\u00e9es par l\u2019Association fran\u00e7aise d\u2019\u00e9tudes sur les Balkans (AFEBalk,\u00a0https:\/\/afebalk.hypotheses.org\/), les cinqui\u00e8mes Rencontres d\u2019Etudes Balkaniques se\u00a0tiendront au Mucem \u00e0 Marseille du 25 au 27 septembre 2025. Moment important dans la\u00a0vie de&hellip;&nbsp;&lt;a href=&quot;https:\/\/telemme.mmsh.fr\/?tribe_events=balkan-matters-cultures-materielles-dans-les-balkans&quot; rel=&quot;bookmark&quot;&gt;Lire la suite &raquo;&lt;span class=&quot;screen-reader-text&quot;&gt;Balkan matters! Cultures mat\u00e9rielles dans les Balkans&lt;\/span&gt;&lt;\/a&gt;&lt;\/p&gt;\\n","image":"https:\/\/telemme.mmsh.fr\/wp-content\/uploads\/2025\/09\/REB5_Affiche-scaled.jpg","url":"https:\/\/telemme.mmsh.fr\/?tribe_events=balkan-matters-cultures-materielles-dans-les-balkans","eventAttendanceMode":"https:\/\/schema.org\/OfflineEventAttendanceMode","eventStatus":"https:\/\/schema.org\/EventScheduled","startDate":"2025-09-25T00:00:00+02:00","endDate":"2025-09-27T23:59:59+02:00","location":{"@type":"Place","name":"MucemLab","description":"","url":"","address":{"@type":"PostalAddress","streetAddress":"201 Quai du Port","addressLocality":"Marseille","postalCode":"13002","addressCountry":"France"},"telephone":"","sameAs":""},"organizer":{"@type":"Person","name":"Pierre Sint\u00e8s","description":"","url":"http:\/\/telemme.mmsh.univ-aix.fr\/membres\/pierre-sintes\/","telephone":"","email":"","sameAs":"http:\/\/telemme.mmsh.univ-aix.fr\/membres\/pierre-sintes\/"},"performer":"Organization"}}