{"id":15497,"global_id":"telemme.mmsh.fr?id=15497","global_id_lineage":["telemme.mmsh.fr?id=15497"],"author":"6","status":"publish","date":"2025-05-05 17:17:36","date_utc":"2025-05-05 15:17:36","modified":"2025-05-05 17:17:36","modified_utc":"2025-05-05 15:17:36","url":"https:\/\/telemme.mmsh.fr\/?tribe_events=psychiatrie-genre-et-race","rest_url":"https:\/\/telemme.mmsh.fr\/index.php?rest_route=\/tribe\/events\/v1\/events\/15497","title":"Psychiatrie, genre et race","description":"<p>La s\u00e9ance portera sur l\u2019histoire de la psychiatrie en contexte de domination, \u00e0 l\u2019aune des cat\u00e9gories de genre et de race. Il s\u2019agira d\u2019interroger la fabrique des savoirs et les pratiques de soin en sant\u00e9 mentale aupr\u00e8s d\u2019individus pathologis\u00e9s, racialis\u00e9s et soumis, en Afrique du Nord et en Am\u00e9rique du Nord aux XIX<sup>e<\/sup> et XX<sup>e<\/sup> si\u00e8cles. Cette question sera saisie \u00e0 partir des domaines de recherche des deux participantes : l\u2019histoire de la psychiatrie raciale dans un contexte d\u2019esclavage et de s\u00e9gr\u00e9gation raciale\u00a0; et la gen\u00e8se de la psychiatrie dans le contexte colonial nord-africain.<\/p>\n<p><a href=\"https:\/\/telemme.mmsh.fr\/?evenement=psychiatrie-genre-et-race\"><strong>Programme complet<\/strong><\/a><\/p>","excerpt":"","slug":"psychiatrie-genre-et-race","image":{"url":"https:\/\/telemme.mmsh.fr\/wp-content\/uploads\/2025\/05\/Fanon_LaManouba_1958.jpg","id":15496,"extension":"jpg","width":871,"height":605,"filesize":113343,"sizes":{"medium":{"width":300,"height":208,"mime-type":"image\/jpeg","filesize":13830,"url":"https:\/\/telemme.mmsh.fr\/wp-content\/uploads\/2025\/05\/Fanon_LaManouba_1958-300x208.jpg"},"thumbnail":{"width":150,"height":150,"mime-type":"image\/jpeg","filesize":6279,"url":"https:\/\/telemme.mmsh.fr\/wp-content\/uploads\/2025\/05\/Fanon_LaManouba_1958-150x150.jpg"},"medium_large":{"width":768,"height":533,"mime-type":"image\/jpeg","filesize":60472,"url":"https:\/\/telemme.mmsh.fr\/wp-content\/uploads\/2025\/05\/Fanon_LaManouba_1958-768x533.jpg"},"better-amp-small":{"width":100,"height":100,"mime-type":"image\/jpeg","filesize":3485,"url":"https:\/\/telemme.mmsh.fr\/wp-content\/uploads\/2025\/05\/Fanon_LaManouba_1958-100x100.jpg"},"better-amp-normal":{"width":260,"height":200,"mime-type":"image\/jpeg","filesize":12164,"url":"https:\/\/telemme.mmsh.fr\/wp-content\/uploads\/2025\/05\/Fanon_LaManouba_1958-260x200.jpg"},"better-amp-large":{"width":450,"height":300,"mime-type":"image\/jpeg","filesize":25915,"url":"https:\/\/telemme.mmsh.fr\/wp-content\/uploads\/2025\/05\/Fanon_LaManouba_1958-450x300.jpg"},"sow-carousel-default":{"width":272,"height":182,"mime-type":"image\/jpeg","filesize":11633,"url":"https:\/\/telemme.mmsh.fr\/wp-content\/uploads\/2025\/05\/Fanon_LaManouba_1958-272x182.jpg"}}},"all_day":false,"start_date":"2025-05-28 09:30:00","start_date_details":{"year":"2025","month":"05","day":"28","hour":"09","minutes":"30","seconds":"00"},"end_date":"2025-05-28 12:00:00","end_date_details":{"year":"2025","month":"05","day":"28","hour":"12","minutes":"00","seconds":"00"},"utc_start_date":"2025-05-28 07:30:00","utc_start_date_details":{"year":"2025","month":"05","day":"28","hour":"07","minutes":"30","seconds":"00"},"utc_end_date":"2025-05-28 10:00:00","utc_end_date_details":{"year":"2025","month":"05","day":"28","hour":"10","minutes":"00","seconds":"00"},"timezone":"Europe\/Paris","timezone_abbr":"CEST","cost":"","cost_details":{"currency_symbol":"\u20ac","currency_code":"USD","currency_position":"suffix","values":[]},"website":"https:\/\/telemme.mmsh.fr\/?evenement=psychiatrie-genre-et-race","show_map":true,"show_map_link":true,"hide_from_listings":false,"sticky":false,"featured":false,"categories":[{"name":"S\u00e9minaire","slug":"seminaire","term_group":0,"term_taxonomy_id":1831,"taxonomy":"tribe_events_cat","description":"","parent":0,"count":140,"filter":"raw","id":1831,"urls":{"self":"https:\/\/telemme.mmsh.fr\/index.php?rest_route=\/tribe\/events\/v1\/categories\/1831","collection":"https:\/\/telemme.mmsh.fr\/index.php?rest_route=\/tribe\/events\/v1\/categories"}}],"tags":[{"name":"3.3 - Histoire de la sant\u00e9","slug":"3-3-histoire-de-la-sante","term_group":0,"term_taxonomy_id":2844,"taxonomy":"post_tag","description":"","parent":0,"count":13,"filter":"raw","id":2844,"urls":{"self":"https:\/\/telemme.mmsh.fr\/index.php?rest_route=\/tribe\/events\/v1\/tags\/2844","collection":"https:\/\/telemme.mmsh.fr\/index.php?rest_route=\/tribe\/events\/v1\/tags"}}],"venue":{"id":3550,"author":"6","status":"publish","date":"2021-01-22 10:21:34","date_utc":"2021-01-22 09:21:34","modified":"2022-02-16 16:11:43","modified_utc":"2022-02-16 15:11:43","url":"https:\/\/telemme.mmsh.fr\/?tribe_venue=salle-paul-albert-fevrier","venue":"Salle Paul-Albert F\u00e9vrier, MMSH, Aix-en-Provence","slug":"salle-paul-albert-fevrier","address":"MMSH, 5 rue du Ch\u00e2teau de l'Horloge","city":"Aix-en-Provence","country":"France","zip":"13090","json_ld":{"@type":"Place","name":"Salle Paul-Albert F\u00e9vrier, MMSH, Aix-en-Provence","description":"","url":"","address":{"@type":"PostalAddress","streetAddress":"MMSH, 5 rue du Ch\u00e2teau de l&#039;Horloge","addressLocality":"Aix-en-Provence","postalCode":"13090","addressCountry":"France"},"telephone":"","sameAs":""},"show_map":true,"show_map_link":true,"global_id":"telemme.mmsh.fr?id=3550","global_id_lineage":["telemme.mmsh.fr?id=3550"]},"organizer":[{"id":7149,"author":"7","status":"publish","date":"2021-04-16 12:31:46","date_utc":"2021-04-16 10:31:46","modified":"2021-07-15 16:41:30","modified_utc":"2021-07-15 14:41:30","url":"https:\/\/telemme.mmsh.fr\/?tribe_organizer=isabelle-renaudet","organizer":"Isabelle Renaudet","slug":"isabelle-renaudet","website":"https:\/\/telemme.mmsh.fr\/?membres=isabelle-renaudet","json_ld":{"@type":"Person","name":"Isabelle Renaudet","description":"","url":"https:\/\/telemme.mmsh.fr\/?membres=isabelle-renaudet","telephone":"","email":"","sameAs":"https:\/\/telemme.mmsh.fr\/?membres=isabelle-renaudet"},"global_id":"telemme.mmsh.fr?id=7149","global_id_lineage":["telemme.mmsh.fr?id=7149"]}],"custom_fields":[],"json_ld":{"@context":"http:\/\/schema.org","@type":"Event","name":"Psychiatrie, genre et race","description":"&lt;p&gt;La s\u00e9ance portera sur l\u2019histoire de la psychiatrie en contexte de domination, \u00e0 l\u2019aune des cat\u00e9gories de genre et de race. Il s\u2019agira d\u2019interroger la fabrique des savoirs et les&hellip;&nbsp;&lt;a href=&quot;https:\/\/telemme.mmsh.fr\/?tribe_events=psychiatrie-genre-et-race&quot; rel=&quot;bookmark&quot;&gt;Lire la suite &raquo;&lt;span class=&quot;screen-reader-text&quot;&gt;Psychiatrie, genre et race&lt;\/span&gt;&lt;\/a&gt;&lt;\/p&gt;\\n","image":"https:\/\/telemme.mmsh.fr\/wp-content\/uploads\/2025\/05\/Fanon_LaManouba_1958.jpg","url":"https:\/\/telemme.mmsh.fr\/?tribe_events=psychiatrie-genre-et-race","eventAttendanceMode":"https:\/\/schema.org\/OfflineEventAttendanceMode","eventStatus":"https:\/\/schema.org\/EventScheduled","startDate":"2025-05-28T09:30:00+02:00","endDate":"2025-05-28T12:00:00+02:00","location":{"@type":"Place","name":"Salle Paul-Albert F\u00e9vrier, MMSH, Aix-en-Provence","description":"","url":"","address":{"@type":"PostalAddress","streetAddress":"MMSH, 5 rue du Ch\u00e2teau de l&#039;Horloge","addressLocality":"Aix-en-Provence","postalCode":"13090","addressCountry":"France"},"telephone":"","sameAs":""},"organizer":{"@type":"Person","name":"Isabelle Renaudet","description":"","url":"https:\/\/telemme.mmsh.fr\/?membres=isabelle-renaudet","telephone":"","email":"","sameAs":"https:\/\/telemme.mmsh.fr\/?membres=isabelle-renaudet"},"performer":"Organization"}}