{"id":14893,"global_id":"telemme.mmsh.fr?id=14893","global_id_lineage":["telemme.mmsh.fr?id=14893"],"author":"6","status":"publish","date":"2025-01-13 11:40:40","date_utc":"2025-01-13 10:40:40","modified":"2025-01-13 11:43:26","modified_utc":"2025-01-13 10:43:26","url":"https:\/\/telemme.mmsh.fr\/?tribe_events=saimer-se-hair-au-moyen-age","rest_url":"https:\/\/telemme.mmsh.fr\/index.php?rest_route=\/tribe\/events\/v1\/events\/14893","title":"S\u2019aimer, se ha\u00efr au Moyen \u00c2ge","description":"<p>Au Moyen \u00c2ge, l\u2019amiti\u00e9, l\u2019amour, l\u2019affectivit\u00e9 donnent sens \u00e0 toutes les relations interpersonnelles, comme un v\u00e9ritable id\u00e9al qui recoupe les notions d\u2019\u00e9galit\u00e9 dans un monde pourtant fortement hi\u00e9rarchis\u00e9. En m\u00eame temps, l\u2019incertitude sur la nature des relations, les fausses amiti\u00e9s, les trahisons adelphiques, les haines et les multiples engagements interrogent. Ces paradoxes seront explor\u00e9s par les autrices de deux ouvrages importants\u00a0: R\u00e9gine Le Jan, <a href=\"https:\/\/www.seuil.com\/ouvrage\/amis-ou-ennemis-regine-le-jan\/9782021539578\"><em>Amis ou ennemis ? \u00c9motions, relations, identit\u00e9s au Moyen \u00c2ge<\/em><\/a> (Seuil, 2024) et Justine Audebrand, <em><a href=\"https:\/\/www.brepols.net\/products\/IS-9782503604961-1\">Fr\u00e8res et s\u0153urs dans l&rsquo;Europe du haut Moyen \u00c2ge<\/a> (vers 650-vers 1000)<\/em>, Brepols, 2023.<\/p>\n<p><a href=\"https:\/\/telemme.mmsh.fr\/?evenement=saimer-se-hair-au-moyen-age\"><strong>Programme complet<\/strong> <\/a><\/p>","excerpt":"","slug":"saimer-se-hair-au-moyen-age","image":{"url":"https:\/\/telemme.mmsh.fr\/wp-content\/uploads\/2025\/01\/2025.01.29_AimerHair.jpg","id":14892,"extension":"jpg","width":369,"height":500,"filesize":68241,"sizes":{"medium":{"width":221,"height":300,"mime-type":"image\/jpeg","filesize":16616,"url":"https:\/\/telemme.mmsh.fr\/wp-content\/uploads\/2025\/01\/2025.01.29_AimerHair-221x300.jpg"},"thumbnail":{"width":150,"height":150,"mime-type":"image\/jpeg","filesize":6541,"url":"https:\/\/telemme.mmsh.fr\/wp-content\/uploads\/2025\/01\/2025.01.29_AimerHair-150x150.jpg"},"better-amp-small":{"width":100,"height":100,"mime-type":"image\/jpeg","filesize":3360,"url":"https:\/\/telemme.mmsh.fr\/wp-content\/uploads\/2025\/01\/2025.01.29_AimerHair-100x100.jpg"},"better-amp-normal":{"width":260,"height":200,"mime-type":"image\/jpeg","filesize":13520,"url":"https:\/\/telemme.mmsh.fr\/wp-content\/uploads\/2025\/01\/2025.01.29_AimerHair-260x200.jpg"},"better-amp-large":{"width":369,"height":300,"mime-type":"image\/jpeg","filesize":31664,"url":"https:\/\/telemme.mmsh.fr\/wp-content\/uploads\/2025\/01\/2025.01.29_AimerHair-369x300.jpg"},"sow-carousel-default":{"width":272,"height":182,"mime-type":"image\/jpeg","filesize":13096,"url":"https:\/\/telemme.mmsh.fr\/wp-content\/uploads\/2025\/01\/2025.01.29_AimerHair-272x182.jpg"}}},"all_day":false,"start_date":"2025-01-29 09:30:00","start_date_details":{"year":"2025","month":"01","day":"29","hour":"09","minutes":"30","seconds":"00"},"end_date":"2025-01-29 12:00:00","end_date_details":{"year":"2025","month":"01","day":"29","hour":"12","minutes":"00","seconds":"00"},"utc_start_date":"2025-01-29 08:30:00","utc_start_date_details":{"year":"2025","month":"01","day":"29","hour":"08","minutes":"30","seconds":"00"},"utc_end_date":"2025-01-29 11:00:00","utc_end_date_details":{"year":"2025","month":"01","day":"29","hour":"11","minutes":"00","seconds":"00"},"timezone":"Europe\/Paris","timezone_abbr":"CET","cost":"","cost_details":{"currency_symbol":"\u20ac","currency_code":"USD","currency_position":"suffix","values":[]},"website":"https:\/\/telemme.mmsh.fr\/?evenement=saimer-se-hair-au-moyen-age","show_map":true,"show_map_link":true,"hide_from_listings":false,"sticky":false,"featured":false,"categories":[{"name":"S\u00e9minaire","slug":"seminaire","term_group":0,"term_taxonomy_id":1831,"taxonomy":"tribe_events_cat","description":"","parent":0,"count":140,"filter":"raw","id":1831,"urls":{"self":"https:\/\/telemme.mmsh.fr\/index.php?rest_route=\/tribe\/events\/v1\/categories\/1831","collection":"https:\/\/telemme.mmsh.fr\/index.php?rest_route=\/tribe\/events\/v1\/categories"}}],"tags":[{"name":"1.2 - Histoire des \u00e9motions","slug":"1-2-histoire-des-emotions","term_group":0,"term_taxonomy_id":2839,"taxonomy":"post_tag","description":"","parent":0,"count":9,"filter":"raw","id":2839,"urls":{"self":"https:\/\/telemme.mmsh.fr\/index.php?rest_route=\/tribe\/events\/v1\/tags\/2839","collection":"https:\/\/telemme.mmsh.fr\/index.php?rest_route=\/tribe\/events\/v1\/tags"}}],"venue":{"id":3550,"author":"6","status":"publish","date":"2021-01-22 10:21:34","date_utc":"2021-01-22 09:21:34","modified":"2022-02-16 16:11:43","modified_utc":"2022-02-16 15:11:43","url":"https:\/\/telemme.mmsh.fr\/?tribe_venue=salle-paul-albert-fevrier","venue":"Salle Paul-Albert F\u00e9vrier, MMSH, Aix-en-Provence","slug":"salle-paul-albert-fevrier","address":"MMSH, 5 rue du Ch\u00e2teau de l'Horloge","city":"Aix-en-Provence","country":"France","zip":"13090","json_ld":{"@type":"Place","name":"Salle Paul-Albert F\u00e9vrier, MMSH, Aix-en-Provence","description":"","url":"","address":{"@type":"PostalAddress","streetAddress":"MMSH, 5 rue du Ch\u00e2teau de l&#039;Horloge","addressLocality":"Aix-en-Provence","postalCode":"13090","addressCountry":"France"},"telephone":"","sameAs":""},"show_map":true,"show_map_link":true,"global_id":"telemme.mmsh.fr?id=3550","global_id_lineage":["telemme.mmsh.fr?id=3550"]},"organizer":[{"id":7084,"author":"7","status":"publish","date":"2021-04-16 10:30:21","date_utc":"2021-04-16 08:30:21","modified":"2021-04-16 10:30:21","modified_utc":"2021-04-16 08:30:21","url":"https:\/\/telemme.mmsh.fr\/?tribe_organizer=damien-boquet","organizer":"Damien Boquet","slug":"damien-boquet","json_ld":{"@type":"Person","name":"Damien Boquet","description":"","url":"","telephone":"","email":"","sameAs":""},"global_id":"telemme.mmsh.fr?id=7084","global_id_lineage":["telemme.mmsh.fr?id=7084"]}],"custom_fields":[],"json_ld":{"@context":"http:\/\/schema.org","@type":"Event","name":"S\u2019aimer, se ha\u00efr au Moyen \u00c2ge","description":"&lt;p&gt;Au Moyen \u00c2ge, l\u2019amiti\u00e9, l\u2019amour, l\u2019affectivit\u00e9 donnent sens \u00e0 toutes les relations interpersonnelles, comme un v\u00e9ritable id\u00e9al qui recoupe les notions d\u2019\u00e9galit\u00e9 dans un monde pourtant fortement hi\u00e9rarchis\u00e9. En m\u00eame&hellip;&nbsp;&lt;a href=&quot;https:\/\/telemme.mmsh.fr\/?tribe_events=saimer-se-hair-au-moyen-age&quot; rel=&quot;bookmark&quot;&gt;Lire la suite &raquo;&lt;span class=&quot;screen-reader-text&quot;&gt;S\u2019aimer, se ha\u00efr au Moyen \u00c2ge&lt;\/span&gt;&lt;\/a&gt;&lt;\/p&gt;\\n","image":"https:\/\/telemme.mmsh.fr\/wp-content\/uploads\/2025\/01\/2025.01.29_AimerHair.jpg","url":"https:\/\/telemme.mmsh.fr\/?tribe_events=saimer-se-hair-au-moyen-age","eventAttendanceMode":"https:\/\/schema.org\/OfflineEventAttendanceMode","eventStatus":"https:\/\/schema.org\/EventScheduled","startDate":"2025-01-29T09:30:00+01:00","endDate":"2025-01-29T12:00:00+01:00","location":{"@type":"Place","name":"Salle Paul-Albert F\u00e9vrier, MMSH, Aix-en-Provence","description":"","url":"","address":{"@type":"PostalAddress","streetAddress":"MMSH, 5 rue du Ch\u00e2teau de l&#039;Horloge","addressLocality":"Aix-en-Provence","postalCode":"13090","addressCountry":"France"},"telephone":"","sameAs":""},"organizer":{"@type":"Person","name":"Damien Boquet","description":"","url":"","telephone":"","email":"","sameAs":""},"performer":"Organization"}}