{"id":14868,"global_id":"telemme.mmsh.fr?id=14868","global_id_lineage":["telemme.mmsh.fr?id=14868"],"author":"6","status":"publish","date":"2025-01-10 11:32:22","date_utc":"2025-01-10 10:32:22","modified":"2025-01-10 11:32:22","modified_utc":"2025-01-10 10:32:22","url":"https:\/\/telemme.mmsh.fr\/?tribe_events=journee-de-lancement-de-lobservatoire-des-inegalites-scolaires-en-mediterranee","rest_url":"https:\/\/telemme.mmsh.fr\/index.php?rest_route=\/tribe\/events\/v1\/events\/14868","title":"Journ\u00e9e de lancement de l\u2019Observatoire des in\u00e9galit\u00e9s scolaires en M\u00e9diterran\u00e9e","description":"<p>Le groupe <em>\u00ab\u00a0\u00c9ducations, jeunesses et territoires\u00a0\u00bb <\/em>a le plaisir de vous inviter \u00e0 la journ\u00e9e de lancement de l\u2019Observatoire des in\u00e9galit\u00e9s scolaires en M\u00e9diterran\u00e9e, dont il fait partie.<\/p>\n<p>La matin\u00e9e sera consacr\u00e9e \u00e0 la pr\u00e9sentation de ce nouvel observatoire et \u00e0 la projection, suivie d\u2019un d\u00e9bat, autour du documentaire \u00ab Laiss\u00e9s pour compte \u00bb de C.F\u00e9lix et A. Maury.<\/p>\n<p>La prolongation du d\u00e9bat se fera l\u2019apr\u00e8s-midi dans le cadre du s\u00e9minaire \u00ab \u00e9ducation de l\u2019IREMAM \u00bb autour du th\u00e8me \u00ab Colonialit\u00e9 des mondes scolaires \u00bb.<\/p>\n<p><a href=\"https:\/\/telemme.mmsh.fr\/?evenement=journee-de-lancement-de-lobservatoire-des-inegalites-scolaires-en-mediterranee\"><strong>Programme complet<\/strong><\/a><\/p>","excerpt":"","slug":"journee-de-lancement-de-lobservatoire-des-inegalites-scolaires-en-mediterranee","image":{"url":"https:\/\/telemme.mmsh.fr\/wp-content\/uploads\/2025\/01\/Laisses-pou-compte_Illus-scaled.jpg","id":14867,"extension":"jpg","width":2560,"height":1321,"filesize":216454,"sizes":{"medium":{"width":300,"height":155,"mime-type":"image\/jpeg","filesize":13240,"url":"https:\/\/telemme.mmsh.fr\/wp-content\/uploads\/2025\/01\/Laisses-pou-compte_Illus-300x155.jpg"},"large":{"width":1024,"height":528,"mime-type":"image\/jpeg","filesize":63360,"url":"https:\/\/telemme.mmsh.fr\/wp-content\/uploads\/2025\/01\/Laisses-pou-compte_Illus-1024x528.jpg"},"thumbnail":{"width":150,"height":150,"mime-type":"image\/jpeg","filesize":8255,"url":"https:\/\/telemme.mmsh.fr\/wp-content\/uploads\/2025\/01\/Laisses-pou-compte_Illus-150x150.jpg"},"medium_large":{"width":768,"height":396,"mime-type":"image\/jpeg","filesize":44080,"url":"https:\/\/telemme.mmsh.fr\/wp-content\/uploads\/2025\/01\/Laisses-pou-compte_Illus-768x396.jpg"},"1536x1536":{"width":1536,"height":793,"mime-type":"image\/jpeg","filesize":107067,"url":"https:\/\/telemme.mmsh.fr\/wp-content\/uploads\/2025\/01\/Laisses-pou-compte_Illus-1536x793.jpg"},"2048x2048":{"width":2048,"height":1057,"mime-type":"image\/jpeg","filesize":159056,"url":"https:\/\/telemme.mmsh.fr\/wp-content\/uploads\/2025\/01\/Laisses-pou-compte_Illus-2048x1057.jpg"},"better-amp-small":{"width":100,"height":100,"mime-type":"image\/jpeg","filesize":6149,"url":"https:\/\/telemme.mmsh.fr\/wp-content\/uploads\/2025\/01\/Laisses-pou-compte_Illus-100x100.jpg"},"better-amp-normal":{"width":260,"height":200,"mime-type":"image\/jpeg","filesize":13047,"url":"https:\/\/telemme.mmsh.fr\/wp-content\/uploads\/2025\/01\/Laisses-pou-compte_Illus-260x200.jpg"},"better-amp-large":{"width":450,"height":300,"mime-type":"image\/jpeg","filesize":24314,"url":"https:\/\/telemme.mmsh.fr\/wp-content\/uploads\/2025\/01\/Laisses-pou-compte_Illus-450x300.jpg"},"neve-blog":{"width":930,"height":620,"mime-type":"image\/jpeg","filesize":61528,"url":"https:\/\/telemme.mmsh.fr\/wp-content\/uploads\/2025\/01\/Laisses-pou-compte_Illus-930x620.jpg"},"mailpoet_newsletter_max":{"width":1320,"height":681,"mime-type":"image\/jpeg","filesize":87394,"url":"https:\/\/telemme.mmsh.fr\/wp-content\/uploads\/2025\/01\/Laisses-pou-compte_Illus-1320x681.jpg"},"sow-carousel-default":{"width":272,"height":182,"mime-type":"image\/jpeg","filesize":12990,"url":"https:\/\/telemme.mmsh.fr\/wp-content\/uploads\/2025\/01\/Laisses-pou-compte_Illus-272x182.jpg"}},"original_image":"Laisses-pou-compte_Illus.jpg"},"all_day":false,"start_date":"2025-02-03 09:00:00","start_date_details":{"year":"2025","month":"02","day":"03","hour":"09","minutes":"00","seconds":"00"},"end_date":"2025-02-03 17:00:00","end_date_details":{"year":"2025","month":"02","day":"03","hour":"17","minutes":"00","seconds":"00"},"utc_start_date":"2025-02-03 08:00:00","utc_start_date_details":{"year":"2025","month":"02","day":"03","hour":"08","minutes":"00","seconds":"00"},"utc_end_date":"2025-02-03 16:00:00","utc_end_date_details":{"year":"2025","month":"02","day":"03","hour":"16","minutes":"00","seconds":"00"},"timezone":"Europe\/Paris","timezone_abbr":"CET","cost":"","cost_details":{"currency_symbol":"\u20ac","currency_code":"USD","currency_position":"suffix","values":[]},"website":"https:\/\/telemme.mmsh.fr\/?evenement=journee-de-lancement-de-lobservatoire-des-inegalites-scolaires-en-mediterranee","show_map":true,"show_map_link":true,"hide_from_listings":false,"sticky":false,"featured":false,"categories":[{"name":"Journ\u00e9e d'\u00e9tudes","slug":"journee-detudes","term_group":0,"term_taxonomy_id":1823,"taxonomy":"tribe_events_cat","description":"","parent":0,"count":84,"filter":"raw","id":1823,"urls":{"self":"https:\/\/telemme.mmsh.fr\/index.php?rest_route=\/tribe\/events\/v1\/categories\/1823","collection":"https:\/\/telemme.mmsh.fr\/index.php?rest_route=\/tribe\/events\/v1\/categories"}}],"tags":[{"name":"2.3 \u00c9ducations jeunesses et territoires","slug":"2-3-educations-jeunesses-et-territoires","term_group":0,"term_taxonomy_id":2786,"taxonomy":"post_tag","description":"","parent":0,"count":10,"filter":"raw","id":2786,"urls":{"self":"https:\/\/telemme.mmsh.fr\/index.php?rest_route=\/tribe\/events\/v1\/tags\/2786","collection":"https:\/\/telemme.mmsh.fr\/index.php?rest_route=\/tribe\/events\/v1\/tags"}}],"venue":{"id":3497,"author":"6","status":"publish","date":"2021-01-21 16:40:33","date_utc":"2021-01-21 15:40:33","modified":"2021-09-24 16:02:36","modified_utc":"2021-09-24 14:02:36","url":"https:\/\/telemme.mmsh.fr\/?tribe_venue=salle-duby","venue":"Salle Georges Duby &#8211; MMSH, Aix-en-Provence","slug":"salle-duby","address":"MMSH, 5 rue du Ch\u00e2teau de l'Horloge","city":"Aix-en-Provence","country":"France","zip":"13090","json_ld":{"@type":"Place","name":"Salle Georges Duby &#8211; MMSH, Aix-en-Provence","description":"","url":"","address":{"@type":"PostalAddress","streetAddress":"MMSH, 5 rue du Ch\u00e2teau de l&#039;Horloge","addressLocality":"Aix-en-Provence","postalCode":"13090","addressCountry":"France"},"telephone":"","sameAs":""},"show_map":true,"show_map_link":true,"global_id":"telemme.mmsh.fr?id=3497","global_id_lineage":["telemme.mmsh.fr?id=3497"]},"organizer":[{"id":13701,"author":"175","status":"publish","date":"2023-12-12 15:47:56","date_utc":"2023-12-12 14:47:56","modified":"2023-12-12 15:47:56","modified_utc":"2023-12-12 14:47:56","url":"https:\/\/telemme.mmsh.fr\/?tribe_organizer=nora-nafaa","organizer":"Nora Nafaa","slug":"nora-nafaa","website":"https:\/\/telemme.mmsh.fr\/?membres=nafaa-nora","json_ld":{"@type":"Person","name":"Nora Nafaa","description":"","url":"https:\/\/telemme.mmsh.fr\/?membres=nafaa-nora","telephone":"","email":"","sameAs":"https:\/\/telemme.mmsh.fr\/?membres=nafaa-nora"},"global_id":"telemme.mmsh.fr?id=13701","global_id_lineage":["telemme.mmsh.fr?id=13701"]},{"id":13704,"author":"175","status":"publish","date":"2023-12-12 15:50:01","date_utc":"2023-12-12 14:50:01","modified":"2023-12-12 15:50:01","modified_utc":"2023-12-12 14:50:01","url":"https:\/\/telemme.mmsh.fr\/?tribe_organizer=gwenaelle-audren","organizer":"Gwenaelle Audren","slug":"gwenaelle-audren","website":"https:\/\/telemme.mmsh.fr\/?membres=gwenaelle-audren","json_ld":{"@type":"Person","name":"Gwenaelle Audren","description":"","url":"https:\/\/telemme.mmsh.fr\/?membres=gwenaelle-audren","telephone":"","email":"","sameAs":"https:\/\/telemme.mmsh.fr\/?membres=gwenaelle-audren"},"global_id":"telemme.mmsh.fr?id=13704","global_id_lineage":["telemme.mmsh.fr?id=13704"]}],"custom_fields":[],"json_ld":{"@context":"http:\/\/schema.org","@type":"Event","name":"Journ\u00e9e de lancement de l\u2019Observatoire des in\u00e9galit\u00e9s scolaires en M\u00e9diterran\u00e9e","description":"&lt;p&gt;Le groupe \u00ab\u00a0\u00c9ducations, jeunesses et territoires\u00a0\u00bb a le plaisir de vous inviter \u00e0 la journ\u00e9e de lancement de l\u2019Observatoire des in\u00e9galit\u00e9s scolaires en M\u00e9diterran\u00e9e, dont il fait partie. La matin\u00e9e&hellip;&nbsp;&lt;a href=&quot;https:\/\/telemme.mmsh.fr\/?tribe_events=journee-de-lancement-de-lobservatoire-des-inegalites-scolaires-en-mediterranee&quot; rel=&quot;bookmark&quot;&gt;Lire la suite &raquo;&lt;span class=&quot;screen-reader-text&quot;&gt;Journ\u00e9e de lancement de l\u2019Observatoire des in\u00e9galit\u00e9s scolaires en M\u00e9diterran\u00e9e&lt;\/span&gt;&lt;\/a&gt;&lt;\/p&gt;\\n","image":"https:\/\/telemme.mmsh.fr\/wp-content\/uploads\/2025\/01\/Laisses-pou-compte_Illus-scaled.jpg","url":"https:\/\/telemme.mmsh.fr\/?tribe_events=journee-de-lancement-de-lobservatoire-des-inegalites-scolaires-en-mediterranee","eventAttendanceMode":"https:\/\/schema.org\/OfflineEventAttendanceMode","eventStatus":"https:\/\/schema.org\/EventScheduled","startDate":"2025-02-03T09:00:00+01:00","endDate":"2025-02-03T17:00:00+01:00","location":{"@type":"Place","name":"Salle Georges Duby &#8211; MMSH, Aix-en-Provence","description":"","url":"","address":{"@type":"PostalAddress","streetAddress":"MMSH, 5 rue du Ch\u00e2teau de l&#039;Horloge","addressLocality":"Aix-en-Provence","postalCode":"13090","addressCountry":"France"},"telephone":"","sameAs":""},"organizer":{"@type":"Person","name":"Nora Nafaa","description":"","url":"https:\/\/telemme.mmsh.fr\/?membres=nafaa-nora","telephone":"","email":"","sameAs":"https:\/\/telemme.mmsh.fr\/?membres=nafaa-nora"},"performer":"Organization"}}