{"id":14840,"global_id":"telemme.mmsh.fr?id=14840","global_id_lineage":["telemme.mmsh.fr?id=14840"],"author":"6","status":"publish","date":"2025-01-06 11:34:23","date_utc":"2025-01-06 10:34:23","modified":"2025-01-06 11:34:59","modified_utc":"2025-01-06 10:34:59","url":"https:\/\/telemme.mmsh.fr\/?tribe_events=exploiter-le-vivant","rest_url":"https:\/\/telemme.mmsh.fr\/index.php?rest_route=\/tribe\/events\/v1\/events\/14840","title":"Exploiter le vivant","description":"<p>L\u2019exploitation du vivant par les soci\u00e9t\u00e9s humaines a conditionn\u00e9 la survie des esp\u00e8ces animales et v\u00e9g\u00e9tales, ainsi que leur d\u00e9veloppement historique. Ces usages de la nature, d\u2019abord motiv\u00e9s par des raisons alimentaires ou pour la captation de la force animale, ont aussi nourri des fins r\u00e9cr\u00e9atives et scientifiques. La capture de l\u2019animal sauvage a alors aliment\u00e9 cirques, montreurs de rue, aquariums et paillasses des biologistes, aboutissant parfois \u00e0 un effondrement des populations recherch\u00e9es.<\/p>\n<p>Alors que s\u2019expriment au sein des soci\u00e9t\u00e9s occidentales des r\u00e9ticences croissantes face \u00e0 la consommation des prot\u00e9ines non v\u00e9g\u00e9tales, l\u2019\u00e9tude de l\u2019exploitation du vivant renvoie enfin \u00e0 celle de la mort de l\u2019animal, et aux changements des gestes qui l\u2019ont accompagn\u00e9e depuis plusieurs si\u00e8cles.<\/p>\n<p><a href=\"https:\/\/telemme.mmsh.fr\/?evenement=exploiter-le-vivant\"><strong>Programme complet<\/strong><\/a><\/p>","excerpt":"","slug":"exploiter-le-vivant","image":{"url":"https:\/\/telemme.mmsh.fr\/wp-content\/uploads\/2025\/01\/cirquefernando_1878_CharlesLevy_BnF.jpg","id":14839,"extension":"jpg","width":631,"height":757,"filesize":220810,"sizes":{"medium":{"width":250,"height":300,"mime-type":"image\/jpeg","filesize":26071,"url":"https:\/\/telemme.mmsh.fr\/wp-content\/uploads\/2025\/01\/cirquefernando_1878_CharlesLevy_BnF-250x300.jpg"},"thumbnail":{"width":150,"height":150,"mime-type":"image\/jpeg","filesize":9069,"url":"https:\/\/telemme.mmsh.fr\/wp-content\/uploads\/2025\/01\/cirquefernando_1878_CharlesLevy_BnF-150x150.jpg"},"better-amp-small":{"width":100,"height":100,"mime-type":"image\/jpeg","filesize":4659,"url":"https:\/\/telemme.mmsh.fr\/wp-content\/uploads\/2025\/01\/cirquefernando_1878_CharlesLevy_BnF-100x100.jpg"},"better-amp-normal":{"width":260,"height":200,"mime-type":"image\/jpeg","filesize":17539,"url":"https:\/\/telemme.mmsh.fr\/wp-content\/uploads\/2025\/01\/cirquefernando_1878_CharlesLevy_BnF-260x200.jpg"},"better-amp-large":{"width":450,"height":300,"mime-type":"image\/jpeg","filesize":41092,"url":"https:\/\/telemme.mmsh.fr\/wp-content\/uploads\/2025\/01\/cirquefernando_1878_CharlesLevy_BnF-450x300.jpg"},"neve-blog":{"width":631,"height":620,"mime-type":"image\/jpeg","filesize":135772,"url":"https:\/\/telemme.mmsh.fr\/wp-content\/uploads\/2025\/01\/cirquefernando_1878_CharlesLevy_BnF-631x620.jpg"},"sow-carousel-default":{"width":272,"height":182,"mime-type":"image\/jpeg","filesize":16636,"url":"https:\/\/telemme.mmsh.fr\/wp-content\/uploads\/2025\/01\/cirquefernando_1878_CharlesLevy_BnF-272x182.jpg"}}},"all_day":false,"start_date":"2025-01-17 09:30:00","start_date_details":{"year":"2025","month":"01","day":"17","hour":"09","minutes":"30","seconds":"00"},"end_date":"2025-01-17 12:00:00","end_date_details":{"year":"2025","month":"01","day":"17","hour":"12","minutes":"00","seconds":"00"},"utc_start_date":"2025-01-17 08:30:00","utc_start_date_details":{"year":"2025","month":"01","day":"17","hour":"08","minutes":"30","seconds":"00"},"utc_end_date":"2025-01-17 11:00:00","utc_end_date_details":{"year":"2025","month":"01","day":"17","hour":"11","minutes":"00","seconds":"00"},"timezone":"Europe\/Paris","timezone_abbr":"CET","cost":"","cost_details":{"currency_symbol":"\u20ac","currency_code":"USD","currency_position":"suffix","values":[]},"website":"https:\/\/telemme.mmsh.fr\/?evenement=exploiter-le-vivant","show_map":true,"show_map_link":true,"hide_from_listings":false,"sticky":false,"featured":false,"categories":[{"name":"S\u00e9minaire","slug":"seminaire","term_group":0,"term_taxonomy_id":1831,"taxonomy":"tribe_events_cat","description":"","parent":0,"count":140,"filter":"raw","id":1831,"urls":{"self":"https:\/\/telemme.mmsh.fr\/index.php?rest_route=\/tribe\/events\/v1\/categories\/1831","collection":"https:\/\/telemme.mmsh.fr\/index.php?rest_route=\/tribe\/events\/v1\/categories"}}],"tags":[{"name":"3.1 \u2013 G\u00e9o-histoire de l\u2019environnement en M\u00e9diterran\u00e9e","slug":"3-1-geo-histoire-de-lenvironnement-en-mediterranee","term_group":0,"term_taxonomy_id":2849,"taxonomy":"post_tag","description":"","parent":0,"count":12,"filter":"raw","id":2849,"urls":{"self":"https:\/\/telemme.mmsh.fr\/index.php?rest_route=\/tribe\/events\/v1\/tags\/2849","collection":"https:\/\/telemme.mmsh.fr\/index.php?rest_route=\/tribe\/events\/v1\/tags"}}],"venue":{"id":3550,"author":"6","status":"publish","date":"2021-01-22 10:21:34","date_utc":"2021-01-22 09:21:34","modified":"2022-02-16 16:11:43","modified_utc":"2022-02-16 15:11:43","url":"https:\/\/telemme.mmsh.fr\/?tribe_venue=salle-paul-albert-fevrier","venue":"Salle Paul-Albert F\u00e9vrier, MMSH, Aix-en-Provence","slug":"salle-paul-albert-fevrier","address":"MMSH, 5 rue du Ch\u00e2teau de l'Horloge","city":"Aix-en-Provence","country":"France","zip":"13090","json_ld":{"@type":"Place","name":"Salle Paul-Albert F\u00e9vrier, MMSH, Aix-en-Provence","description":"","url":"","address":{"@type":"PostalAddress","streetAddress":"MMSH, 5 rue du Ch\u00e2teau de l&#039;Horloge","addressLocality":"Aix-en-Provence","postalCode":"13090","addressCountry":"France"},"telephone":"","sameAs":""},"show_map":true,"show_map_link":true,"global_id":"telemme.mmsh.fr?id=3550","global_id_lineage":["telemme.mmsh.fr?id=3550"]},"organizer":[{"id":11955,"author":"175","status":"publish","date":"2022-10-28 10:27:09","date_utc":"0000-00-00 00:00:00","modified":"2022-10-28 10:27:09","modified_utc":"0000-00-00 00:00:00","url":"https:\/\/telemme.mmsh.fr\/?tribe_organizer=daniel-faget","organizer":"Daniel Faget","slug":"daniel-faget","website":"https:\/\/telemme.mmsh.fr\/?membres=daniel-faget","json_ld":{"@type":"Person","name":"Daniel Faget","description":"","url":"https:\/\/telemme.mmsh.fr\/?membres=daniel-faget","telephone":"","email":"","sameAs":"https:\/\/telemme.mmsh.fr\/?membres=daniel-faget"},"global_id":"telemme.mmsh.fr?id=11955","global_id_lineage":["telemme.mmsh.fr?id=11955"]},{"id":9530,"author":"6","status":"publish","date":"2021-09-09 16:11:28","date_utc":"2021-09-09 14:11:28","modified":"2021-09-09 16:11:28","modified_utc":"2021-09-09 14:11:28","url":"https:\/\/telemme.mmsh.fr\/?tribe_organizer=beatrice-mesini","organizer":"B\u00e9atrice Mesini","slug":"beatrice-mesini","website":"https:\/\/telemme.mmsh.fr\/?membres=beatrice-mesini","json_ld":{"@type":"Person","name":"B\u00e9atrice Mesini","description":"","url":"https:\/\/telemme.mmsh.fr\/?membres=beatrice-mesini","telephone":"","email":"","sameAs":"https:\/\/telemme.mmsh.fr\/?membres=beatrice-mesini"},"global_id":"telemme.mmsh.fr?id=9530","global_id_lineage":["telemme.mmsh.fr?id=9530"]}],"custom_fields":[],"json_ld":{"@context":"http:\/\/schema.org","@type":"Event","name":"Exploiter le vivant","description":"&lt;p&gt;L\u2019exploitation du vivant par les soci\u00e9t\u00e9s humaines a conditionn\u00e9 la survie des esp\u00e8ces animales et v\u00e9g\u00e9tales, ainsi que leur d\u00e9veloppement historique. Ces usages de la nature, d\u2019abord motiv\u00e9s par des&hellip;&nbsp;&lt;a href=&quot;https:\/\/telemme.mmsh.fr\/?tribe_events=exploiter-le-vivant&quot; rel=&quot;bookmark&quot;&gt;Lire la suite &raquo;&lt;span class=&quot;screen-reader-text&quot;&gt;Exploiter le vivant&lt;\/span&gt;&lt;\/a&gt;&lt;\/p&gt;\\n","image":"https:\/\/telemme.mmsh.fr\/wp-content\/uploads\/2025\/01\/cirquefernando_1878_CharlesLevy_BnF.jpg","url":"https:\/\/telemme.mmsh.fr\/?tribe_events=exploiter-le-vivant","eventAttendanceMode":"https:\/\/schema.org\/OfflineEventAttendanceMode","eventStatus":"https:\/\/schema.org\/EventScheduled","startDate":"2025-01-17T09:30:00+01:00","endDate":"2025-01-17T12:00:00+01:00","location":{"@type":"Place","name":"Salle Paul-Albert F\u00e9vrier, MMSH, Aix-en-Provence","description":"","url":"","address":{"@type":"PostalAddress","streetAddress":"MMSH, 5 rue du Ch\u00e2teau de l&#039;Horloge","addressLocality":"Aix-en-Provence","postalCode":"13090","addressCountry":"France"},"telephone":"","sameAs":""},"organizer":{"@type":"Person","name":"Daniel Faget","description":"","url":"https:\/\/telemme.mmsh.fr\/?membres=daniel-faget","telephone":"","email":"","sameAs":"https:\/\/telemme.mmsh.fr\/?membres=daniel-faget"},"performer":"Organization"}}