{"id":14682,"global_id":"telemme.mmsh.fr?id=14682","global_id_lineage":["telemme.mmsh.fr?id=14682"],"author":"6","status":"publish","date":"2024-11-27 15:38:58","date_utc":"2024-11-27 14:38:58","modified":"2024-11-27 15:41:08","modified_utc":"2024-11-27 14:41:08","url":"https:\/\/telemme.mmsh.fr\/?tribe_events=les-juifs-de-rhodes","rest_url":"https:\/\/telemme.mmsh.fr\/index.php?rest_route=\/tribe\/events\/v1\/events\/14682","title":"Les juifs de Rhodes.  Histoire et m\u00e9moire d\u2019une communaut\u00e9 de M\u00e9diterran\u00e9e orientale","description":"<p>La communaut\u00e9 juive de Rhodes a \u00e9t\u00e9 une part int\u00e9grante du juda\u00efsme de M\u00e9diterran\u00e9e orientale pendant plusieurs si\u00e8cles. Son sort fut n\u00e9anmoins scell\u00e9 par les transformations radicales qui affect\u00e8rent les espaces ottomans au cours du 20e si\u00e8cle conduisant \u00e0 un puissant mouvement d\u2019\u00e9migration, et \u00e0 la formation d\u2019une diaspora nombreuse. Mais ce sont surtout les violences de la seconde Guerre Mondiale qui conduisirent \u00e0 la disparition durable de la communaut\u00e9 \u00e0 Rhodes suite \u00e0 la d\u00e9portation de pr\u00e8s de 2 000 personnes vers le camp d\u2019Auschwitz en juillet 1944. Alors que cette disparition semblait irr\u00e9m\u00e9diable, de nombreuses initiatives d\u00e9velopp\u00e9es au cours des ann\u00e9es 2000, ont conduit \u00e0 redonner une visibilit\u00e9 au pass\u00e9 juif de Rhodes.<\/p>\n<p>Organis\u00e9e dans le cadre de l\u2019exposition \u00ab Revenir. Retours migratoires en M\u00e9diterran\u00e9e \u00bb (octobre 2024-juin 2025), cette journ\u00e9e d\u2019\u00e9tudes permettra de pr\u00e9senter, pour la premi\u00e8re fois en France, le destin de cette communaut\u00e9 ainsi que les diff\u00e9rentes activit\u00e9s de m\u00e9moire qui ont \u00e9t\u00e9 men\u00e9es \u00e0 ce sujet par plusieurs institutions mus\u00e9ales.<\/p>\n<ul>\n<li>Journ\u00e9e d\u2019\u00e9tudes organis\u00e9e par Andreas Guidi (INALCO, CREE) et Pierre Sint\u00e8s (TELEMMe, AMU)<\/li>\n<li>Entre\u0301e gratuite sur inscription a\u0300 mucemlab@mucem.org<\/li>\n<li><a href=\"https:\/\/telemme.mmsh.fr\/?evenement=les-juifs-de-rhodes\"><strong>Programme complet<\/strong> <\/a><\/li>\n<\/ul>","excerpt":"","slug":"les-juifs-de-rhodes","image":{"url":"https:\/\/telemme.mmsh.fr\/wp-content\/uploads\/2024\/11\/rhodes.png","id":14681,"extension":"png","width":700,"height":525,"filesize":979245,"sizes":{"medium":{"width":300,"height":225,"mime-type":"image\/png","filesize":178981,"url":"https:\/\/telemme.mmsh.fr\/wp-content\/uploads\/2024\/11\/rhodes-300x225.png"},"thumbnail":{"width":150,"height":150,"mime-type":"image\/png","filesize":60372,"url":"https:\/\/telemme.mmsh.fr\/wp-content\/uploads\/2024\/11\/rhodes-150x150.png"},"better-amp-small":{"width":100,"height":100,"mime-type":"image\/png","filesize":26484,"url":"https:\/\/telemme.mmsh.fr\/wp-content\/uploads\/2024\/11\/rhodes-100x100.png"},"better-amp-normal":{"width":260,"height":200,"mime-type":"image\/png","filesize":138055,"url":"https:\/\/telemme.mmsh.fr\/wp-content\/uploads\/2024\/11\/rhodes-260x200.png"},"better-amp-large":{"width":450,"height":300,"mime-type":"image\/png","filesize":351959,"url":"https:\/\/telemme.mmsh.fr\/wp-content\/uploads\/2024\/11\/rhodes-450x300.png"},"sow-carousel-default":{"width":272,"height":182,"mime-type":"image\/png","filesize":132006,"url":"https:\/\/telemme.mmsh.fr\/wp-content\/uploads\/2024\/11\/rhodes-272x182.png"}}},"all_day":false,"start_date":"2024-12-06 09:30:00","start_date_details":{"year":"2024","month":"12","day":"06","hour":"09","minutes":"30","seconds":"00"},"end_date":"2024-12-06 17:00:00","end_date_details":{"year":"2024","month":"12","day":"06","hour":"17","minutes":"00","seconds":"00"},"utc_start_date":"2024-12-06 08:30:00","utc_start_date_details":{"year":"2024","month":"12","day":"06","hour":"08","minutes":"30","seconds":"00"},"utc_end_date":"2024-12-06 16:00:00","utc_end_date_details":{"year":"2024","month":"12","day":"06","hour":"16","minutes":"00","seconds":"00"},"timezone":"Europe\/Paris","timezone_abbr":"CET","cost":"","cost_details":{"currency_symbol":"\u20ac","currency_code":"USD","currency_position":"suffix","values":[]},"website":"https:\/\/telemme.mmsh.fr\/?evenement=les-juifs-de-rhodes","show_map":true,"show_map_link":true,"hide_from_listings":false,"sticky":false,"featured":false,"categories":[{"name":"Journ\u00e9e d'\u00e9tudes","slug":"journee-detudes","term_group":0,"term_taxonomy_id":1823,"taxonomy":"tribe_events_cat","description":"","parent":0,"count":84,"filter":"raw","id":1823,"urls":{"self":"https:\/\/telemme.mmsh.fr\/index.php?rest_route=\/tribe\/events\/v1\/categories\/1823","collection":"https:\/\/telemme.mmsh.fr\/index.php?rest_route=\/tribe\/events\/v1\/categories"}}],"tags":[],"venue":{"id":10565,"author":"6","status":"publish","date":"2022-02-04 16:48:51","date_utc":"2022-02-04 15:48:51","modified":"2022-02-04 16:48:51","modified_utc":"2022-02-04 15:48:51","url":"https:\/\/telemme.mmsh.fr\/?tribe_venue=mucemlab","venue":"MucemLab","slug":"mucemlab","address":"201 Quai du Port","city":"Marseille","country":"France","zip":"13002","json_ld":{"@type":"Place","name":"MucemLab","description":"","url":"","address":{"@type":"PostalAddress","streetAddress":"201 Quai du Port","addressLocality":"Marseille","postalCode":"13002","addressCountry":"France"},"telephone":"","sameAs":""},"show_map":true,"show_map_link":true,"global_id":"telemme.mmsh.fr?id=10565","global_id_lineage":["telemme.mmsh.fr?id=10565"]},"organizer":[{"id":3647,"author":"6","status":"publish","date":"2021-01-22 15:31:25","date_utc":"2021-01-22 14:31:25","modified":"2021-01-22 15:31:25","modified_utc":"2021-01-22 14:31:25","url":"https:\/\/telemme.mmsh.fr\/?tribe_organizer=pierre-sintes","organizer":"Pierre Sint\u00e8s","slug":"pierre-sintes","website":"telemme.mmsh.univ-aix.fr\/membres\/pierre-sintes\/","json_ld":{"@type":"Person","name":"Pierre Sint\u00e8s","description":"","url":"http:\/\/telemme.mmsh.univ-aix.fr\/membres\/pierre-sintes\/","telephone":"","email":"","sameAs":"http:\/\/telemme.mmsh.univ-aix.fr\/membres\/pierre-sintes\/"},"global_id":"telemme.mmsh.fr?id=3647","global_id_lineage":["telemme.mmsh.fr?id=3647"]},{"id":14683,"author":"6","status":"publish","date":"2024-11-27 15:38:58","date_utc":"2024-11-27 14:38:58","modified":"2024-11-27 15:38:58","modified_utc":"2024-11-27 14:38:58","url":"https:\/\/telemme.mmsh.fr\/?tribe_organizer=andreas-guidi","organizer":"Andreas Guidi","slug":"andreas-guidi","json_ld":{"@type":"Person","name":"Andreas Guidi","description":"","url":"","telephone":"","email":"","sameAs":""},"global_id":"telemme.mmsh.fr?id=14683","global_id_lineage":["telemme.mmsh.fr?id=14683"]}],"custom_fields":[],"json_ld":{"@context":"http:\/\/schema.org","@type":"Event","name":"Les juifs de Rhodes.  Histoire et m\u00e9moire d\u2019une communaut\u00e9 de M\u00e9diterran\u00e9e orientale","description":"&lt;p&gt;La communaut\u00e9 juive de Rhodes a \u00e9t\u00e9 une part int\u00e9grante du juda\u00efsme de M\u00e9diterran\u00e9e orientale pendant plusieurs si\u00e8cles. Son sort fut n\u00e9anmoins scell\u00e9 par les transformations radicales qui affect\u00e8rent les&hellip;&nbsp;&lt;a href=&quot;https:\/\/telemme.mmsh.fr\/?tribe_events=les-juifs-de-rhodes&quot; rel=&quot;bookmark&quot;&gt;Lire la suite &raquo;&lt;span class=&quot;screen-reader-text&quot;&gt;Les juifs de Rhodes.  Histoire et m\u00e9moire d\u2019une communaut\u00e9 de M\u00e9diterran\u00e9e orientale&lt;\/span&gt;&lt;\/a&gt;&lt;\/p&gt;\\n","image":"https:\/\/telemme.mmsh.fr\/wp-content\/uploads\/2024\/11\/rhodes.png","url":"https:\/\/telemme.mmsh.fr\/?tribe_events=les-juifs-de-rhodes","eventAttendanceMode":"https:\/\/schema.org\/OfflineEventAttendanceMode","eventStatus":"https:\/\/schema.org\/EventScheduled","startDate":"2024-12-06T09:30:00+01:00","endDate":"2024-12-06T17:00:00+01:00","location":{"@type":"Place","name":"MucemLab","description":"","url":"","address":{"@type":"PostalAddress","streetAddress":"201 Quai du Port","addressLocality":"Marseille","postalCode":"13002","addressCountry":"France"},"telephone":"","sameAs":""},"organizer":{"@type":"Person","name":"Pierre Sint\u00e8s","description":"","url":"http:\/\/telemme.mmsh.univ-aix.fr\/membres\/pierre-sintes\/","telephone":"","email":"","sameAs":"http:\/\/telemme.mmsh.univ-aix.fr\/membres\/pierre-sintes\/"},"performer":"Organization"}}