{"id":14537,"global_id":"telemme.mmsh.fr?id=14537","global_id_lineage":["telemme.mmsh.fr?id=14537"],"author":"174","status":"publish","date":"2024-09-30 17:23:26","date_utc":"2024-09-30 15:23:26","modified":"2024-10-04 14:36:01","modified_utc":"2024-10-04 12:36:01","url":"https:\/\/telemme.mmsh.fr\/?tribe_events=les-usages-publics-de-lhistoire-dans-lespagne-du-temps-present","rest_url":"https:\/\/telemme.mmsh.fr\/index.php?rest_route=\/tribe\/events\/v1\/events\/14537","title":"Les usages publics de l&rsquo;histoire dans l&rsquo;Espagne du temps pr\u00e9sent","description":"<p>Ce s\u00e9minaire propose donc d\u2019analyser les nouveaux usages publics de l\u2019histoire et de la contre-histoire dans l\u2019Espagne du temps pr\u00e9sent, ainsi que les modalit\u00e9s les plus r\u00e9centes de remise en cause ou de d\u00e9fense orthodoxe du \u00ab roman national de l\u2019\u00c9tat-nation \u00bb, et ce, aussi bien au sein de la sph\u00e8re acad\u00e9mique que dans l\u2019espace public.<\/p>\n<p>S\u00e9minaire d&rsquo;histoire contemporaine de l&rsquo;Espagne, avec Severiano ROJO HERN\u00c1NDEZ, Nicolas SESMA et Nicolas MORALES.<\/p>\n<p><a href=\"https:\/\/telemme.mmsh.fr\/?evenement=les-usages-publics-de-lhistoire-dans-lespagne-du-temps-present\"><strong>Programme complet<\/strong><\/a><\/p>","excerpt":"","slug":"les-usages-publics-de-lhistoire-dans-lespagne-du-temps-present","image":{"url":"https:\/\/telemme.mmsh.fr\/wp-content\/uploads\/2024\/10\/LosEncargados.png","id":14544,"extension":"png","width":992,"height":558,"filesize":378369,"sizes":{"medium":{"width":300,"height":169,"mime-type":"image\/png","filesize":29781,"url":"https:\/\/telemme.mmsh.fr\/wp-content\/uploads\/2024\/10\/LosEncargados-300x169.png"},"thumbnail":{"width":150,"height":150,"mime-type":"image\/png","filesize":13670,"url":"https:\/\/telemme.mmsh.fr\/wp-content\/uploads\/2024\/10\/LosEncargados-150x150.png"},"medium_large":{"width":768,"height":432,"mime-type":"image\/png","filesize":159256,"url":"https:\/\/telemme.mmsh.fr\/wp-content\/uploads\/2024\/10\/LosEncargados-768x432.png"},"better-amp-small":{"width":100,"height":100,"mime-type":"image\/png","filesize":6513,"url":"https:\/\/telemme.mmsh.fr\/wp-content\/uploads\/2024\/10\/LosEncargados-100x100.png"},"better-amp-normal":{"width":260,"height":200,"mime-type":"image\/png","filesize":30136,"url":"https:\/\/telemme.mmsh.fr\/wp-content\/uploads\/2024\/10\/LosEncargados-260x200.png"},"better-amp-large":{"width":450,"height":300,"mime-type":"image\/png","filesize":71171,"url":"https:\/\/telemme.mmsh.fr\/wp-content\/uploads\/2024\/10\/LosEncargados-450x300.png"},"neve-blog":{"width":930,"height":558,"mime-type":"image\/png","filesize":243031,"url":"https:\/\/telemme.mmsh.fr\/wp-content\/uploads\/2024\/10\/LosEncargados-930x558.png"},"sow-carousel-default":{"width":272,"height":182,"mime-type":"image\/png","filesize":28784,"url":"https:\/\/telemme.mmsh.fr\/wp-content\/uploads\/2024\/10\/LosEncargados-272x182.png"}}},"all_day":false,"start_date":"2024-11-08 10:00:00","start_date_details":{"year":"2024","month":"11","day":"08","hour":"10","minutes":"00","seconds":"00"},"end_date":"2024-11-08 12:30:00","end_date_details":{"year":"2024","month":"11","day":"08","hour":"12","minutes":"30","seconds":"00"},"utc_start_date":"2024-11-08 09:00:00","utc_start_date_details":{"year":"2024","month":"11","day":"08","hour":"09","minutes":"00","seconds":"00"},"utc_end_date":"2024-11-08 11:30:00","utc_end_date_details":{"year":"2024","month":"11","day":"08","hour":"11","minutes":"30","seconds":"00"},"timezone":"Europe\/Paris","timezone_abbr":"CET","cost":"","cost_details":{"currency_symbol":"\u20ac","currency_code":"USD","currency_position":"suffix","values":[]},"website":"","show_map":true,"show_map_link":true,"hide_from_listings":false,"sticky":false,"featured":false,"categories":[{"name":"S\u00e9minaire d'histoire contemporaine de l'Espagne","slug":"seminaire-dhistoire-contemporaine-de-lespagne","term_group":0,"term_taxonomy_id":1947,"taxonomy":"tribe_events_cat","description":"","parent":0,"count":5,"filter":"raw","id":1947,"urls":{"self":"https:\/\/telemme.mmsh.fr\/index.php?rest_route=\/tribe\/events\/v1\/categories\/1947","collection":"https:\/\/telemme.mmsh.fr\/index.php?rest_route=\/tribe\/events\/v1\/categories"}}],"tags":[{"name":"Espagne","slug":"espagne","term_group":0,"term_taxonomy_id":2513,"taxonomy":"post_tag","description":"","parent":0,"count":2,"filter":"raw","id":2513,"urls":{"self":"https:\/\/telemme.mmsh.fr\/index.php?rest_route=\/tribe\/events\/v1\/tags\/2513","collection":"https:\/\/telemme.mmsh.fr\/index.php?rest_route=\/tribe\/events\/v1\/tags"}},{"name":"Histoire contemporaine de l'Espagne","slug":"histoire-contemporaine-de-lespagne","term_group":0,"term_taxonomy_id":2093,"taxonomy":"post_tag","description":"","parent":0,"count":4,"filter":"raw","id":2093,"urls":{"self":"https:\/\/telemme.mmsh.fr\/index.php?rest_route=\/tribe\/events\/v1\/tags\/2093","collection":"https:\/\/telemme.mmsh.fr\/index.php?rest_route=\/tribe\/events\/v1\/tags"}}],"venue":{"id":3497,"author":"6","status":"publish","date":"2021-01-21 16:40:33","date_utc":"2021-01-21 15:40:33","modified":"2021-09-24 16:02:36","modified_utc":"2021-09-24 14:02:36","url":"https:\/\/telemme.mmsh.fr\/?tribe_venue=salle-duby","venue":"Salle Georges Duby &#8211; MMSH, Aix-en-Provence","slug":"salle-duby","address":"MMSH, 5 rue du Ch\u00e2teau de l'Horloge","city":"Aix-en-Provence","country":"France","zip":"13090","json_ld":{"@type":"Place","name":"Salle Georges Duby &#8211; MMSH, Aix-en-Provence","description":"","url":"","address":{"@type":"PostalAddress","streetAddress":"MMSH, 5 rue du Ch\u00e2teau de l&#039;Horloge","addressLocality":"Aix-en-Provence","postalCode":"13090","addressCountry":"France"},"telephone":"","sameAs":""},"show_map":true,"show_map_link":true,"global_id":"telemme.mmsh.fr?id=3497","global_id_lineage":["telemme.mmsh.fr?id=3497"]},"organizer":[{"id":10350,"author":"6","status":"publish","date":"2022-01-12 09:57:40","date_utc":"2022-01-12 08:57:40","modified":"2022-01-12 09:57:40","modified_utc":"2022-01-12 08:57:40","url":"https:\/\/telemme.mmsh.fr\/?tribe_organizer=nicolas-morales","organizer":"Nicolas Morales","slug":"nicolas-morales","website":"https:\/\/telemme.mmsh.fr\/?membres=nicolas-morales","json_ld":{"@type":"Person","name":"Nicolas Morales","description":"","url":"https:\/\/telemme.mmsh.fr\/?membres=nicolas-morales","telephone":"","email":"","sameAs":"https:\/\/telemme.mmsh.fr\/?membres=nicolas-morales"},"global_id":"telemme.mmsh.fr?id=10350","global_id_lineage":["telemme.mmsh.fr?id=10350"]}],"custom_fields":[],"json_ld":{"@context":"http:\/\/schema.org","@type":"Event","name":"Les usages publics de l&rsquo;histoire dans l&rsquo;Espagne du temps pr\u00e9sent","description":"&lt;p&gt;Ce s\u00e9minaire propose donc d\u2019analyser les nouveaux usages publics de l\u2019histoire et de la contre-histoire dans l\u2019Espagne du temps pr\u00e9sent, ainsi que les modalit\u00e9s les plus r\u00e9centes de remise en&hellip;&nbsp;&lt;a href=&quot;https:\/\/telemme.mmsh.fr\/?tribe_events=les-usages-publics-de-lhistoire-dans-lespagne-du-temps-present&quot; rel=&quot;bookmark&quot;&gt;Lire la suite &raquo;&lt;span class=&quot;screen-reader-text&quot;&gt;Les usages publics de l&rsquo;histoire dans l&rsquo;Espagne du temps pr\u00e9sent&lt;\/span&gt;&lt;\/a&gt;&lt;\/p&gt;\\n","image":"https:\/\/telemme.mmsh.fr\/wp-content\/uploads\/2024\/10\/LosEncargados.png","url":"https:\/\/telemme.mmsh.fr\/?tribe_events=les-usages-publics-de-lhistoire-dans-lespagne-du-temps-present","eventAttendanceMode":"https:\/\/schema.org\/OfflineEventAttendanceMode","eventStatus":"https:\/\/schema.org\/EventScheduled","startDate":"2024-11-08T10:00:00+01:00","endDate":"2024-11-08T12:30:00+01:00","location":{"@type":"Place","name":"Salle Georges Duby &#8211; MMSH, Aix-en-Provence","description":"","url":"","address":{"@type":"PostalAddress","streetAddress":"MMSH, 5 rue du Ch\u00e2teau de l&#039;Horloge","addressLocality":"Aix-en-Provence","postalCode":"13090","addressCountry":"France"},"telephone":"","sameAs":""},"organizer":{"@type":"Person","name":"Nicolas Morales","description":"","url":"https:\/\/telemme.mmsh.fr\/?membres=nicolas-morales","telephone":"","email":"","sameAs":"https:\/\/telemme.mmsh.fr\/?membres=nicolas-morales"},"performer":"Organization"}}