{"id":14240,"global_id":"telemme.mmsh.fr?id=14240","global_id_lineage":["telemme.mmsh.fr?id=14240"],"author":"6","status":"publish","date":"2024-04-25 10:44:08","date_utc":"2024-04-25 08:44:08","modified":"2024-05-30 08:56:11","modified_utc":"2024-05-30 06:56:11","url":"https:\/\/telemme.mmsh.fr\/?tribe_events=le-visage-regards-croises-sur-un-objet-sur-un-objet-pluridisciplinaire","rest_url":"https:\/\/telemme.mmsh.fr\/index.php?rest_route=\/tribe\/events\/v1\/events\/14240","title":"Le visage\u00a0: regards crois\u00e9s sur un objet pluridisciplinaire","description":"<p>Cette journ\u00e9e d\u2019\u00e9tude consacr\u00e9e au visage s\u2019inscrit dans une vis\u00e9e r\u00e9solument pluridisciplinaire. Il s\u2019agit de faire dialoguer diff\u00e9rentes m\u00e9thodologies de recherche autour d\u2019un objet commun : le visage. Cette premi\u00e8re journ\u00e9e d\u2019\u00e9tudes r\u00e9unit des sp\u00e9cialistes de plusieurs disciplines (historiens des mentalit\u00e9s, historiens de la sant\u00e9, sp\u00e9cialistes des arts visuels, m\u00e9decins, sp\u00e9cialistes des sciences, sp\u00e9cialistes de la litt\u00e9rature ou de la communication politique) et vise \u00e0 interroger les enjeux du visage, entre hier et aujourd\u2019hui.<\/p>\n<p>Que r\u00e9v\u00e8le le visage\u00a0? Que nous donne-t-il \u00e0 voir\u00a0? Le visage s\u2019inscrit en effet dans une tension entre r\u00e9v\u00e9lation et dissimulation, il est au c\u0153ur de strat\u00e9gies de monstration mais aussi de manipulation et de mise en sc\u00e8ne de l\u2019\u00eatre. La journ\u00e9e d\u2019\u00e9tudes se penchera \u00e9galement sur les enjeux de la destruction et de la reconstruction du visage, sur son occultation ou son exposition. En ce sens, la repr\u00e9sentation du visage (dans l\u2019art, la photographie, la communication politique, l\u2019univers num\u00e9rique) appara\u00eet comme un terrain privil\u00e9gi\u00e9 pour la revendication d\u2019id\u00e9es, d\u2019identit\u00e9s, d\u2019histoires, mais aussi comme un lieu o\u00f9 dialoguent la r\u00e9alit\u00e9 et la fiction. Repr\u00e9sent\u00e9, tout visage raconte une histoire. Laquelle ?<\/p>\n<p><a href=\"https:\/\/telemme.mmsh.fr\/?evenement=le-visage-regards-croises-sur-un-objet-sur-un-objet-pluridisciplinaire\"><strong>Programme complet<\/strong><\/a><\/p>","excerpt":"","slug":"le-visage-regards-croises-sur-un-objet-sur-un-objet-pluridisciplinaire","image":{"url":"https:\/\/telemme.mmsh.fr\/wp-content\/uploads\/2024\/04\/Affiche-JE-Visage-31-mai.jpg","id":14241,"extension":"jpg","width":985,"height":605,"filesize":122742,"sizes":{"medium":{"width":300,"height":184,"mime-type":"image\/jpeg","filesize":8041,"url":"https:\/\/telemme.mmsh.fr\/wp-content\/uploads\/2024\/04\/Affiche-JE-Visage-31-mai-300x184.jpg"},"thumbnail":{"width":150,"height":150,"mime-type":"image\/jpeg","filesize":4433,"url":"https:\/\/telemme.mmsh.fr\/wp-content\/uploads\/2024\/04\/Affiche-JE-Visage-31-mai-150x150.jpg"},"medium_large":{"width":768,"height":472,"mime-type":"image\/jpeg","filesize":44789,"url":"https:\/\/telemme.mmsh.fr\/wp-content\/uploads\/2024\/04\/Affiche-JE-Visage-31-mai-768x472.jpg"},"better-amp-small":{"width":100,"height":100,"mime-type":"image\/jpeg","filesize":3091,"url":"https:\/\/telemme.mmsh.fr\/wp-content\/uploads\/2024\/04\/Affiche-JE-Visage-31-mai-100x100.jpg"},"better-amp-normal":{"width":260,"height":200,"mime-type":"image\/jpeg","filesize":7751,"url":"https:\/\/telemme.mmsh.fr\/wp-content\/uploads\/2024\/04\/Affiche-JE-Visage-31-mai-260x200.jpg"},"better-amp-large":{"width":450,"height":300,"mime-type":"image\/jpeg","filesize":17355,"url":"https:\/\/telemme.mmsh.fr\/wp-content\/uploads\/2024\/04\/Affiche-JE-Visage-31-mai-450x300.jpg"},"neve-blog":{"width":930,"height":605,"mime-type":"image\/jpeg","filesize":78520,"url":"https:\/\/telemme.mmsh.fr\/wp-content\/uploads\/2024\/04\/Affiche-JE-Visage-31-mai-930x605.jpg"},"sow-carousel-default":{"width":272,"height":182,"mime-type":"image\/jpeg","filesize":7430,"url":"https:\/\/telemme.mmsh.fr\/wp-content\/uploads\/2024\/04\/Affiche-JE-Visage-31-mai-272x182.jpg"}}},"all_day":false,"start_date":"2024-05-31 09:00:00","start_date_details":{"year":"2024","month":"05","day":"31","hour":"09","minutes":"00","seconds":"00"},"end_date":"2024-05-31 16:30:00","end_date_details":{"year":"2024","month":"05","day":"31","hour":"16","minutes":"30","seconds":"00"},"utc_start_date":"2024-05-31 07:00:00","utc_start_date_details":{"year":"2024","month":"05","day":"31","hour":"07","minutes":"00","seconds":"00"},"utc_end_date":"2024-05-31 14:30:00","utc_end_date_details":{"year":"2024","month":"05","day":"31","hour":"14","minutes":"30","seconds":"00"},"timezone":"Europe\/Paris","timezone_abbr":"CEST","cost":"","cost_details":{"currency_symbol":"\u20ac","currency_code":"USD\t\t\t\t\t\t\tclass=","currency_position":"suffix","values":[]},"website":"","show_map":true,"show_map_link":true,"hide_from_listings":false,"sticky":false,"featured":false,"categories":[{"name":"Journ\u00e9e d'\u00e9tudes","slug":"journee-detudes","term_group":0,"term_taxonomy_id":1823,"taxonomy":"tribe_events_cat","description":"","parent":0,"count":84,"filter":"raw","id":1823,"urls":{"self":"https:\/\/telemme.mmsh.fr\/index.php?rest_route=\/tribe\/events\/v1\/categories\/1823","collection":"https:\/\/telemme.mmsh.fr\/index.php?rest_route=\/tribe\/events\/v1\/categories"}}],"tags":[{"name":"histoire","slug":"histoire","term_group":0,"term_taxonomy_id":2409,"taxonomy":"post_tag","description":"","parent":0,"count":2,"filter":"raw","id":2409,"urls":{"self":"https:\/\/telemme.mmsh.fr\/index.php?rest_route=\/tribe\/events\/v1\/tags\/2409","collection":"https:\/\/telemme.mmsh.fr\/index.php?rest_route=\/tribe\/events\/v1\/tags"}},{"name":"histoire de l'art","slug":"histoire-de-lart-2","term_group":0,"term_taxonomy_id":2783,"taxonomy":"post_tag","description":"","parent":0,"count":4,"filter":"raw","id":2783,"urls":{"self":"https:\/\/telemme.mmsh.fr\/index.php?rest_route=\/tribe\/events\/v1\/tags\/2783","collection":"https:\/\/telemme.mmsh.fr\/index.php?rest_route=\/tribe\/events\/v1\/tags"}},{"name":"interdisciplinarit\u00e9","slug":"interdisciplinarite","term_group":0,"term_taxonomy_id":2170,"taxonomy":"post_tag","description":"","parent":0,"count":3,"filter":"raw","id":2170,"urls":{"self":"https:\/\/telemme.mmsh.fr\/index.php?rest_route=\/tribe\/events\/v1\/tags\/2170","collection":"https:\/\/telemme.mmsh.fr\/index.php?rest_route=\/tribe\/events\/v1\/tags"}},{"name":"visage","slug":"visage","term_group":0,"term_taxonomy_id":2808,"taxonomy":"post_tag","description":"","parent":0,"count":1,"filter":"raw","id":2808,"urls":{"self":"https:\/\/telemme.mmsh.fr\/index.php?rest_route=\/tribe\/events\/v1\/tags\/2808","collection":"https:\/\/telemme.mmsh.fr\/index.php?rest_route=\/tribe\/events\/v1\/tags"}}],"venue":{"id":3497,"author":"6","status":"publish","date":"2021-01-21 16:40:33","date_utc":"2021-01-21 15:40:33","modified":"2021-09-24 16:02:36","modified_utc":"2021-09-24 14:02:36","url":"https:\/\/telemme.mmsh.fr\/?tribe_venue=salle-duby","venue":"Salle Georges Duby &#8211; MMSH, Aix-en-Provence","slug":"salle-duby","address":"MMSH, 5 rue du Ch\u00e2teau de l'Horloge","city":"Aix-en-Provence","country":"France","zip":"13090","json_ld":{"@type":"Place","name":"Salle Georges Duby &#8211; MMSH, Aix-en-Provence","description":"","url":"","address":{"@type":"PostalAddress","streetAddress":"MMSH, 5 rue du Ch\u00e2teau de l&#039;Horloge","addressLocality":"Aix-en-Provence","postalCode":"13090","addressCountry":"France"},"telephone":"","sameAs":""},"show_map":true,"show_map_link":true,"global_id":"telemme.mmsh.fr?id=3497","global_id_lineage":["telemme.mmsh.fr?id=3497"]},"organizer":[{"id":9289,"author":"6","status":"publish","date":"2021-08-27 16:00:26","date_utc":"2021-08-27 14:00:26","modified":"2021-08-27 16:00:26","modified_utc":"2021-08-27 14:00:26","url":"https:\/\/telemme.mmsh.fr\/?tribe_organizer=christine-orobitg","organizer":"Christine Orobitg","slug":"christine-orobitg","website":"https:\/\/telemme.mmsh.fr\/?membres=christine-orobitg","json_ld":{"@type":"Person","name":"Christine Orobitg","description":"","url":"https:\/\/telemme.mmsh.fr\/?membres=christine-orobitg","telephone":"","email":"","sameAs":"https:\/\/telemme.mmsh.fr\/?membres=christine-orobitg"},"global_id":"telemme.mmsh.fr?id=9289","global_id_lineage":["telemme.mmsh.fr?id=9289"]},{"id":14242,"author":"6","status":"publish","date":"2024-04-25 10:35:27","date_utc":"0000-00-00 00:00:00","modified":"2024-04-25 10:35:27","modified_utc":"0000-00-00 00:00:00","url":"https:\/\/telemme.mmsh.fr\/?tribe_organizer=maeva-challies-sanchez","organizer":"Maeva Challies Sanchez","slug":"maeva-challies-sanchez","website":"https:\/\/telemme.mmsh.fr\/?membres=challies-sanchez-maeva","json_ld":{"@type":"Person","name":"Maeva Challies Sanchez","description":"","url":"https:\/\/telemme.mmsh.fr\/?membres=challies-sanchez-maeva","telephone":"","email":"","sameAs":"https:\/\/telemme.mmsh.fr\/?membres=challies-sanchez-maeva"},"global_id":"telemme.mmsh.fr?id=14242","global_id_lineage":["telemme.mmsh.fr?id=14242"]}],"custom_fields":[],"json_ld":{"@context":"http:\/\/schema.org","@type":"Event","name":"Le visage\u00a0: regards crois\u00e9s sur un objet pluridisciplinaire","description":"&lt;p&gt;Cette journ\u00e9e d\u2019\u00e9tude consacr\u00e9e au visage s\u2019inscrit dans une vis\u00e9e r\u00e9solument pluridisciplinaire. Il s\u2019agit de faire dialoguer diff\u00e9rentes m\u00e9thodologies de recherche autour d\u2019un objet commun : le visage. Cette premi\u00e8re&hellip;&nbsp;&lt;a href=&quot;https:\/\/telemme.mmsh.fr\/?tribe_events=le-visage-regards-croises-sur-un-objet-sur-un-objet-pluridisciplinaire&quot; rel=&quot;bookmark&quot;&gt;Lire la suite &raquo;&lt;span class=&quot;screen-reader-text&quot;&gt;Le visage\u00a0: regards crois\u00e9s sur un objet pluridisciplinaire&lt;\/span&gt;&lt;\/a&gt;&lt;\/p&gt;\\n","image":"https:\/\/telemme.mmsh.fr\/wp-content\/uploads\/2024\/04\/Affiche-JE-Visage-31-mai.jpg","url":"https:\/\/telemme.mmsh.fr\/?tribe_events=le-visage-regards-croises-sur-un-objet-sur-un-objet-pluridisciplinaire","eventAttendanceMode":"https:\/\/schema.org\/OfflineEventAttendanceMode","eventStatus":"https:\/\/schema.org\/EventScheduled","startDate":"2024-05-31T09:00:00+02:00","endDate":"2024-05-31T16:30:00+02:00","location":{"@type":"Place","name":"Salle Georges Duby &#8211; MMSH, Aix-en-Provence","description":"","url":"","address":{"@type":"PostalAddress","streetAddress":"MMSH, 5 rue du Ch\u00e2teau de l&#039;Horloge","addressLocality":"Aix-en-Provence","postalCode":"13090","addressCountry":"France"},"telephone":"","sameAs":""},"organizer":{"@type":"Person","name":"Christine Orobitg","description":"","url":"https:\/\/telemme.mmsh.fr\/?membres=christine-orobitg","telephone":"","email":"","sameAs":"https:\/\/telemme.mmsh.fr\/?membres=christine-orobitg"},"performer":"Organization"}}