{"id":14066,"global_id":"telemme.mmsh.fr?id=14066","global_id_lineage":["telemme.mmsh.fr?id=14066"],"author":"175","status":"publish","date":"2024-03-13 11:40:03","date_utc":"2024-03-13 10:40:03","modified":"2024-03-13 11:40:03","modified_utc":"2024-03-13 10:40:03","url":"https:\/\/telemme.mmsh.fr\/?tribe_events=vous-avez-dit-populaire","rest_url":"https:\/\/telemme.mmsh.fr\/index.php?rest_route=\/tribe\/events\/v1\/events\/14066","title":"Vous avez dit populaire?","description":"<p>Si on vous disait que le cin\u00e9ma est un art masculiniste, spontan\u00e9ment, quelles images vous viendraient \u00e0 l\u2019esprit? Celles des biceps huil\u00e9s de Vin Diesel? Des coups de pied retourn\u00e9s de Chuck Norris? Et bien non! Auriez-vous pens\u00e9 porter une telle accusation \u00e0 la sensualit\u00e9 de la cam\u00e9ra d\u2019un Patrice Ch\u00e9reau, au cin\u00e9ma introspectif d\u2019un Fran\u00e7ois Ozon? Que dire de l\u2019ensemble du cin\u00e9ma moderniste fran\u00e7ais? Masculiniste lui aussi! mais \u00e9galement \u00e9litiste et esth\u00e9tisant, d\u00e9politisant, m\u00e9prisant envers la culture de masse. Cette r\u00e9flexion contre-intuitive sur le cin\u00e9ma d\u2019auteur invite \u00e0 revenir \u00e0 des questions anciennes mais toujours d\u2019actualit\u00e9 : l\u2019esth\u00e9tique est-elle un art de la domination? qu\u2019est-ce qu\u2019une culture l\u00e9gitime? qu\u2019est-ce qu\u2019une culture populaire?<\/p>\n<p>Nous discuterons de cela \u00e0 partir de deux ouvrages:<\/p>\n<ul>\n<li>No\u00ebl Burch,\u00a0<em>De la beaut\u00e9 des latrines<\/em>\u00a0<em>\u2013 pour r\u00e9habiliter le sens au cin\u00e9ma et ailleurs<\/em>, Paris, L\u2019Harmattan, 2007<\/li>\n<li>Claude Grignon, Jean-Claude Passeron,\u00a0<em>Le savant et le populaire. Mis\u00e9rabilisme et populisme en sociologie et en litt\u00e9rature<\/em>, Paris, Gallimard, 1989<\/li>\n<\/ul>\n<p>L\u2019entr\u00e9e est libre mais l\u2019inscription souhait\u00e9e en envoyant un petit mail avec votre nom \u00e0 cette adresse: <u><a href=\"mailto:mucemlab@mucem.org\">mucemlab@mucem.org<\/a><\/u><\/p>\n<p><a href=\"https:\/\/telemme.mmsh.fr\/?evenement=vous-avez-dit-populaire\">Programme<\/a><\/p>","excerpt":"","slug":"vous-avez-dit-populaire","image":{"url":"https:\/\/telemme.mmsh.fr\/wp-content\/uploads\/2022\/01\/Anachroniques_Saison6_carre.jpg","id":10488,"extension":"jpg","width":1773,"height":1434,"sizes":{"medium":{"width":300,"height":243,"mime-type":"image\/jpeg","url":"https:\/\/telemme.mmsh.fr\/wp-content\/uploads\/2022\/01\/Anachroniques_Saison6_carre-300x243.jpg"},"large":{"width":1024,"height":828,"mime-type":"image\/jpeg","url":"https:\/\/telemme.mmsh.fr\/wp-content\/uploads\/2022\/01\/Anachroniques_Saison6_carre-1024x828.jpg"},"thumbnail":{"width":150,"height":150,"mime-type":"image\/jpeg","url":"https:\/\/telemme.mmsh.fr\/wp-content\/uploads\/2022\/01\/Anachroniques_Saison6_carre-150x150.jpg"},"medium_large":{"width":768,"height":621,"mime-type":"image\/jpeg","url":"https:\/\/telemme.mmsh.fr\/wp-content\/uploads\/2022\/01\/Anachroniques_Saison6_carre-768x621.jpg"},"1536x1536":{"width":1536,"height":1242,"mime-type":"image\/jpeg","url":"https:\/\/telemme.mmsh.fr\/wp-content\/uploads\/2022\/01\/Anachroniques_Saison6_carre-1536x1242.jpg"},"better-amp-small":{"width":100,"height":100,"mime-type":"image\/jpeg","url":"https:\/\/telemme.mmsh.fr\/wp-content\/uploads\/2022\/01\/Anachroniques_Saison6_carre-100x100.jpg"},"better-amp-normal":{"width":260,"height":200,"mime-type":"image\/jpeg","url":"https:\/\/telemme.mmsh.fr\/wp-content\/uploads\/2022\/01\/Anachroniques_Saison6_carre-260x200.jpg"},"better-amp-large":{"width":450,"height":300,"mime-type":"image\/jpeg","url":"https:\/\/telemme.mmsh.fr\/wp-content\/uploads\/2022\/01\/Anachroniques_Saison6_carre-450x300.jpg"},"neve-blog":{"width":930,"height":620,"mime-type":"image\/jpeg","url":"https:\/\/telemme.mmsh.fr\/wp-content\/uploads\/2022\/01\/Anachroniques_Saison6_carre-930x620.jpg"},"sow-carousel-default":{"width":272,"height":182,"mime-type":"image\/jpeg","url":"https:\/\/telemme.mmsh.fr\/wp-content\/uploads\/2022\/01\/Anachroniques_Saison6_carre-272x182.jpg"}}},"all_day":false,"start_date":"2024-03-14 14:00:00","start_date_details":{"year":"2024","month":"03","day":"14","hour":"14","minutes":"00","seconds":"00"},"end_date":"2024-03-14 17:00:00","end_date_details":{"year":"2024","month":"03","day":"14","hour":"17","minutes":"00","seconds":"00"},"utc_start_date":"2024-03-14 13:00:00","utc_start_date_details":{"year":"2024","month":"03","day":"14","hour":"13","minutes":"00","seconds":"00"},"utc_end_date":"2024-03-14 16:00:00","utc_end_date_details":{"year":"2024","month":"03","day":"14","hour":"16","minutes":"00","seconds":"00"},"timezone":"Europe\/Paris","timezone_abbr":"CET","cost":"","cost_details":{"currency_symbol":"","currency_code":"","currency_position":"suffix","values":[]},"website":"","show_map":true,"show_map_link":true,"hide_from_listings":false,"sticky":false,"featured":false,"categories":[{"name":"S\u00e9minaire \"Anachroniques\"","slug":"seminaire-anachroniques","term_group":0,"term_taxonomy_id":2387,"taxonomy":"tribe_events_cat","description":"","parent":2268,"count":16,"filter":"raw","id":2387,"urls":{"self":"https:\/\/telemme.mmsh.fr\/index.php?rest_route=\/tribe\/events\/v1\/categories\/2387","collection":"https:\/\/telemme.mmsh.fr\/index.php?rest_route=\/tribe\/events\/v1\/categories","up":"https:\/\/telemme.mmsh.fr\/index.php?rest_route=\/tribe\/events\/v1\/categories\/2268"}}],"tags":[],"venue":{"id":12382,"author":"175","status":"publish","date":"2023-01-25 16:30:08","date_utc":"2023-01-25 15:30:08","modified":"2024-03-20 09:25:52","modified_utc":"2024-03-20 08:25:52","url":"https:\/\/telemme.mmsh.fr\/?tribe_venue=mucem-lab-mucem-lower-entry-to-fort-saint-jean-tour-du-roi-rene-201-quai-du-port-13002-marseille","description":"<p><strong>Matin\u00e9e: <\/strong>Pr\u00e9sidence Aix-Marseille Universit\u00e9 &#8211; Pharo<\/p>\n<p>58 BVD Charles Livon Jardin du Pharo &#8211; 13007 Marseille<\/p>\n<p><strong>Apr\u00e8s-midi: <\/strong>MucemLab, 201 Quai du port (entr\u00e9e par la tour du Roi Ren\u00e9), 13002, Marseille.<\/p>","slug":"mucem-lab-mucem-lower-entry-to-fort-saint-jean-tour-du-roi-rene-201-quai-du-port-13002-marseille","json_ld":{"@type":"Place","name":"","description":"&lt;p&gt;Matin\u00e9e: Pr\u00e9sidence Aix-Marseille Universit\u00e9 - Pharo 58 BVD Charles Livon Jardin du Pharo - 13007 Marseille Apr\u00e8s-midi: MucemLab, 201 Quai du port (entr\u00e9e par la tour du Roi Ren\u00e9), 13002,&hellip;&nbsp;&lt;a href=&quot;https:\/\/telemme.mmsh.fr\/?tribe_venue=mucem-lab-mucem-lower-entry-to-fort-saint-jean-tour-du-roi-rene-201-quai-du-port-13002-marseille&quot; rel=&quot;bookmark&quot;&gt;Lire la suite &raquo;&lt;span class=&quot;screen-reader-text&quot;&gt;&lt;\/span&gt;&lt;\/a&gt;&lt;\/p&gt;\\n","url":"","address":{"@type":"PostalAddress"},"telephone":"","sameAs":""},"show_map":true,"show_map_link":true,"global_id":"telemme.mmsh.fr?id=12382","global_id_lineage":["telemme.mmsh.fr?id=12382"]},"organizer":[{"id":3650,"author":"6","status":"publish","date":"2021-01-22 15:31:25","date_utc":"2021-01-22 14:31:25","modified":"2021-01-22 15:31:25","modified_utc":"2021-01-22 14:31:25","url":"https:\/\/telemme.mmsh.fr\/?tribe_organizer=jeremie-foa","organizer":"J\u00e9r\u00e9mie Foa","slug":"jeremie-foa","website":"telemme.mmsh.univ-aix.fr\/membres\/jeremie-foa\/","json_ld":{"@type":"Person","name":"J\u00e9r\u00e9mie Foa","description":"","url":"http:\/\/telemme.mmsh.univ-aix.fr\/membres\/jeremie-foa\/","telephone":"","email":"","sameAs":"http:\/\/telemme.mmsh.univ-aix.fr\/membres\/jeremie-foa\/"},"global_id":"telemme.mmsh.fr?id=3650","global_id_lineage":["telemme.mmsh.fr?id=3650"]},{"id":3648,"author":"6","status":"publish","date":"2021-01-22 15:31:25","date_utc":"2021-01-22 14:31:25","modified":"2021-08-23 15:28:32","modified_utc":"2021-08-23 13:28:32","url":"https:\/\/telemme.mmsh.fr\/?tribe_organizer=thomas-glesener","organizer":"Thomas Glesener","slug":"thomas-glesener","website":"https:\/\/telemme.mmsh.fr\/?membres=thomas-glesener","json_ld":{"@type":"Person","name":"Thomas Glesener","description":"","url":"https:\/\/telemme.mmsh.fr\/?membres=thomas-glesener","telephone":"","email":"","sameAs":"https:\/\/telemme.mmsh.fr\/?membres=thomas-glesener"},"global_id":"telemme.mmsh.fr?id=3648","global_id_lineage":["telemme.mmsh.fr?id=3648"]}],"custom_fields":[],"json_ld":{"@context":"http:\/\/schema.org","@type":"Event","name":"Vous avez dit populaire?","description":"&lt;p&gt;Si on vous disait que le cin\u00e9ma est un art masculiniste, spontan\u00e9ment, quelles images vous viendraient \u00e0 l\u2019esprit? Celles des biceps huil\u00e9s de Vin Diesel? Des coups de pied retourn\u00e9s&hellip;&nbsp;&lt;a href=&quot;https:\/\/telemme.mmsh.fr\/?tribe_events=vous-avez-dit-populaire&quot; rel=&quot;bookmark&quot;&gt;Lire la suite &raquo;&lt;span class=&quot;screen-reader-text&quot;&gt;Vous avez dit populaire?&lt;\/span&gt;&lt;\/a&gt;&lt;\/p&gt;\\n","image":"https:\/\/telemme.mmsh.fr\/wp-content\/uploads\/2022\/01\/Anachroniques_Saison6_carre.jpg","url":"https:\/\/telemme.mmsh.fr\/?tribe_events=vous-avez-dit-populaire","eventAttendanceMode":"https:\/\/schema.org\/OfflineEventAttendanceMode","eventStatus":"https:\/\/schema.org\/EventScheduled","startDate":"2024-03-14T14:00:00+01:00","endDate":"2024-03-14T17:00:00+01:00","location":{"@type":"Place","name":"","description":"&lt;p&gt;Matin\u00e9e: Pr\u00e9sidence Aix-Marseille Universit\u00e9 - Pharo 58 BVD Charles Livon Jardin du Pharo - 13007 Marseille Apr\u00e8s-midi: MucemLab, 201 Quai du port (entr\u00e9e par la tour du Roi Ren\u00e9), 13002,&hellip;&nbsp;&lt;a href=&quot;https:\/\/telemme.mmsh.fr\/?tribe_venue=mucem-lab-mucem-lower-entry-to-fort-saint-jean-tour-du-roi-rene-201-quai-du-port-13002-marseille&quot; rel=&quot;bookmark&quot;&gt;Lire la suite &raquo;&lt;span class=&quot;screen-reader-text&quot;&gt;&lt;\/span&gt;&lt;\/a&gt;&lt;\/p&gt;\\n","url":"","address":{"@type":"PostalAddress"},"telephone":"","sameAs":""},"organizer":{"@type":"Person","name":"J\u00e9r\u00e9mie Foa","description":"","url":"http:\/\/telemme.mmsh.univ-aix.fr\/membres\/jeremie-foa\/","telephone":"","email":"","sameAs":"http:\/\/telemme.mmsh.univ-aix.fr\/membres\/jeremie-foa\/"},"performer":"Organization"}}