{"id":13972,"global_id":"telemme.mmsh.fr?id=13972","global_id_lineage":["telemme.mmsh.fr?id=13972"],"author":"6","status":"publish","date":"2024-02-13 13:37:52","date_utc":"2024-02-13 12:37:52","modified":"2024-10-04 15:44:00","modified_utc":"2024-10-04 13:44:00","url":"https:\/\/telemme.mmsh.fr\/?tribe_events=presentation-de-ser-y-estar","rest_url":"https:\/\/telemme.mmsh.fr\/index.php?rest_route=\/tribe\/events\/v1\/events\/13972","title":"Pr\u00e9sentation de Ser y Estar","description":"<p>Pr\u00e9sentation de <em>Ser y Estar. Les Pieds-Noirs d\u2019Alicante et de sa r\u00e9gion (1962-ann\u00e9es 2010)<\/em><\/p>\n<p>Le r\u00e9seau transversal <a href=\"https:\/\/mimed.hypotheses.org\/\" target=\"_blank\" rel=\"noopener noreferrer\">MIMED<\/a> vous\u00a0annonce la tenue de son\u00a0prochain s\u00e9minaire co-organis\u00e9 avec le groupe de recherches \u00ab\u00a0<strong><a href=\"https:\/\/telemme.mmsh.fr\/?axe_groupe=2023-2028-2-des-vies-a-gagner\/2023-2028-2-1-entre-deux-terres-migrations-et-mobilites-xviie-xxie-siecles\">Entre deux (terres). Migrations et mobilit\u00e9s (XVIIe-XXIe si\u00e8cles)<\/a>\u00a0<\/strong>\u00bb du laboratoire TELEMMe.<\/p>\n<p>L\u2019intervenante est\u00a0<b>Mariana Dominguez Villaverde<\/b> (Ma\u00eetresse de Conf\u00e9rences en civilisation espagnole, Universit\u00e9 Grenoble Alpes, ILCEA4) pour la pr\u00e9sentation et discussion de son ouvrage\u00a0<b><i>Ser y Estar. Les Pieds-Noirs d\u2019Alicante et de sa r\u00e9gion (1962-ann\u00e9es 2010)<\/i><\/b> publi\u00e9 aux \u00c9ditions Le Cavalier Bleu (Collection Mimed en partenariat avec la MMSH).<\/p>\n<p><a href=\"https:\/\/telemme.mmsh.fr\/?evenement=presentation-de-ser-y-estar-les-pieds-noirs-dalicante-et-de-sa-region-1962-annees-2010\"><strong>Programme complet<\/strong><\/a><\/p>","excerpt":"<p>Le r\u00e9seau transversal MIMED vous annonce la tenue de son prochain s\u00e9minaire co-organis\u00e9 avec le groupe de recherches \u00ab Entre deux (terres). Migrations et mobilit\u00e9s (XVIIe-XXIe si\u00e8cles) \u00bb du laboratoire TELEMMe. Publi\u00e9 en septembre 2023, Ser y Estar. Les Pieds-Noirs d\u2019Alicante et de sa r\u00e9gion (1962-ann\u00e9es 2010) porte sur les Pieds-Noirs qui se sont install\u00e9s \u00e0 Alicante (Espagne) en 1962, apr\u00e8s l\u2019ind\u00e9pendance de l\u2019Alg\u00e9rie, dans une perspective d\u2019histoire sociale et culturelle des migrations. <\/p>","slug":"presentation-de-ser-y-estar","image":{"url":"https:\/\/telemme.mmsh.fr\/wp-content\/uploads\/2024\/02\/Ser-y-Estar_MiMed_small.jpg","id":13971,"extension":"jpg","width":648,"height":950,"filesize":127654,"sizes":{"medium":{"width":205,"height":300,"mime-type":"image\/jpeg","filesize":20539,"url":"https:\/\/telemme.mmsh.fr\/wp-content\/uploads\/2024\/02\/Ser-y-Estar_MiMed_small-205x300.jpg"},"thumbnail":{"width":150,"height":150,"mime-type":"image\/jpeg","filesize":11965,"url":"https:\/\/telemme.mmsh.fr\/wp-content\/uploads\/2024\/02\/Ser-y-Estar_MiMed_small-150x150.jpg"},"better-amp-small":{"width":100,"height":100,"mime-type":"image\/jpeg","filesize":8975,"url":"https:\/\/telemme.mmsh.fr\/wp-content\/uploads\/2024\/02\/Ser-y-Estar_MiMed_small-100x100.jpg"},"better-amp-normal":{"width":260,"height":200,"mime-type":"image\/jpeg","filesize":17566,"url":"https:\/\/telemme.mmsh.fr\/wp-content\/uploads\/2024\/02\/Ser-y-Estar_MiMed_small-260x200.jpg"},"better-amp-large":{"width":450,"height":300,"mime-type":"image\/jpeg","filesize":30689,"url":"https:\/\/telemme.mmsh.fr\/wp-content\/uploads\/2024\/02\/Ser-y-Estar_MiMed_small-450x300.jpg"},"neve-blog":{"width":648,"height":620,"mime-type":"image\/jpeg","filesize":83840,"url":"https:\/\/telemme.mmsh.fr\/wp-content\/uploads\/2024\/02\/Ser-y-Estar_MiMed_small-648x620.jpg"},"sow-carousel-default":{"width":272,"height":182,"mime-type":"image\/jpeg","filesize":16955,"url":"https:\/\/telemme.mmsh.fr\/wp-content\/uploads\/2024\/02\/Ser-y-Estar_MiMed_small-272x182.jpg"}}},"all_day":false,"start_date":"2024-02-15 14:00:00","start_date_details":{"year":"2024","month":"02","day":"15","hour":"14","minutes":"00","seconds":"00"},"end_date":"2024-02-15 16:00:00","end_date_details":{"year":"2024","month":"02","day":"15","hour":"16","minutes":"00","seconds":"00"},"utc_start_date":"2024-02-15 13:00:00","utc_start_date_details":{"year":"2024","month":"02","day":"15","hour":"13","minutes":"00","seconds":"00"},"utc_end_date":"2024-02-15 15:00:00","utc_end_date_details":{"year":"2024","month":"02","day":"15","hour":"15","minutes":"00","seconds":"00"},"timezone":"Europe\/Paris","timezone_abbr":"CET","cost":"","cost_details":{"currency_symbol":"\u20ac","currency_code":"USD","currency_position":"suffix","values":[]},"website":"","show_map":true,"show_map_link":true,"hide_from_listings":false,"sticky":false,"featured":false,"categories":[{"name":"S\u00e9minaire","slug":"seminaire","term_group":0,"term_taxonomy_id":1831,"taxonomy":"tribe_events_cat","description":"","parent":0,"count":140,"filter":"raw","id":1831,"urls":{"self":"https:\/\/telemme.mmsh.fr\/index.php?rest_route=\/tribe\/events\/v1\/categories\/1831","collection":"https:\/\/telemme.mmsh.fr\/index.php?rest_route=\/tribe\/events\/v1\/categories"}}],"tags":[{"name":"2.1 \u2013 Entre deux (terres). Migrations et mobilit\u00e9s (XVIIe-XXIe si\u00e8cles)","slug":"2-1-entre-deux-terres-migrations-et-mobilites-xviie-xxie-siecles","term_group":0,"term_taxonomy_id":2841,"taxonomy":"post_tag","description":"","parent":0,"count":15,"filter":"raw","id":2841,"urls":{"self":"https:\/\/telemme.mmsh.fr\/index.php?rest_route=\/tribe\/events\/v1\/tags\/2841","collection":"https:\/\/telemme.mmsh.fr\/index.php?rest_route=\/tribe\/events\/v1\/tags"}},{"name":"MIMED","slug":"mimed","term_group":0,"term_taxonomy_id":2774,"taxonomy":"post_tag","description":"","parent":0,"count":2,"filter":"raw","id":2774,"urls":{"self":"https:\/\/telemme.mmsh.fr\/index.php?rest_route=\/tribe\/events\/v1\/tags\/2774","collection":"https:\/\/telemme.mmsh.fr\/index.php?rest_route=\/tribe\/events\/v1\/tags"}}],"venue":{"id":9478,"author":"6","status":"publish","date":"2021-09-06 15:51:36","date_utc":"2021-09-06 13:51:36","modified":"2021-09-06 15:51:36","modified_utc":"2021-09-06 13:51:36","url":"https:\/\/telemme.mmsh.fr\/?tribe_venue=salle-101-mmsh","venue":"Salle 101, MMSH","slug":"salle-101-mmsh","address":"MMSH, 5 rue du Ch\u00e2teau de l'Horloge","city":"Aix-en-Provence","country":"France","zip":"13090","json_ld":{"@type":"Place","name":"Salle 101, MMSH","description":"","url":"","address":{"@type":"PostalAddress","streetAddress":"MMSH, 5 rue du Ch\u00e2teau de l&#039;Horloge","addressLocality":"Aix-en-Provence","postalCode":"13090","addressCountry":"France"},"telephone":"","sameAs":""},"show_map":true,"show_map_link":true,"global_id":"telemme.mmsh.fr?id=9478","global_id_lineage":["telemme.mmsh.fr?id=9478"]},"organizer":[{"id":13334,"author":"175","status":"publish","date":"2023-10-04 11:20:21","date_utc":"2023-10-04 09:20:21","modified":"2023-10-04 11:20:21","modified_utc":"2023-10-04 09:20:21","url":"https:\/\/telemme.mmsh.fr\/?tribe_organizer=virginie-baby-collin","organizer":"Virginie Baby-Collin","slug":"virginie-baby-collin","website":"https:\/\/telemme.mmsh.fr\/?membres=virginie-baby-collin","json_ld":{"@type":"Person","name":"Virginie Baby-Collin","description":"","url":"https:\/\/telemme.mmsh.fr\/?membres=virginie-baby-collin","telephone":"","email":"","sameAs":"https:\/\/telemme.mmsh.fr\/?membres=virginie-baby-collin"},"global_id":"telemme.mmsh.fr?id=13334","global_id_lineage":["telemme.mmsh.fr?id=13334"]},{"id":3649,"author":"6","status":"publish","date":"2021-01-22 15:31:25","date_utc":"2021-01-22 14:31:25","modified":"2021-01-22 15:31:25","modified_utc":"2021-01-22 14:31:25","url":"https:\/\/telemme.mmsh.fr\/?tribe_organizer=celine-regnard","organizer":"C\u00e9line Regnard","slug":"celine-regnard","website":"telemme.mmsh.univ-aix.fr\/membres\/celine-regnard\/","json_ld":{"@type":"Person","name":"C\u00e9line Regnard","description":"","url":"http:\/\/telemme.mmsh.univ-aix.fr\/membres\/celine-regnard\/","telephone":"","email":"","sameAs":"http:\/\/telemme.mmsh.univ-aix.fr\/membres\/celine-regnard\/"},"global_id":"telemme.mmsh.fr?id=3649","global_id_lineage":["telemme.mmsh.fr?id=3649"]}],"custom_fields":[],"json_ld":{"@context":"http:\/\/schema.org","@type":"Event","name":"Pr\u00e9sentation de Ser y Estar","description":"&lt;p&gt;Le r\u00e9seau transversal MIMED vous annonce la tenue de son prochain s\u00e9minaire co-organis\u00e9 avec le groupe de recherches \u00ab Entre deux (terres). Migrations et mobilit\u00e9s (XVIIe-XXIe si\u00e8cles) \u00bb du laboratoire TELEMMe. Publi\u00e9 en septembre 2023, Ser y Estar. Les Pieds-Noirs d\u2019Alicante et de sa r\u00e9gion (1962-ann\u00e9es 2010) porte sur les Pieds-Noirs qui se sont install\u00e9s \u00e0 Alicante (Espagne) en 1962, apr\u00e8s l\u2019ind\u00e9pendance de l\u2019Alg\u00e9rie, dans une perspective d\u2019histoire sociale et culturelle des migrations. &lt;\/p&gt;\\n","image":"https:\/\/telemme.mmsh.fr\/wp-content\/uploads\/2024\/02\/Ser-y-Estar_MiMed_small.jpg","url":"https:\/\/telemme.mmsh.fr\/?tribe_events=presentation-de-ser-y-estar","eventAttendanceMode":"https:\/\/schema.org\/OnlineEventAttendanceMode","eventStatus":"https:\/\/schema.org\/EventScheduled","startDate":"2024-02-15T14:00:00+01:00","endDate":"2024-02-15T16:00:00+01:00","location":{"@type":"VirtualLocation","url":"https:\/\/telemme.mmsh.fr\/?tribe_events=presentation-de-ser-y-estar"},"organizer":{"@type":"Person","name":"Virginie Baby-Collin","description":"","url":"https:\/\/telemme.mmsh.fr\/?membres=virginie-baby-collin","telephone":"","email":"","sameAs":"https:\/\/telemme.mmsh.fr\/?membres=virginie-baby-collin"},"performer":"Organization"},"event_status":"","event_status_reason":null,"is_online":true,"online_url":""}