{"id":13939,"global_id":"telemme.mmsh.fr?id=13939","global_id_lineage":["telemme.mmsh.fr?id=13939"],"author":"6","status":"publish","date":"2024-02-06 08:48:53","date_utc":"2024-02-06 07:48:53","modified":"2024-02-08 08:59:49","modified_utc":"2024-02-08 07:59:49","url":"https:\/\/telemme.mmsh.fr\/?tribe_events=une-autre-histoire-du-monde-est-possible","rest_url":"https:\/\/telemme.mmsh.fr\/index.php?rest_route=\/tribe\/events\/v1\/events\/13939","title":"Une autre histoire du monde est possible","description":"<p>Comment \u00e9crire une histoire \u00e0 l\u2019\u00e9chelle de la plan\u00e8te ? Nagu\u00e8re nationale ou locale, l\u2019histoire ne doit-elle pas se hisser \u00e0 ce niveau pour \u00e9clairer les d\u00e9fis de notre monde au prisme de la longue dur\u00e9e de l\u2019histoire humaine, naturelle et g\u00e9ologique ? Admettons, mais si toute \u00e9criture est situ\u00e9e, alors depuis quelle position un.e historien.ne peut-il\/elle envisager ce travail d\u2019\u00e9criture ? Quelle est cette histoire autrefois aux pr\u00e9tentions \u00ab universelles \u00bb et qui dor\u00e9navant se veut \u00ab globale \u00bb ou \u00ab profonde \u00bb ? L\u2019alternative r\u00e9side-t-elle uniquement dans le r\u00e9cit invers\u00e9 de l\u2019occidentalisation du monde qui ferait du colonialisme le seul vecteur des processus de mondialisation? Quelles pistes explorer pour \u00e9crire une histoire polyphonique du monde qui assume son ancrage dans des histoires particuli\u00e8res et dans des corpus localis\u00e9s ?<\/p>\n<p><a href=\"https:\/\/telemme.mmsh.fr\/?evenement=une-autre-histoire-du-monde-est-possible\"><strong>Programme<\/strong><\/a><\/p>","excerpt":"","slug":"une-autre-histoire-du-monde-est-possible","image":{"url":"https:\/\/telemme.mmsh.fr\/wp-content\/uploads\/2022\/01\/Anachroniques_Saison6_carre.jpg","id":10488,"extension":"jpg","width":1773,"height":1434,"sizes":{"medium":{"width":300,"height":243,"mime-type":"image\/jpeg","url":"https:\/\/telemme.mmsh.fr\/wp-content\/uploads\/2022\/01\/Anachroniques_Saison6_carre-300x243.jpg"},"large":{"width":1024,"height":828,"mime-type":"image\/jpeg","url":"https:\/\/telemme.mmsh.fr\/wp-content\/uploads\/2022\/01\/Anachroniques_Saison6_carre-1024x828.jpg"},"thumbnail":{"width":150,"height":150,"mime-type":"image\/jpeg","url":"https:\/\/telemme.mmsh.fr\/wp-content\/uploads\/2022\/01\/Anachroniques_Saison6_carre-150x150.jpg"},"medium_large":{"width":768,"height":621,"mime-type":"image\/jpeg","url":"https:\/\/telemme.mmsh.fr\/wp-content\/uploads\/2022\/01\/Anachroniques_Saison6_carre-768x621.jpg"},"1536x1536":{"width":1536,"height":1242,"mime-type":"image\/jpeg","url":"https:\/\/telemme.mmsh.fr\/wp-content\/uploads\/2022\/01\/Anachroniques_Saison6_carre-1536x1242.jpg"},"better-amp-small":{"width":100,"height":100,"mime-type":"image\/jpeg","url":"https:\/\/telemme.mmsh.fr\/wp-content\/uploads\/2022\/01\/Anachroniques_Saison6_carre-100x100.jpg"},"better-amp-normal":{"width":260,"height":200,"mime-type":"image\/jpeg","url":"https:\/\/telemme.mmsh.fr\/wp-content\/uploads\/2022\/01\/Anachroniques_Saison6_carre-260x200.jpg"},"better-amp-large":{"width":450,"height":300,"mime-type":"image\/jpeg","url":"https:\/\/telemme.mmsh.fr\/wp-content\/uploads\/2022\/01\/Anachroniques_Saison6_carre-450x300.jpg"},"neve-blog":{"width":930,"height":620,"mime-type":"image\/jpeg","url":"https:\/\/telemme.mmsh.fr\/wp-content\/uploads\/2022\/01\/Anachroniques_Saison6_carre-930x620.jpg"},"sow-carousel-default":{"width":272,"height":182,"mime-type":"image\/jpeg","url":"https:\/\/telemme.mmsh.fr\/wp-content\/uploads\/2022\/01\/Anachroniques_Saison6_carre-272x182.jpg"}}},"all_day":false,"start_date":"2024-02-08 14:00:00","start_date_details":{"year":"2024","month":"02","day":"08","hour":"14","minutes":"00","seconds":"00"},"end_date":"2024-02-08 17:00:00","end_date_details":{"year":"2024","month":"02","day":"08","hour":"17","minutes":"00","seconds":"00"},"utc_start_date":"2024-02-08 13:00:00","utc_start_date_details":{"year":"2024","month":"02","day":"08","hour":"13","minutes":"00","seconds":"00"},"utc_end_date":"2024-02-08 16:00:00","utc_end_date_details":{"year":"2024","month":"02","day":"08","hour":"16","minutes":"00","seconds":"00"},"timezone":"Europe\/Paris","timezone_abbr":"CET","cost":"","cost_details":{"currency_symbol":"","currency_code":"","currency_position":"suffix","values":[]},"website":"","show_map":true,"show_map_link":true,"hide_from_listings":false,"sticky":false,"featured":false,"categories":[{"name":"S\u00e9minaire \"Anachroniques\"","slug":"seminaire-anachroniques","term_group":0,"term_taxonomy_id":2387,"taxonomy":"tribe_events_cat","description":"","parent":2268,"count":16,"filter":"raw","id":2387,"urls":{"self":"https:\/\/telemme.mmsh.fr\/index.php?rest_route=\/tribe\/events\/v1\/categories\/2387","collection":"https:\/\/telemme.mmsh.fr\/index.php?rest_route=\/tribe\/events\/v1\/categories","up":"https:\/\/telemme.mmsh.fr\/index.php?rest_route=\/tribe\/events\/v1\/categories\/2268"}}],"tags":[],"venue":{"id":10565,"author":"6","status":"publish","date":"2022-02-04 16:48:51","date_utc":"2022-02-04 15:48:51","modified":"2022-02-04 16:48:51","modified_utc":"2022-02-04 15:48:51","url":"https:\/\/telemme.mmsh.fr\/?tribe_venue=mucemlab","venue":"MucemLab","slug":"mucemlab","address":"201 Quai du Port","city":"Marseille","country":"France","zip":"13002","json_ld":{"@type":"Place","name":"MucemLab","description":"","url":"","address":{"@type":"PostalAddress","streetAddress":"201 Quai du Port","addressLocality":"Marseille","postalCode":"13002","addressCountry":"France"},"telephone":"","sameAs":""},"show_map":true,"show_map_link":true,"global_id":"telemme.mmsh.fr?id=10565","global_id_lineage":["telemme.mmsh.fr?id=10565"]},"organizer":[{"id":3648,"author":"6","status":"publish","date":"2021-01-22 15:31:25","date_utc":"2021-01-22 14:31:25","modified":"2021-08-23 15:28:32","modified_utc":"2021-08-23 13:28:32","url":"https:\/\/telemme.mmsh.fr\/?tribe_organizer=thomas-glesener","organizer":"Thomas Glesener","slug":"thomas-glesener","website":"https:\/\/telemme.mmsh.fr\/?membres=thomas-glesener","json_ld":{"@type":"Person","name":"Thomas Glesener","description":"","url":"https:\/\/telemme.mmsh.fr\/?membres=thomas-glesener","telephone":"","email":"","sameAs":"https:\/\/telemme.mmsh.fr\/?membres=thomas-glesener"},"global_id":"telemme.mmsh.fr?id=3648","global_id_lineage":["telemme.mmsh.fr?id=3648"]},{"id":3650,"author":"6","status":"publish","date":"2021-01-22 15:31:25","date_utc":"2021-01-22 14:31:25","modified":"2021-01-22 15:31:25","modified_utc":"2021-01-22 14:31:25","url":"https:\/\/telemme.mmsh.fr\/?tribe_organizer=jeremie-foa","organizer":"J\u00e9r\u00e9mie Foa","slug":"jeremie-foa","website":"telemme.mmsh.univ-aix.fr\/membres\/jeremie-foa\/","json_ld":{"@type":"Person","name":"J\u00e9r\u00e9mie Foa","description":"","url":"http:\/\/telemme.mmsh.univ-aix.fr\/membres\/jeremie-foa\/","telephone":"","email":"","sameAs":"http:\/\/telemme.mmsh.univ-aix.fr\/membres\/jeremie-foa\/"},"global_id":"telemme.mmsh.fr?id=3650","global_id_lineage":["telemme.mmsh.fr?id=3650"]}],"custom_fields":[],"json_ld":{"@context":"http:\/\/schema.org","@type":"Event","name":"Une autre histoire du monde est possible","description":"&lt;p&gt;Comment \u00e9crire une histoire \u00e0 l\u2019\u00e9chelle de la plan\u00e8te ? Nagu\u00e8re nationale ou locale, l\u2019histoire ne doit-elle pas se hisser \u00e0 ce niveau pour \u00e9clairer les d\u00e9fis de notre monde&hellip;&nbsp;&lt;a href=&quot;https:\/\/telemme.mmsh.fr\/?tribe_events=une-autre-histoire-du-monde-est-possible&quot; rel=&quot;bookmark&quot;&gt;Lire la suite &raquo;&lt;span class=&quot;screen-reader-text&quot;&gt;Une autre histoire du monde est possible&lt;\/span&gt;&lt;\/a&gt;&lt;\/p&gt;\\n","image":"https:\/\/telemme.mmsh.fr\/wp-content\/uploads\/2022\/01\/Anachroniques_Saison6_carre.jpg","url":"https:\/\/telemme.mmsh.fr\/?tribe_events=une-autre-histoire-du-monde-est-possible","eventAttendanceMode":"https:\/\/schema.org\/OfflineEventAttendanceMode","eventStatus":"https:\/\/schema.org\/EventCancelled","startDate":"2024-02-08T14:00:00+01:00","endDate":"2024-02-08T17:00:00+01:00","location":{"@type":"Place","name":"MucemLab","description":"","url":"","address":{"@type":"PostalAddress","streetAddress":"201 Quai du Port","addressLocality":"Marseille","postalCode":"13002","addressCountry":"France"},"telephone":"","sameAs":""},"organizer":{"@type":"Person","name":"Thomas Glesener","description":"","url":"https:\/\/telemme.mmsh.fr\/?membres=thomas-glesener","telephone":"","email":"","sameAs":"https:\/\/telemme.mmsh.fr\/?membres=thomas-glesener"},"performer":"Organization"}}