{"id":13901,"global_id":"telemme.mmsh.fr?id=13901","global_id_lineage":["telemme.mmsh.fr?id=13901"],"author":"6","status":"publish","date":"2024-01-29 15:24:10","date_utc":"2024-01-29 14:24:10","modified":"2024-01-29 15:24:10","modified_utc":"2024-01-29 14:24:10","url":"https:\/\/telemme.mmsh.fr\/?tribe_events=memoire-et-traumatisme","rest_url":"https:\/\/telemme.mmsh.fr\/index.php?rest_route=\/tribe\/events\/v1\/events\/13901","title":"M\u00e9moire et traumatisme","description":"<p><strong>Journ\u00e9e d\u2019\u00e9tudes co-organis\u00e9e par le groupe \u00ab\u00a0Histoire de la sant\u00e9\u00a0\u00bb et le RTP M\u00e9moire (TELEMMe-AMU CNRS)<\/strong><\/p>\n<p>Devenu RTP (R\u00e9seau th\u00e9matique pluridisciplinaire) en 2023, le GDR M\u00e9moire, cr\u00e9\u00e9 en 2018 avec le soutien de l\u2019INSHS et de l\u2019INSB, regroupe divers laboratoires et \u00e9quipes de recherche travaillant la m\u00e9moire de mani\u00e8re interdisciplinaire, du point de vue des SHS, des \u00e9tudes litt\u00e9raires, de la psychologie cognitive, des neurosciences. Destin\u00e9 \u00e0 explorer \u00ab un objet commun au croisement du social et du cognitif \u00bb (Luciani, Souchay, 2023), le RTP M\u00e9moire est port\u00e9 au sein de l\u2019UMR TELEMMe par Isabelle Luciani, MCF en histoire moderne. La journ\u00e9e d\u2019\u00e9tudes <em>M\u00e9moire et traumatisme<\/em>, co-organis\u00e9e avec le groupe \u00ab\u00a0Histoire de la sant\u00e9\u00a0\u00bb, est destin\u00e9e \u00e0 donner une visibilit\u00e9 aux travaux men\u00e9s au sein du laboratoire sur cette question.<\/p>\n<p><a href=\"https:\/\/telemme.mmsh.fr\/?evenement=memoire-et-traumatisme\"><strong>Programme complet<\/strong><\/a><\/p>","excerpt":"","slug":"memoire-et-traumatisme","image":{"url":"https:\/\/telemme.mmsh.fr\/wp-content\/uploads\/2024\/01\/Delacroix_MassacresDeScio.jpg","id":13904,"extension":"jpg","width":1024,"height":1197,"filesize":377292,"sizes":{"medium":{"width":257,"height":300,"mime-type":"image\/jpeg","filesize":20195,"url":"https:\/\/telemme.mmsh.fr\/wp-content\/uploads\/2024\/01\/Delacroix_MassacresDeScio-257x300.jpg"},"large":{"width":876,"height":1024,"mime-type":"image\/jpeg","filesize":192073,"url":"https:\/\/telemme.mmsh.fr\/wp-content\/uploads\/2024\/01\/Delacroix_MassacresDeScio-876x1024.jpg"},"thumbnail":{"width":150,"height":150,"mime-type":"image\/jpeg","filesize":7050,"url":"https:\/\/telemme.mmsh.fr\/wp-content\/uploads\/2024\/01\/Delacroix_MassacresDeScio-150x150.jpg"},"medium_large":{"width":768,"height":898,"mime-type":"image\/jpeg","filesize":151161,"url":"https:\/\/telemme.mmsh.fr\/wp-content\/uploads\/2024\/01\/Delacroix_MassacresDeScio-768x898.jpg"},"better-amp-small":{"width":100,"height":100,"mime-type":"image\/jpeg","filesize":3629,"url":"https:\/\/telemme.mmsh.fr\/wp-content\/uploads\/2024\/01\/Delacroix_MassacresDeScio-100x100.jpg"},"better-amp-normal":{"width":260,"height":200,"mime-type":"image\/jpeg","filesize":14712,"url":"https:\/\/telemme.mmsh.fr\/wp-content\/uploads\/2024\/01\/Delacroix_MassacresDeScio-260x200.jpg"},"better-amp-large":{"width":450,"height":300,"mime-type":"image\/jpeg","filesize":35246,"url":"https:\/\/telemme.mmsh.fr\/wp-content\/uploads\/2024\/01\/Delacroix_MassacresDeScio-450x300.jpg"},"neve-blog":{"width":930,"height":620,"mime-type":"image\/jpeg","filesize":132638,"url":"https:\/\/telemme.mmsh.fr\/wp-content\/uploads\/2024\/01\/Delacroix_MassacresDeScio-930x620.jpg"},"sow-carousel-default":{"width":272,"height":182,"mime-type":"image\/jpeg","filesize":14346,"url":"https:\/\/telemme.mmsh.fr\/wp-content\/uploads\/2024\/01\/Delacroix_MassacresDeScio-272x182.jpg"}}},"all_day":false,"start_date":"2024-02-07 09:30:00","start_date_details":{"year":"2024","month":"02","day":"07","hour":"09","minutes":"30","seconds":"00"},"end_date":"2024-02-07 17:00:00","end_date_details":{"year":"2024","month":"02","day":"07","hour":"17","minutes":"00","seconds":"00"},"utc_start_date":"2024-02-07 08:30:00","utc_start_date_details":{"year":"2024","month":"02","day":"07","hour":"08","minutes":"30","seconds":"00"},"utc_end_date":"2024-02-07 16:00:00","utc_end_date_details":{"year":"2024","month":"02","day":"07","hour":"16","minutes":"00","seconds":"00"},"timezone":"Europe\/Paris","timezone_abbr":"CET","cost":"","cost_details":{"currency_symbol":"","currency_code":"","currency_position":"suffix","values":[]},"website":"","show_map":true,"show_map_link":true,"hide_from_listings":false,"sticky":false,"featured":false,"categories":[{"name":"Journ\u00e9e d'\u00e9tudes","slug":"journee-detudes","term_group":0,"term_taxonomy_id":1823,"taxonomy":"tribe_events_cat","description":"","parent":0,"count":84,"filter":"raw","id":1823,"urls":{"self":"https:\/\/telemme.mmsh.fr\/index.php?rest_route=\/tribe\/events\/v1\/categories\/1823","collection":"https:\/\/telemme.mmsh.fr\/index.php?rest_route=\/tribe\/events\/v1\/categories"}}],"tags":[{"name":"Histoire de la sant\u00e9","slug":"histoire-de-la-sante","term_group":0,"term_taxonomy_id":2765,"taxonomy":"post_tag","description":"","parent":0,"count":1,"filter":"raw","id":2765,"urls":{"self":"https:\/\/telemme.mmsh.fr\/index.php?rest_route=\/tribe\/events\/v1\/tags\/2765","collection":"https:\/\/telemme.mmsh.fr\/index.php?rest_route=\/tribe\/events\/v1\/tags"}},{"name":"RTP M\u00e9moire","slug":"rtp-memoire","term_group":0,"term_taxonomy_id":2766,"taxonomy":"post_tag","description":"","parent":0,"count":1,"filter":"raw","id":2766,"urls":{"self":"https:\/\/telemme.mmsh.fr\/index.php?rest_route=\/tribe\/events\/v1\/tags\/2766","collection":"https:\/\/telemme.mmsh.fr\/index.php?rest_route=\/tribe\/events\/v1\/tags"}}],"venue":{"id":3550,"author":"6","status":"publish","date":"2021-01-22 10:21:34","date_utc":"2021-01-22 09:21:34","modified":"2022-02-16 16:11:43","modified_utc":"2022-02-16 15:11:43","url":"https:\/\/telemme.mmsh.fr\/?tribe_venue=salle-paul-albert-fevrier","venue":"Salle Paul-Albert F\u00e9vrier, MMSH, Aix-en-Provence","slug":"salle-paul-albert-fevrier","address":"MMSH, 5 rue du Ch\u00e2teau de l'Horloge","city":"Aix-en-Provence","country":"France","zip":"13090","json_ld":{"@type":"Place","name":"Salle Paul-Albert F\u00e9vrier, MMSH, Aix-en-Provence","description":"","url":"","address":{"@type":"PostalAddress","streetAddress":"MMSH, 5 rue du Ch\u00e2teau de l&#039;Horloge","addressLocality":"Aix-en-Provence","postalCode":"13090","addressCountry":"France"},"telephone":"","sameAs":""},"show_map":true,"show_map_link":true,"global_id":"telemme.mmsh.fr?id=3550","global_id_lineage":["telemme.mmsh.fr?id=3550"]},"organizer":[{"id":7149,"author":"7","status":"publish","date":"2021-04-16 12:31:46","date_utc":"2021-04-16 10:31:46","modified":"2021-07-15 16:41:30","modified_utc":"2021-07-15 14:41:30","url":"https:\/\/telemme.mmsh.fr\/?tribe_organizer=isabelle-renaudet","organizer":"Isabelle Renaudet","slug":"isabelle-renaudet","website":"https:\/\/telemme.mmsh.fr\/?membres=isabelle-renaudet","json_ld":{"@type":"Person","name":"Isabelle Renaudet","description":"","url":"https:\/\/telemme.mmsh.fr\/?membres=isabelle-renaudet","telephone":"","email":"","sameAs":"https:\/\/telemme.mmsh.fr\/?membres=isabelle-renaudet"},"global_id":"telemme.mmsh.fr?id=7149","global_id_lineage":["telemme.mmsh.fr?id=7149"]},{"id":13033,"author":"27","status":"publish","date":"2023-09-03 12:15:10","date_utc":"0000-00-00 00:00:00","modified":"2023-09-03 12:15:10","modified_utc":"0000-00-00 00:00:00","url":"https:\/\/telemme.mmsh.fr\/?tribe_organizer=isabelle-luciani","organizer":"Isabelle Luciani","slug":"isabelle-luciani","email":"isabelle.luciani@univ-amu.fr","json_ld":{"@type":"Person","name":"Isabelle Luciani","description":"","url":"","telephone":"","email":"&#105;&#115;abell&#101;.lu&#99;i&#97;ni&#64;&#117;&#110;iv&#45;&#97;&#109;u&#46;f&#114;","sameAs":""},"global_id":"telemme.mmsh.fr?id=13033","global_id_lineage":["telemme.mmsh.fr?id=13033"]}],"custom_fields":[],"json_ld":{"@context":"http:\/\/schema.org","@type":"Event","name":"M\u00e9moire et traumatisme","description":"&lt;p&gt;Journ\u00e9e d\u2019\u00e9tudes co-organis\u00e9e par le groupe \u00ab\u00a0Histoire de la sant\u00e9\u00a0\u00bb et le RTP M\u00e9moire (TELEMMe-AMU CNRS) Devenu RTP (R\u00e9seau th\u00e9matique pluridisciplinaire) en 2023, le GDR M\u00e9moire, cr\u00e9\u00e9 en 2018 avec&hellip;&nbsp;&lt;a href=&quot;https:\/\/telemme.mmsh.fr\/?tribe_events=memoire-et-traumatisme&quot; rel=&quot;bookmark&quot;&gt;Lire la suite &raquo;&lt;span class=&quot;screen-reader-text&quot;&gt;M\u00e9moire et traumatisme&lt;\/span&gt;&lt;\/a&gt;&lt;\/p&gt;\\n","image":"https:\/\/telemme.mmsh.fr\/wp-content\/uploads\/2024\/01\/Delacroix_MassacresDeScio.jpg","url":"https:\/\/telemme.mmsh.fr\/?tribe_events=memoire-et-traumatisme","eventAttendanceMode":"https:\/\/schema.org\/OfflineEventAttendanceMode","eventStatus":"https:\/\/schema.org\/EventScheduled","startDate":"2024-02-07T09:30:00+01:00","endDate":"2024-02-07T17:00:00+01:00","location":{"@type":"Place","name":"Salle Paul-Albert F\u00e9vrier, MMSH, Aix-en-Provence","description":"","url":"","address":{"@type":"PostalAddress","streetAddress":"MMSH, 5 rue du Ch\u00e2teau de l&#039;Horloge","addressLocality":"Aix-en-Provence","postalCode":"13090","addressCountry":"France"},"telephone":"","sameAs":""},"organizer":{"@type":"Person","name":"Isabelle Renaudet","description":"","url":"https:\/\/telemme.mmsh.fr\/?membres=isabelle-renaudet","telephone":"","email":"","sameAs":"https:\/\/telemme.mmsh.fr\/?membres=isabelle-renaudet"},"performer":"Organization"}}