{"id":13793,"global_id":"telemme.mmsh.fr?id=13793","global_id_lineage":["telemme.mmsh.fr?id=13793"],"author":"175","status":"publish","date":"2024-01-09 11:46:56","date_utc":"2024-01-09 10:46:56","modified":"2024-01-09 11:47:39","modified_utc":"2024-01-09 10:47:39","url":"https:\/\/telemme.mmsh.fr\/?tribe_events=geographie-de-leducation","rest_url":"https:\/\/telemme.mmsh.fr\/index.php?rest_route=\/tribe\/events\/v1\/events\/13793","title":"G\u00e9ographie de l\u2019\u00e9ducation","description":"<p>Cette conf\u00e9rence a pour objectif de pr\u00e9senter et d\u2019\u00e9changer avec l\u2019une des autrices principales de l\u2019ouvrage collectif <strong>\u00ab\u00a0G\u00e9ographie de l\u2019\u00e9ducation\u00a0\u00bb<\/strong> paru en 2023 chez Armand Colin.<\/p>\n<p>Co-\u00e9crit par <strong>Aur\u00e9lie Delage,<\/strong> <em>ma\u00eetresse de conf\u00e9rences en urbanisme et am\u00e9nagement du territoire \u00e0 l\u2019universit\u00e9 de Perpignan Via Domitia, membre de l\u2019UMR Art-Dev\u00a0; <\/em><strong>David Giband, <\/strong><em>professeur des universit\u00e9s en urbanisme et am\u00e9nagement du territoire \u00e0 l\u2019universit\u00e9 de Perpignan Via Domitia, membre de l\u2019UMR Art-Dev\u00a0; <\/em><strong>Kevin Mary,<\/strong> <em>ma\u00eetre de conf\u00e9rences en g\u00e9ographie \u00e0 l\u2019universit\u00e9 de Perpignan Via Domitia, membre de l\u2019UMR Art-Dev\u00a0; <\/em>et <strong>Nora Nafaa, <\/strong><em>c<\/em><em>harg\u00e9e de recherches, <\/em><em>Aix-Marseille Universit\u00e9, CNRS, UMR TELEMMe\u00a0; <\/em>cet ouvrage est le premier manuel en g\u00e9ographie de l\u2019\u00e9ducation publi\u00e9 en langue fran\u00e7aise.<\/p>\n<p><a href=\"https:\/\/telemme.mmsh.fr\/?evenement=conference-geographie-de-leducation-par-nora-nafaa\">Programme<\/a><\/p>","excerpt":"","slug":"geographie-de-leducation","image":{"url":"https:\/\/telemme.mmsh.fr\/wp-content\/uploads\/2024\/01\/geographie-de-leducation.png","id":13792,"extension":"png","width":490,"height":707,"filesize":653877,"sizes":{"medium":{"width":208,"height":300,"mime-type":"image\/png","filesize":100889,"url":"https:\/\/telemme.mmsh.fr\/wp-content\/uploads\/2024\/01\/geographie-de-leducation-208x300.png"},"thumbnail":{"width":150,"height":150,"mime-type":"image\/png","filesize":35422,"url":"https:\/\/telemme.mmsh.fr\/wp-content\/uploads\/2024\/01\/geographie-de-leducation-150x150.png"},"better-amp-small":{"width":100,"height":100,"mime-type":"image\/png","filesize":17297,"url":"https:\/\/telemme.mmsh.fr\/wp-content\/uploads\/2024\/01\/geographie-de-leducation-100x100.png"},"better-amp-normal":{"width":260,"height":200,"mime-type":"image\/png","filesize":63905,"url":"https:\/\/telemme.mmsh.fr\/wp-content\/uploads\/2024\/01\/geographie-de-leducation-260x200.png"},"better-amp-large":{"width":450,"height":300,"mime-type":"image\/png","filesize":140212,"url":"https:\/\/telemme.mmsh.fr\/wp-content\/uploads\/2024\/01\/geographie-de-leducation-450x300.png"},"neve-blog":{"width":490,"height":620,"mime-type":"image\/png","filesize":455861,"url":"https:\/\/telemme.mmsh.fr\/wp-content\/uploads\/2024\/01\/geographie-de-leducation-490x620.png"},"sow-carousel-default":{"width":272,"height":182,"mime-type":"image\/png","filesize":58165,"url":"https:\/\/telemme.mmsh.fr\/wp-content\/uploads\/2024\/01\/geographie-de-leducation-272x182.png"}}},"all_day":false,"start_date":"2024-02-09 13:30:00","start_date_details":{"year":"2024","month":"02","day":"09","hour":"13","minutes":"30","seconds":"00"},"end_date":"2024-02-09 16:00:00","end_date_details":{"year":"2024","month":"02","day":"09","hour":"16","minutes":"00","seconds":"00"},"utc_start_date":"2024-02-09 12:30:00","utc_start_date_details":{"year":"2024","month":"02","day":"09","hour":"12","minutes":"30","seconds":"00"},"utc_end_date":"2024-02-09 15:00:00","utc_end_date_details":{"year":"2024","month":"02","day":"09","hour":"15","minutes":"00","seconds":"00"},"timezone":"Europe\/Paris","timezone_abbr":"CET","cost":"","cost_details":{"currency_symbol":"","currency_code":"","currency_position":"suffix","values":[]},"website":"","show_map":true,"show_map_link":true,"hide_from_listings":false,"sticky":false,"featured":false,"categories":[{"name":"S\u00e9minaire","slug":"seminaire","term_group":0,"term_taxonomy_id":1831,"taxonomy":"tribe_events_cat","description":"","parent":0,"count":140,"filter":"raw","id":1831,"urls":{"self":"https:\/\/telemme.mmsh.fr\/index.php?rest_route=\/tribe\/events\/v1\/categories\/1831","collection":"https:\/\/telemme.mmsh.fr\/index.php?rest_route=\/tribe\/events\/v1\/categories"}}],"tags":[],"venue":{"id":13794,"author":"175","status":"publish","date":"2024-01-09 11:46:57","date_utc":"2024-01-09 10:46:57","modified":"2024-01-09 11:46:57","modified_utc":"2024-01-09 10:46:57","url":"https:\/\/telemme.mmsh.fr\/?tribe_venue=inspe-daix-en-provence-salle-de-conferences","venue":"INSPE d\u2019Aix en Provence, salle de conf\u00e9rences","slug":"inspe-daix-en-provence-salle-de-conferences","address":"\u2013 INSPE d\u2019Aix en Provence, salle de conf\u00e9rences","json_ld":{"@type":"Place","name":"INSPE d\u2019Aix en Provence, salle de conf\u00e9rences","description":"","url":"","address":{"@type":"PostalAddress","streetAddress":"\u2013 INSPE d\u2019Aix en Provence, salle de conf\u00e9rences"},"telephone":"","sameAs":""},"show_map":true,"show_map_link":true,"global_id":"telemme.mmsh.fr?id=13794","global_id_lineage":["telemme.mmsh.fr?id=13794"]},"organizer":[{"id":13701,"author":"175","status":"publish","date":"2023-12-12 15:47:56","date_utc":"2023-12-12 14:47:56","modified":"2023-12-12 15:47:56","modified_utc":"2023-12-12 14:47:56","url":"https:\/\/telemme.mmsh.fr\/?tribe_organizer=nora-nafaa","organizer":"Nora Nafaa","slug":"nora-nafaa","website":"https:\/\/telemme.mmsh.fr\/?membres=nafaa-nora","json_ld":{"@type":"Person","name":"Nora Nafaa","description":"","url":"https:\/\/telemme.mmsh.fr\/?membres=nafaa-nora","telephone":"","email":"","sameAs":"https:\/\/telemme.mmsh.fr\/?membres=nafaa-nora"},"global_id":"telemme.mmsh.fr?id=13701","global_id_lineage":["telemme.mmsh.fr?id=13701"]},{"id":13704,"author":"175","status":"publish","date":"2023-12-12 15:50:01","date_utc":"2023-12-12 14:50:01","modified":"2023-12-12 15:50:01","modified_utc":"2023-12-12 14:50:01","url":"https:\/\/telemme.mmsh.fr\/?tribe_organizer=gwenaelle-audren","organizer":"Gwenaelle Audren","slug":"gwenaelle-audren","website":"https:\/\/telemme.mmsh.fr\/?membres=gwenaelle-audren","json_ld":{"@type":"Person","name":"Gwenaelle Audren","description":"","url":"https:\/\/telemme.mmsh.fr\/?membres=gwenaelle-audren","telephone":"","email":"","sameAs":"https:\/\/telemme.mmsh.fr\/?membres=gwenaelle-audren"},"global_id":"telemme.mmsh.fr?id=13704","global_id_lineage":["telemme.mmsh.fr?id=13704"]}],"custom_fields":[],"json_ld":{"@context":"http:\/\/schema.org","@type":"Event","name":"G\u00e9ographie de l\u2019\u00e9ducation","description":"&lt;p&gt;Cette conf\u00e9rence a pour objectif de pr\u00e9senter et d\u2019\u00e9changer avec l\u2019une des autrices principales de l\u2019ouvrage collectif \u00ab\u00a0G\u00e9ographie de l\u2019\u00e9ducation\u00a0\u00bb paru en 2023 chez Armand Colin. Co-\u00e9crit par Aur\u00e9lie Delage,&hellip;&nbsp;&lt;a href=&quot;https:\/\/telemme.mmsh.fr\/?tribe_events=geographie-de-leducation&quot; rel=&quot;bookmark&quot;&gt;Lire la suite &raquo;&lt;span class=&quot;screen-reader-text&quot;&gt;G\u00e9ographie de l\u2019\u00e9ducation&lt;\/span&gt;&lt;\/a&gt;&lt;\/p&gt;\\n","image":"https:\/\/telemme.mmsh.fr\/wp-content\/uploads\/2024\/01\/geographie-de-leducation.png","url":"https:\/\/telemme.mmsh.fr\/?tribe_events=geographie-de-leducation","eventAttendanceMode":"https:\/\/schema.org\/OfflineEventAttendanceMode","eventStatus":"https:\/\/schema.org\/EventScheduled","startDate":"2024-02-09T13:30:00+01:00","endDate":"2024-02-09T16:00:00+01:00","location":{"@type":"Place","name":"INSPE d\u2019Aix en Provence, salle de conf\u00e9rences","description":"","url":"","address":{"@type":"PostalAddress","streetAddress":"\u2013 INSPE d\u2019Aix en Provence, salle de conf\u00e9rences"},"telephone":"","sameAs":""},"organizer":{"@type":"Person","name":"Nora Nafaa","description":"","url":"https:\/\/telemme.mmsh.fr\/?membres=nafaa-nora","telephone":"","email":"","sameAs":"https:\/\/telemme.mmsh.fr\/?membres=nafaa-nora"},"performer":"Organization"}}