{"id":13788,"global_id":"telemme.mmsh.fr?id=13788","global_id_lineage":["telemme.mmsh.fr?id=13788"],"author":"175","status":"publish","date":"2024-01-09 09:25:58","date_utc":"2024-01-09 08:25:58","modified":"2024-01-09 09:25:58","modified_utc":"2024-01-09 08:25:58","url":"https:\/\/telemme.mmsh.fr\/?tribe_events=aux-extremes","rest_url":"https:\/\/telemme.mmsh.fr\/index.php?rest_route=\/tribe\/events\/v1\/events\/13788","title":"Aux extr\u00eames","description":"<p>Une gueule de bois en plomb. En ce d\u00e9but d\u2019ann\u00e9e, on s\u2019est r\u00e9veill\u00e9 avec l\u2019une de celles qui ne vous l\u00e2chent pas, qui frappent aux tempes, et vous entortillent les tripes. On aurait d\u00fb pourtant la voir venir, l\u2019humeur \u00e9tait maussade et personne n\u2019avait vraiment le coeur \u00e0 la f\u00eate. Mais \u00e0 la veille de No\u00ebl, on a baiss\u00e9 la garde, on s\u2019est laiss\u00e9 gagner par la f\u00e9\u00e9rie, et on n\u2019a pas imagin\u00e9 prendre une telle d\u00e9rouill\u00e9e. Alors, pour faire passer la naus\u00e9e, il ne nous reste plus qu\u2019\u00e0 remuer les m\u00e9ninges, \u00e0 essayer de comprendre comment en est-on arriv\u00e9 l\u00e0, et \u00e0 chercher des pistes pour en sortir.<\/p>\n<p>Si vous souhaitez \u00e9galement vous d\u00e9griser, on vous invite \u00e0 venir discuter avec nous autour des ouvrages suivants:<\/p>\n<p>\u2013\u00a0\u00a0\u00a0\u00a0\u00a0\u00a0\u00a0Pierre Tevanian et Jean-Charles Stevens,\u00a0<em>\u00ab\u00a0On ne peut pas accueillir toute la mis\u00e8re du monde\u00a0\u00bb. En finir avec une sentence de mort<\/em>, Paris, Anamosa, 2022.<\/p>\n<p>\u2013\u00a0\u00a0\u00a0\u00a0\u00a0\u00a0\u00a0Pierre Serna,\u00a0<em>L\u2019extr\u00eame centre ou le poison fran\u00e7ais, 1794-2017<\/em>, Paris, Champ Vallon, 2019.<\/p>\n<p>\u2013\u00a0\u00a0\u00a0\u00a0\u00a0\u00a0\u00a0Johann Chapoutot,\u00a0<em>Libres d\u2019Ob\u00e9ir. Le management, du nazisme \u00e0 aujourd\u2019hui,\u00a0<\/em>Paris, Gallimard<em>,\u00a0<\/em>2020.<\/p>\n<p>&nbsp;<\/p>\n<p>Inscription recommand\u00e9e en signalant votre pr\u00e9sence \u00e0\u00a0<a href=\"mailto:mucemlab@mucem.org\">mucemlab@mucem.org<\/a>.<\/p>\n<p>&nbsp;<\/p>\n<p><a href=\"https:\/\/telemme.mmsh.fr\/?evenement=aux-extremes\">Programme<\/a><\/p>","excerpt":"","slug":"aux-extremes","image":{"url":"https:\/\/telemme.mmsh.fr\/wp-content\/uploads\/2022\/01\/Anachroniques_Saison6_carre.jpg","id":10488,"extension":"jpg","width":1773,"height":1434,"sizes":{"medium":{"width":300,"height":243,"mime-type":"image\/jpeg","url":"https:\/\/telemme.mmsh.fr\/wp-content\/uploads\/2022\/01\/Anachroniques_Saison6_carre-300x243.jpg"},"large":{"width":1024,"height":828,"mime-type":"image\/jpeg","url":"https:\/\/telemme.mmsh.fr\/wp-content\/uploads\/2022\/01\/Anachroniques_Saison6_carre-1024x828.jpg"},"thumbnail":{"width":150,"height":150,"mime-type":"image\/jpeg","url":"https:\/\/telemme.mmsh.fr\/wp-content\/uploads\/2022\/01\/Anachroniques_Saison6_carre-150x150.jpg"},"medium_large":{"width":768,"height":621,"mime-type":"image\/jpeg","url":"https:\/\/telemme.mmsh.fr\/wp-content\/uploads\/2022\/01\/Anachroniques_Saison6_carre-768x621.jpg"},"1536x1536":{"width":1536,"height":1242,"mime-type":"image\/jpeg","url":"https:\/\/telemme.mmsh.fr\/wp-content\/uploads\/2022\/01\/Anachroniques_Saison6_carre-1536x1242.jpg"},"better-amp-small":{"width":100,"height":100,"mime-type":"image\/jpeg","url":"https:\/\/telemme.mmsh.fr\/wp-content\/uploads\/2022\/01\/Anachroniques_Saison6_carre-100x100.jpg"},"better-amp-normal":{"width":260,"height":200,"mime-type":"image\/jpeg","url":"https:\/\/telemme.mmsh.fr\/wp-content\/uploads\/2022\/01\/Anachroniques_Saison6_carre-260x200.jpg"},"better-amp-large":{"width":450,"height":300,"mime-type":"image\/jpeg","url":"https:\/\/telemme.mmsh.fr\/wp-content\/uploads\/2022\/01\/Anachroniques_Saison6_carre-450x300.jpg"},"neve-blog":{"width":930,"height":620,"mime-type":"image\/jpeg","url":"https:\/\/telemme.mmsh.fr\/wp-content\/uploads\/2022\/01\/Anachroniques_Saison6_carre-930x620.jpg"},"sow-carousel-default":{"width":272,"height":182,"mime-type":"image\/jpeg","url":"https:\/\/telemme.mmsh.fr\/wp-content\/uploads\/2022\/01\/Anachroniques_Saison6_carre-272x182.jpg"}}},"all_day":false,"start_date":"2024-01-11 14:00:00","start_date_details":{"year":"2024","month":"01","day":"11","hour":"14","minutes":"00","seconds":"00"},"end_date":"2024-01-11 17:00:00","end_date_details":{"year":"2024","month":"01","day":"11","hour":"17","minutes":"00","seconds":"00"},"utc_start_date":"2024-01-11 13:00:00","utc_start_date_details":{"year":"2024","month":"01","day":"11","hour":"13","minutes":"00","seconds":"00"},"utc_end_date":"2024-01-11 16:00:00","utc_end_date_details":{"year":"2024","month":"01","day":"11","hour":"16","minutes":"00","seconds":"00"},"timezone":"Europe\/Paris","timezone_abbr":"CET","cost":"","cost_details":{"currency_symbol":"","currency_code":"","currency_position":"suffix","values":[]},"website":"","show_map":true,"show_map_link":true,"hide_from_listings":false,"sticky":false,"featured":false,"categories":[{"name":"S\u00e9minaire \"Anachroniques\"","slug":"seminaire-anachroniques","term_group":0,"term_taxonomy_id":2387,"taxonomy":"tribe_events_cat","description":"","parent":2268,"count":16,"filter":"raw","id":2387,"urls":{"self":"https:\/\/telemme.mmsh.fr\/index.php?rest_route=\/tribe\/events\/v1\/categories\/2387","collection":"https:\/\/telemme.mmsh.fr\/index.php?rest_route=\/tribe\/events\/v1\/categories","up":"https:\/\/telemme.mmsh.fr\/index.php?rest_route=\/tribe\/events\/v1\/categories\/2268"}}],"tags":[],"venue":{"id":12382,"author":"175","status":"publish","date":"2023-01-25 16:30:08","date_utc":"2023-01-25 15:30:08","modified":"2024-03-20 09:25:52","modified_utc":"2024-03-20 08:25:52","url":"https:\/\/telemme.mmsh.fr\/?tribe_venue=mucem-lab-mucem-lower-entry-to-fort-saint-jean-tour-du-roi-rene-201-quai-du-port-13002-marseille","description":"<p><strong>Matin\u00e9e: <\/strong>Pr\u00e9sidence Aix-Marseille Universit\u00e9 &#8211; Pharo<\/p>\n<p>58 BVD Charles Livon Jardin du Pharo &#8211; 13007 Marseille<\/p>\n<p><strong>Apr\u00e8s-midi: <\/strong>MucemLab, 201 Quai du port (entr\u00e9e par la tour du Roi Ren\u00e9), 13002, Marseille.<\/p>","slug":"mucem-lab-mucem-lower-entry-to-fort-saint-jean-tour-du-roi-rene-201-quai-du-port-13002-marseille","json_ld":{"@type":"Place","name":"","description":"&lt;p&gt;Matin\u00e9e: Pr\u00e9sidence Aix-Marseille Universit\u00e9 - Pharo 58 BVD Charles Livon Jardin du Pharo - 13007 Marseille Apr\u00e8s-midi: MucemLab, 201 Quai du port (entr\u00e9e par la tour du Roi Ren\u00e9), 13002,&hellip;&nbsp;&lt;a href=&quot;https:\/\/telemme.mmsh.fr\/?tribe_venue=mucem-lab-mucem-lower-entry-to-fort-saint-jean-tour-du-roi-rene-201-quai-du-port-13002-marseille&quot; rel=&quot;bookmark&quot;&gt;Lire la suite &raquo;&lt;span class=&quot;screen-reader-text&quot;&gt;&lt;\/span&gt;&lt;\/a&gt;&lt;\/p&gt;\\n","url":"","address":{"@type":"PostalAddress"},"telephone":"","sameAs":""},"show_map":true,"show_map_link":true,"global_id":"telemme.mmsh.fr?id=12382","global_id_lineage":["telemme.mmsh.fr?id=12382"]},"organizer":[{"id":3650,"author":"6","status":"publish","date":"2021-01-22 15:31:25","date_utc":"2021-01-22 14:31:25","modified":"2021-01-22 15:31:25","modified_utc":"2021-01-22 14:31:25","url":"https:\/\/telemme.mmsh.fr\/?tribe_organizer=jeremie-foa","organizer":"J\u00e9r\u00e9mie Foa","slug":"jeremie-foa","website":"telemme.mmsh.univ-aix.fr\/membres\/jeremie-foa\/","json_ld":{"@type":"Person","name":"J\u00e9r\u00e9mie Foa","description":"","url":"http:\/\/telemme.mmsh.univ-aix.fr\/membres\/jeremie-foa\/","telephone":"","email":"","sameAs":"http:\/\/telemme.mmsh.univ-aix.fr\/membres\/jeremie-foa\/"},"global_id":"telemme.mmsh.fr?id=3650","global_id_lineage":["telemme.mmsh.fr?id=3650"]},{"id":3648,"author":"6","status":"publish","date":"2021-01-22 15:31:25","date_utc":"2021-01-22 14:31:25","modified":"2021-08-23 15:28:32","modified_utc":"2021-08-23 13:28:32","url":"https:\/\/telemme.mmsh.fr\/?tribe_organizer=thomas-glesener","organizer":"Thomas Glesener","slug":"thomas-glesener","website":"https:\/\/telemme.mmsh.fr\/?membres=thomas-glesener","json_ld":{"@type":"Person","name":"Thomas Glesener","description":"","url":"https:\/\/telemme.mmsh.fr\/?membres=thomas-glesener","telephone":"","email":"","sameAs":"https:\/\/telemme.mmsh.fr\/?membres=thomas-glesener"},"global_id":"telemme.mmsh.fr?id=3648","global_id_lineage":["telemme.mmsh.fr?id=3648"]}],"custom_fields":[],"json_ld":{"@context":"http:\/\/schema.org","@type":"Event","name":"Aux extr\u00eames","description":"&lt;p&gt;Une gueule de bois en plomb. En ce d\u00e9but d\u2019ann\u00e9e, on s\u2019est r\u00e9veill\u00e9 avec l\u2019une de celles qui ne vous l\u00e2chent pas, qui frappent aux tempes, et vous entortillent les&hellip;&nbsp;&lt;a href=&quot;https:\/\/telemme.mmsh.fr\/?tribe_events=aux-extremes&quot; rel=&quot;bookmark&quot;&gt;Lire la suite &raquo;&lt;span class=&quot;screen-reader-text&quot;&gt;Aux extr\u00eames&lt;\/span&gt;&lt;\/a&gt;&lt;\/p&gt;\\n","image":"https:\/\/telemme.mmsh.fr\/wp-content\/uploads\/2022\/01\/Anachroniques_Saison6_carre.jpg","url":"https:\/\/telemme.mmsh.fr\/?tribe_events=aux-extremes","eventAttendanceMode":"https:\/\/schema.org\/OfflineEventAttendanceMode","eventStatus":"https:\/\/schema.org\/EventScheduled","startDate":"2024-01-11T14:00:00+01:00","endDate":"2024-01-11T17:00:00+01:00","location":{"@type":"Place","name":"","description":"&lt;p&gt;Matin\u00e9e: Pr\u00e9sidence Aix-Marseille Universit\u00e9 - Pharo 58 BVD Charles Livon Jardin du Pharo - 13007 Marseille Apr\u00e8s-midi: MucemLab, 201 Quai du port (entr\u00e9e par la tour du Roi Ren\u00e9), 13002,&hellip;&nbsp;&lt;a href=&quot;https:\/\/telemme.mmsh.fr\/?tribe_venue=mucem-lab-mucem-lower-entry-to-fort-saint-jean-tour-du-roi-rene-201-quai-du-port-13002-marseille&quot; rel=&quot;bookmark&quot;&gt;Lire la suite &raquo;&lt;span class=&quot;screen-reader-text&quot;&gt;&lt;\/span&gt;&lt;\/a&gt;&lt;\/p&gt;\\n","url":"","address":{"@type":"PostalAddress"},"telephone":"","sameAs":""},"organizer":{"@type":"Person","name":"J\u00e9r\u00e9mie Foa","description":"","url":"http:\/\/telemme.mmsh.univ-aix.fr\/membres\/jeremie-foa\/","telephone":"","email":"","sameAs":"http:\/\/telemme.mmsh.univ-aix.fr\/membres\/jeremie-foa\/"},"performer":"Organization"}}