{"id":13497,"global_id":"telemme.mmsh.fr?id=13497","global_id_lineage":["telemme.mmsh.fr?id=13497"],"author":"175","status":"publish","date":"2023-11-13 12:11:07","date_utc":"2023-11-13 11:11:07","modified":"2023-11-13 12:12:18","modified_utc":"2023-11-13 11:12:18","url":"https:\/\/telemme.mmsh.fr\/?tribe_events=orientation-scolaire-et-devenir-des-eleves-primo-migrants","rest_url":"https:\/\/telemme.mmsh.fr\/index.php?rest_route=\/tribe\/events\/v1\/events\/13497","title":"Orientation scolaire et devenir des \u00e9l\u00e8ves primo-migrants","description":"<p>Ce colloque s\u2019inscrit dans le projet de recherche OJEMIGR, \u00ab L\u2019orientation scolaire des jeunes migrants \u00bb (2021-2025), financ\u00e9 par l\u2019ANR (Agence nationale de la recherche), qui analyse la construction de l\u2019orientation scolaire post-troisi\u00e8me des jeunes primo-migrants dans le syst\u00e8me \u00e9ducatif fran\u00e7ais.<\/p>\n<p>Dans cinq acad\u00e9mies dont celle d\u2019Aix-Marseille, il s\u2019int\u00e9resse aux pratiques des coll\u00e9giens et des adultes intervenant aupr\u00e8s d\u2019eux.<\/p>\n<p>Ce colloque de mi projet vise \u00e0 restituer les r\u00e9sultats en cours relatifs \u00e0 la fin du coll\u00e8ge et \u00e0 l\u2019ann\u00e9e qui suit. Il proposera des pistes temporaires pour documenter les axes d\u2019analyse du projet national \u00e0 savoir : l\u2019\u00e9tude des parcours permettant de saisir les diff\u00e9rentes \u00e9tapes et structurations relatives de l\u2019orientation ; l\u2019\u00e9tude des registres de l\u00e9gitimations et de justifications autour des diff\u00e9rentes d\u00e9cisions ; l\u2019\u00e9tude des appropriations et des formes de r\u00e9actions sociales et de subjectivations des acteurs \u00e9ducatifs et des jeunes.<\/p>\n<p><strong>ORGANISATION ET PARTENARIATS<\/strong><\/p>\n<p>Organisateurs : Institut National Sup\u00e9rieur de l\u2019Education Inclusive (INSEI) \/ Grhapes (Paris) et Aix Marseille Universit\u00e9, UMR Temps, Espace, Langage, Europe m\u00e9ridionale, M\u00e9diterran\u00e9e (TELEMMe) (Aix en Provence)<\/p>\n<p><strong>COMIT\u00c9 SCIENTIFIQUE ET D\u2019ORGANISATION<\/strong><\/p>\n<p><strong>Pr\u00e9sidence : <\/strong>Ma\u00eftena Armagnague, Universit\u00e9 de Gen\u00e8ve, EduMij, INSEI, Grhapes et Virginie Baby-Collin, Aix Marseille Universit\u00e9, TELEMMe<\/p>\n<p>Ma\u00eftena Armagnague, Universit\u00e9 de Gen\u00e8ve, INSEI Gwena\u00eblle Audren, Aix Marseille Universit\u00e9, TELEMMe Virginie Baby-Collin, Aix Marseille Universit\u00e9, TELEMMe Anne Faure, MUCEM<\/p>\n<p>Caroline Chagniot, Aix Marseille Universit\u00e9, TELEMMe S\u00e9verine Maillet, INSEI<\/p>\n<p>C\u00e9line Persini, Universit\u00e9 de Gen\u00e8ve, INSEI, Grhapes Agn\u00e8s Rabion, Aix Marseille Universit\u00e9, TELEMMe<\/p>\n<p>Luna Russo, Aix Marseille Universit\u00e9, TELEMMe, AMPIRIC Alicia Zarb, Universit\u00e9 de Gen\u00e8ve, INSEI<\/p>\n<p><a href=\"https:\/\/telemme.mmsh.fr\/?evenement=orientation-scolaire-et-devenir-des-eleves-primo-migrants\">Programme<\/a><\/p>","excerpt":"<p>Orientation scolaire et devenir des \u00e9l\u00e8ves primo-migrants<\/p>","slug":"orientation-scolaire-et-devenir-des-eleves-primo-migrants","image":{"url":"https:\/\/telemme.mmsh.fr\/wp-content\/uploads\/2023\/11\/Capture-decran-2023-11-13-095009.png","id":13495,"extension":"png","width":257,"height":260,"filesize":121040,"sizes":{"thumbnail":{"width":150,"height":150,"mime-type":"image\/png","filesize":35992,"url":"https:\/\/telemme.mmsh.fr\/wp-content\/uploads\/2023\/11\/Capture-decran-2023-11-13-095009-150x150.png"},"better-amp-small":{"width":100,"height":100,"mime-type":"image\/png","filesize":17052,"url":"https:\/\/telemme.mmsh.fr\/wp-content\/uploads\/2023\/11\/Capture-decran-2023-11-13-095009-100x100.png"},"better-amp-normal":{"width":257,"height":200,"mime-type":"image\/png","filesize":80996,"url":"https:\/\/telemme.mmsh.fr\/wp-content\/uploads\/2023\/11\/Capture-decran-2023-11-13-095009-257x200.png"},"sow-carousel-default":{"width":257,"height":182,"mime-type":"image\/png","filesize":73608,"url":"https:\/\/telemme.mmsh.fr\/wp-content\/uploads\/2023\/11\/Capture-decran-2023-11-13-095009-257x182.png"}}},"all_day":false,"start_date":"2023-11-22 08:30:00","start_date_details":{"year":"2023","month":"11","day":"22","hour":"08","minutes":"30","seconds":"00"},"end_date":"2023-11-23 13:00:00","end_date_details":{"year":"2023","month":"11","day":"23","hour":"13","minutes":"00","seconds":"00"},"utc_start_date":"2023-11-22 07:30:00","utc_start_date_details":{"year":"2023","month":"11","day":"22","hour":"07","minutes":"30","seconds":"00"},"utc_end_date":"2023-11-23 12:00:00","utc_end_date_details":{"year":"2023","month":"11","day":"23","hour":"12","minutes":"00","seconds":"00"},"timezone":"Europe\/Paris","timezone_abbr":"CET","cost":"","cost_details":{"currency_symbol":"","currency_code":"","currency_position":"suffix","values":[]},"website":"","show_map":true,"show_map_link":true,"hide_from_listings":false,"sticky":false,"featured":false,"categories":[{"name":"Colloque","slug":"colloque","term_group":0,"term_taxonomy_id":2063,"taxonomy":"tribe_events_cat","description":"","parent":0,"count":24,"filter":"raw","id":2063,"urls":{"self":"https:\/\/telemme.mmsh.fr\/index.php?rest_route=\/tribe\/events\/v1\/categories\/2063","collection":"https:\/\/telemme.mmsh.fr\/index.php?rest_route=\/tribe\/events\/v1\/categories"}}],"tags":[],"venue":{"id":12382,"author":"175","status":"publish","date":"2023-01-25 16:30:08","date_utc":"2023-01-25 15:30:08","modified":"2024-03-20 09:25:52","modified_utc":"2024-03-20 08:25:52","url":"https:\/\/telemme.mmsh.fr\/?tribe_venue=mucem-lab-mucem-lower-entry-to-fort-saint-jean-tour-du-roi-rene-201-quai-du-port-13002-marseille","description":"<p><strong>Matin\u00e9e: <\/strong>Pr\u00e9sidence Aix-Marseille Universit\u00e9 &#8211; Pharo<\/p>\n<p>58 BVD Charles Livon Jardin du Pharo &#8211; 13007 Marseille<\/p>\n<p><strong>Apr\u00e8s-midi: <\/strong>MucemLab, 201 Quai du port (entr\u00e9e par la tour du Roi Ren\u00e9), 13002, Marseille.<\/p>","slug":"mucem-lab-mucem-lower-entry-to-fort-saint-jean-tour-du-roi-rene-201-quai-du-port-13002-marseille","json_ld":{"@type":"Place","name":"","description":"&lt;p&gt;Matin\u00e9e: Pr\u00e9sidence Aix-Marseille Universit\u00e9 - Pharo 58 BVD Charles Livon Jardin du Pharo - 13007 Marseille Apr\u00e8s-midi: MucemLab, 201 Quai du port (entr\u00e9e par la tour du Roi Ren\u00e9), 13002,&hellip;&nbsp;&lt;a href=&quot;https:\/\/telemme.mmsh.fr\/?tribe_venue=mucem-lab-mucem-lower-entry-to-fort-saint-jean-tour-du-roi-rene-201-quai-du-port-13002-marseille&quot; rel=&quot;bookmark&quot;&gt;Lire la suite &raquo;&lt;span class=&quot;screen-reader-text&quot;&gt;&lt;\/span&gt;&lt;\/a&gt;&lt;\/p&gt;\\n","url":"","address":{"@type":"PostalAddress"},"telephone":"","sameAs":""},"show_map":true,"show_map_link":true,"global_id":"telemme.mmsh.fr?id=12382","global_id_lineage":["telemme.mmsh.fr?id=12382"]},"organizer":[{"id":13334,"author":"175","status":"publish","date":"2023-10-04 11:20:21","date_utc":"2023-10-04 09:20:21","modified":"2023-10-04 11:20:21","modified_utc":"2023-10-04 09:20:21","url":"https:\/\/telemme.mmsh.fr\/?tribe_organizer=virginie-baby-collin","organizer":"Virginie Baby-Collin","slug":"virginie-baby-collin","website":"https:\/\/telemme.mmsh.fr\/?membres=virginie-baby-collin","json_ld":{"@type":"Person","name":"Virginie Baby-Collin","description":"","url":"https:\/\/telemme.mmsh.fr\/?membres=virginie-baby-collin","telephone":"","email":"","sameAs":"https:\/\/telemme.mmsh.fr\/?membres=virginie-baby-collin"},"global_id":"telemme.mmsh.fr?id=13334","global_id_lineage":["telemme.mmsh.fr?id=13334"]}],"custom_fields":[],"json_ld":{"@context":"http:\/\/schema.org","@type":"Event","name":"Orientation scolaire et devenir des \u00e9l\u00e8ves primo-migrants","description":"&lt;p&gt;Orientation scolaire et devenir des \u00e9l\u00e8ves primo-migrants&lt;\/p&gt;\\n","image":"https:\/\/telemme.mmsh.fr\/wp-content\/uploads\/2023\/11\/Capture-decran-2023-11-13-095009.png","url":"https:\/\/telemme.mmsh.fr\/?tribe_events=orientation-scolaire-et-devenir-des-eleves-primo-migrants","eventAttendanceMode":"https:\/\/schema.org\/OfflineEventAttendanceMode","eventStatus":"https:\/\/schema.org\/EventScheduled","startDate":"2023-11-22T08:30:00+01:00","endDate":"2023-11-23T13:00:00+01:00","location":{"@type":"Place","name":"","description":"&lt;p&gt;Matin\u00e9e: Pr\u00e9sidence Aix-Marseille Universit\u00e9 - Pharo 58 BVD Charles Livon Jardin du Pharo - 13007 Marseille Apr\u00e8s-midi: MucemLab, 201 Quai du port (entr\u00e9e par la tour du Roi Ren\u00e9), 13002,&hellip;&nbsp;&lt;a href=&quot;https:\/\/telemme.mmsh.fr\/?tribe_venue=mucem-lab-mucem-lower-entry-to-fort-saint-jean-tour-du-roi-rene-201-quai-du-port-13002-marseille&quot; rel=&quot;bookmark&quot;&gt;Lire la suite &raquo;&lt;span class=&quot;screen-reader-text&quot;&gt;&lt;\/span&gt;&lt;\/a&gt;&lt;\/p&gt;\\n","url":"","address":{"@type":"PostalAddress"},"telephone":"","sameAs":""},"organizer":{"@type":"Person","name":"Virginie Baby-Collin","description":"","url":"https:\/\/telemme.mmsh.fr\/?membres=virginie-baby-collin","telephone":"","email":"","sameAs":"https:\/\/telemme.mmsh.fr\/?membres=virginie-baby-collin"},"performer":"Organization"}}