{"id":13439,"global_id":"telemme.mmsh.fr?id=13439","global_id_lineage":["telemme.mmsh.fr?id=13439"],"author":"175","status":"publish","date":"2023-10-27 14:59:47","date_utc":"2023-10-27 12:59:47","modified":"2023-11-08 09:33:05","modified_utc":"2023-11-08 08:33:05","url":"https:\/\/telemme.mmsh.fr\/?tribe_events=prendre-soin","rest_url":"https:\/\/telemme.mmsh.fr\/index.php?rest_route=\/tribe\/events\/v1\/events\/13439","title":"\u00a0Prendre soin","description":"<p>Le groupe Histoire de la sant\u00e9, vous convie \u00e0 son premier s\u00e9minaire de l\u2019ann\u00e9e 2023-24.<\/p>\n<p>Intitul\u00e9 \u00ab\u00a0Prendre soin\u00a0\u00bb, il donnera la parole \u00e0 deux jeunes chercheures, Camille Sall\u00e9, docteure en histoire, IUE, et Camille Caparos, doctorante, UMR TELEMMe.<\/p>\n<p><strong>Prendre soin<\/strong><\/p>\n<p>Entre le \u00ab\u00a0cure\u00a0\u00bb et le \u00ab\u00a0care\u00a0\u00bb, la s\u00e9ance interrogera les modalit\u00e9s par lesquelles on prend soin de soi et des autres \u00e0 l\u2019\u00e9poque moderne. Dans la perspective d\u2019une histoire de la sant\u00e9 attentive aux pratiques, la nature des gestes d\u00e9ploy\u00e9s pour soigner en contexte hospitalier et en situation coloniale ou \u00e0 l\u2019\u00e9chelle individuelle dans le cadre de l\u2019espace domestique, sera explor\u00e9e. Les enjeux que ces pratiques rec\u00e8lent seront questionn\u00e9s sous l\u2019angle des rapports entre politiques de sant\u00e9 et r\u00e9gime colonial, et dans une perspective genr\u00e9e<\/p>\n<p><a href=\"https:\/\/telemme.mmsh.fr\/?evenement=prendre-soin\">Programme<\/a><\/p>","excerpt":"","slug":"prendre-soin","image":{"url":"https:\/\/telemme.mmsh.fr\/wp-content\/uploads\/2023\/10\/Goutte-de-lait-Marseille-1.jpg","id":13484,"extension":"jpg","width":1581,"height":1069,"filesize":291416,"sizes":{"medium":{"width":300,"height":203,"mime-type":"image\/jpeg","filesize":19363,"url":"https:\/\/telemme.mmsh.fr\/wp-content\/uploads\/2023\/10\/Goutte-de-lait-Marseille-1-300x203.jpg"},"large":{"width":1024,"height":692,"mime-type":"image\/jpeg","filesize":172376,"url":"https:\/\/telemme.mmsh.fr\/wp-content\/uploads\/2023\/10\/Goutte-de-lait-Marseille-1-1024x692.jpg"},"thumbnail":{"width":150,"height":150,"mime-type":"image\/jpeg","filesize":8628,"url":"https:\/\/telemme.mmsh.fr\/wp-content\/uploads\/2023\/10\/Goutte-de-lait-Marseille-1-150x150.jpg"},"medium_large":{"width":768,"height":519,"mime-type":"image\/jpeg","filesize":100140,"url":"https:\/\/telemme.mmsh.fr\/wp-content\/uploads\/2023\/10\/Goutte-de-lait-Marseille-1-768x519.jpg"},"1536x1536":{"width":1536,"height":1039,"mime-type":"image\/jpeg","filesize":370470,"url":"https:\/\/telemme.mmsh.fr\/wp-content\/uploads\/2023\/10\/Goutte-de-lait-Marseille-1-1536x1039.jpg"},"better-amp-small":{"width":100,"height":100,"mime-type":"image\/jpeg","filesize":4917,"url":"https:\/\/telemme.mmsh.fr\/wp-content\/uploads\/2023\/10\/Goutte-de-lait-Marseille-1-100x100.jpg"},"better-amp-normal":{"width":260,"height":200,"mime-type":"image\/jpeg","filesize":17111,"url":"https:\/\/telemme.mmsh.fr\/wp-content\/uploads\/2023\/10\/Goutte-de-lait-Marseille-1-260x200.jpg"},"better-amp-large":{"width":450,"height":300,"mime-type":"image\/jpeg","filesize":38861,"url":"https:\/\/telemme.mmsh.fr\/wp-content\/uploads\/2023\/10\/Goutte-de-lait-Marseille-1-450x300.jpg"},"neve-blog":{"width":930,"height":620,"mime-type":"image\/jpeg","filesize":143402,"url":"https:\/\/telemme.mmsh.fr\/wp-content\/uploads\/2023\/10\/Goutte-de-lait-Marseille-1-930x620.jpg"},"mailpoet_newsletter_max":{"width":1320,"height":893,"mime-type":"image\/jpeg","filesize":278980,"url":"https:\/\/telemme.mmsh.fr\/wp-content\/uploads\/2023\/10\/Goutte-de-lait-Marseille-1-1320x893.jpg"},"sow-carousel-default":{"width":272,"height":182,"mime-type":"image\/jpeg","filesize":16188,"url":"https:\/\/telemme.mmsh.fr\/wp-content\/uploads\/2023\/10\/Goutte-de-lait-Marseille-1-272x182.jpg"}}},"all_day":false,"start_date":"2023-11-15 09:30:00","start_date_details":{"year":"2023","month":"11","day":"15","hour":"09","minutes":"30","seconds":"00"},"end_date":"2023-11-15 12:00:00","end_date_details":{"year":"2023","month":"11","day":"15","hour":"12","minutes":"00","seconds":"00"},"utc_start_date":"2023-11-15 08:30:00","utc_start_date_details":{"year":"2023","month":"11","day":"15","hour":"08","minutes":"30","seconds":"00"},"utc_end_date":"2023-11-15 11:00:00","utc_end_date_details":{"year":"2023","month":"11","day":"15","hour":"11","minutes":"00","seconds":"00"},"timezone":"Europe\/Paris","timezone_abbr":"CET","cost":"","cost_details":{"currency_symbol":"","currency_code":"","currency_position":"suffix","values":[]},"website":"","show_map":true,"show_map_link":true,"hide_from_listings":false,"sticky":false,"featured":false,"categories":[{"name":"S\u00e9minaire","slug":"seminaire","term_group":0,"term_taxonomy_id":1831,"taxonomy":"tribe_events_cat","description":"","parent":0,"count":140,"filter":"raw","id":1831,"urls":{"self":"https:\/\/telemme.mmsh.fr\/index.php?rest_route=\/tribe\/events\/v1\/categories\/1831","collection":"https:\/\/telemme.mmsh.fr\/index.php?rest_route=\/tribe\/events\/v1\/categories"}}],"tags":[],"venue":{"id":9256,"author":"6","status":"publish","date":"2021-10-19 11:50:53","date_utc":"2021-10-19 09:50:53","modified":"2021-10-19 11:50:53","modified_utc":"2021-10-19 09:50:53","url":"https:\/\/telemme.mmsh.fr\/?tribe_venue=salle-germaine-tillion-mmsh-aix-en-provence","venue":"Salle Germaine TILLION &#8211; MMSH, Aix-en-Provence","slug":"salle-germaine-tillion-mmsh-aix-en-provence","address":"MMSH, 5 rue Ch\u00e2teau de l'Horloge","city":"Aix-en-Provence","country":"France","zip":"13090","json_ld":{"@type":"Place","name":"Salle Germaine TILLION &#8211; MMSH, Aix-en-Provence","description":"","url":"","address":{"@type":"PostalAddress","streetAddress":"MMSH, 5 rue Ch\u00e2teau de l&#039;Horloge","addressLocality":"Aix-en-Provence","postalCode":"13090","addressCountry":"France"},"telephone":"","sameAs":""},"show_map":true,"show_map_link":true,"global_id":"telemme.mmsh.fr?id=9256","global_id_lineage":["telemme.mmsh.fr?id=9256"]},"organizer":[{"id":7149,"author":"7","status":"publish","date":"2021-04-16 12:31:46","date_utc":"2021-04-16 10:31:46","modified":"2021-07-15 16:41:30","modified_utc":"2021-07-15 14:41:30","url":"https:\/\/telemme.mmsh.fr\/?tribe_organizer=isabelle-renaudet","organizer":"Isabelle Renaudet","slug":"isabelle-renaudet","website":"https:\/\/telemme.mmsh.fr\/?membres=isabelle-renaudet","json_ld":{"@type":"Person","name":"Isabelle Renaudet","description":"","url":"https:\/\/telemme.mmsh.fr\/?membres=isabelle-renaudet","telephone":"","email":"","sameAs":"https:\/\/telemme.mmsh.fr\/?membres=isabelle-renaudet"},"global_id":"telemme.mmsh.fr?id=7149","global_id_lineage":["telemme.mmsh.fr?id=7149"]}],"custom_fields":[],"json_ld":{"@context":"http:\/\/schema.org","@type":"Event","name":"\u00a0Prendre soin","description":"&lt;p&gt;Le groupe Histoire de la sant\u00e9, vous convie \u00e0 son premier s\u00e9minaire de l\u2019ann\u00e9e 2023-24. Intitul\u00e9 \u00ab\u00a0Prendre soin\u00a0\u00bb, il donnera la parole \u00e0 deux jeunes chercheures, Camille Sall\u00e9, docteure en&hellip;&nbsp;&lt;a href=&quot;https:\/\/telemme.mmsh.fr\/?tribe_events=prendre-soin&quot; rel=&quot;bookmark&quot;&gt;Lire la suite &raquo;&lt;span class=&quot;screen-reader-text&quot;&gt;\u00a0Prendre soin&lt;\/span&gt;&lt;\/a&gt;&lt;\/p&gt;\\n","image":"https:\/\/telemme.mmsh.fr\/wp-content\/uploads\/2023\/10\/Goutte-de-lait-Marseille-1.jpg","url":"https:\/\/telemme.mmsh.fr\/?tribe_events=prendre-soin","eventAttendanceMode":"https:\/\/schema.org\/OfflineEventAttendanceMode","eventStatus":"https:\/\/schema.org\/EventScheduled","startDate":"2023-11-15T09:30:00+01:00","endDate":"2023-11-15T12:00:00+01:00","location":{"@type":"Place","name":"Salle Germaine TILLION &#8211; MMSH, Aix-en-Provence","description":"","url":"","address":{"@type":"PostalAddress","streetAddress":"MMSH, 5 rue Ch\u00e2teau de l&#039;Horloge","addressLocality":"Aix-en-Provence","postalCode":"13090","addressCountry":"France"},"telephone":"","sameAs":""},"organizer":{"@type":"Person","name":"Isabelle Renaudet","description":"","url":"https:\/\/telemme.mmsh.fr\/?membres=isabelle-renaudet","telephone":"","email":"","sameAs":"https:\/\/telemme.mmsh.fr\/?membres=isabelle-renaudet"},"performer":"Organization"}}