{"id":13405,"global_id":"telemme.mmsh.fr?id=13405","global_id_lineage":["telemme.mmsh.fr?id=13405"],"author":"175","status":"publish","date":"2023-10-19 14:42:44","date_utc":"2023-10-19 12:42:44","modified":"2023-10-19 14:42:44","modified_utc":"2023-10-19 12:42:44","url":"https:\/\/telemme.mmsh.fr\/?tribe_events=ecrire-lhistoire-dans-un-monde-en-surchauffe","rest_url":"https:\/\/telemme.mmsh.fr\/index.php?rest_route=\/tribe\/events\/v1\/events\/13405","title":"\u00c9crire l\u2019histoire dans un monde en surchauffe","description":"<p><strong>S\u00e9ance 2\u00a0:\u00a0<\/strong><strong> \u00c9crire l\u2019histoire dans un monde en surchauffe<\/strong><\/p>\n<p><strong>\u2013 <\/strong>Arnaud Orain, <em>Les savoirs perdus de l\u2019\u00e9conomie<\/em>. <em>Contribution \u00e0 l\u2019\u00e9quilibre du vivant<\/em>. Paris, Gallimard, coll. \u00ab\u00a0Les essais\u00a0\u00bb, 2023<\/p>\n<p>\u2013 Dipesh Chakrabarty, <em>Apr\u00e8s le changement climatique. Penser l\u2019histoire<\/em>, Paris, Gallimard, coll. \u00ab Biblioth\u00e8que des <em>Histoires<\/em> \u00bb, 2023.<\/p>\n<p><a href=\"https:\/\/telemme.mmsh.fr\/?evenement=ecrire-lhistoire-dans-un-monde-en-surchauffe\">Programme<\/a><\/p>","excerpt":"","slug":"ecrire-lhistoire-dans-un-monde-en-surchauffe","image":false,"all_day":false,"start_date":"2023-11-16 14:00:00","start_date_details":{"year":"2023","month":"11","day":"16","hour":"14","minutes":"00","seconds":"00"},"end_date":"2023-11-16 17:00:00","end_date_details":{"year":"2023","month":"11","day":"16","hour":"17","minutes":"00","seconds":"00"},"utc_start_date":"2023-11-16 13:00:00","utc_start_date_details":{"year":"2023","month":"11","day":"16","hour":"13","minutes":"00","seconds":"00"},"utc_end_date":"2023-11-16 16:00:00","utc_end_date_details":{"year":"2023","month":"11","day":"16","hour":"16","minutes":"00","seconds":"00"},"timezone":"Europe\/Paris","timezone_abbr":"CET","cost":"","cost_details":{"currency_symbol":"","currency_code":"","currency_position":"suffix","values":[]},"website":"","show_map":true,"show_map_link":true,"hide_from_listings":false,"sticky":false,"featured":false,"categories":[{"name":"S\u00e9minaire \"Anachroniques\"","slug":"seminaire-anachroniques","term_group":0,"term_taxonomy_id":2387,"taxonomy":"tribe_events_cat","description":"","parent":2268,"count":16,"filter":"raw","id":2387,"urls":{"self":"https:\/\/telemme.mmsh.fr\/index.php?rest_route=\/tribe\/events\/v1\/categories\/2387","collection":"https:\/\/telemme.mmsh.fr\/index.php?rest_route=\/tribe\/events\/v1\/categories","up":"https:\/\/telemme.mmsh.fr\/index.php?rest_route=\/tribe\/events\/v1\/categories\/2268"}}],"tags":[],"venue":{"id":12382,"author":"175","status":"publish","date":"2023-01-25 16:30:08","date_utc":"2023-01-25 15:30:08","modified":"2024-03-20 09:25:52","modified_utc":"2024-03-20 08:25:52","url":"https:\/\/telemme.mmsh.fr\/?tribe_venue=mucem-lab-mucem-lower-entry-to-fort-saint-jean-tour-du-roi-rene-201-quai-du-port-13002-marseille","description":"<p><strong>Matin\u00e9e: <\/strong>Pr\u00e9sidence Aix-Marseille Universit\u00e9 &#8211; Pharo<\/p>\n<p>58 BVD Charles Livon Jardin du Pharo &#8211; 13007 Marseille<\/p>\n<p><strong>Apr\u00e8s-midi: <\/strong>MucemLab, 201 Quai du port (entr\u00e9e par la tour du Roi Ren\u00e9), 13002, Marseille.<\/p>","slug":"mucem-lab-mucem-lower-entry-to-fort-saint-jean-tour-du-roi-rene-201-quai-du-port-13002-marseille","json_ld":{"@type":"Place","name":"","description":"&lt;p&gt;Matin\u00e9e: Pr\u00e9sidence Aix-Marseille Universit\u00e9 - Pharo 58 BVD Charles Livon Jardin du Pharo - 13007 Marseille Apr\u00e8s-midi: MucemLab, 201 Quai du port (entr\u00e9e par la tour du Roi Ren\u00e9), 13002,&hellip;&nbsp;&lt;a href=&quot;https:\/\/telemme.mmsh.fr\/?tribe_venue=mucem-lab-mucem-lower-entry-to-fort-saint-jean-tour-du-roi-rene-201-quai-du-port-13002-marseille&quot; rel=&quot;bookmark&quot;&gt;Lire la suite &raquo;&lt;span class=&quot;screen-reader-text&quot;&gt;&lt;\/span&gt;&lt;\/a&gt;&lt;\/p&gt;\\n","url":"","address":{"@type":"PostalAddress"},"telephone":"","sameAs":""},"show_map":true,"show_map_link":true,"global_id":"telemme.mmsh.fr?id=12382","global_id_lineage":["telemme.mmsh.fr?id=12382"]},"organizer":[{"id":3648,"author":"6","status":"publish","date":"2021-01-22 15:31:25","date_utc":"2021-01-22 14:31:25","modified":"2021-08-23 15:28:32","modified_utc":"2021-08-23 13:28:32","url":"https:\/\/telemme.mmsh.fr\/?tribe_organizer=thomas-glesener","organizer":"Thomas Glesener","slug":"thomas-glesener","website":"https:\/\/telemme.mmsh.fr\/?membres=thomas-glesener","json_ld":{"@type":"Person","name":"Thomas Glesener","description":"","url":"https:\/\/telemme.mmsh.fr\/?membres=thomas-glesener","telephone":"","email":"","sameAs":"https:\/\/telemme.mmsh.fr\/?membres=thomas-glesener"},"global_id":"telemme.mmsh.fr?id=3648","global_id_lineage":["telemme.mmsh.fr?id=3648"]}],"custom_fields":[],"json_ld":{"@context":"http:\/\/schema.org","@type":"Event","name":"\u00c9crire l\u2019histoire dans un monde en surchauffe","description":"&lt;p&gt;S\u00e9ance 2\u00a0:\u00a0 \u00c9crire l\u2019histoire dans un monde en surchauffe \u2013 Arnaud Orain, Les savoirs perdus de l\u2019\u00e9conomie. Contribution \u00e0 l\u2019\u00e9quilibre du vivant. Paris, Gallimard, coll. \u00ab\u00a0Les essais\u00a0\u00bb, 2023 \u2013 Dipesh&hellip;&nbsp;&lt;a href=&quot;https:\/\/telemme.mmsh.fr\/?tribe_events=ecrire-lhistoire-dans-un-monde-en-surchauffe&quot; rel=&quot;bookmark&quot;&gt;Lire la suite &raquo;&lt;span class=&quot;screen-reader-text&quot;&gt;\u00c9crire l\u2019histoire dans un monde en surchauffe&lt;\/span&gt;&lt;\/a&gt;&lt;\/p&gt;\\n","url":"https:\/\/telemme.mmsh.fr\/?tribe_events=ecrire-lhistoire-dans-un-monde-en-surchauffe","eventAttendanceMode":"https:\/\/schema.org\/OfflineEventAttendanceMode","eventStatus":"https:\/\/schema.org\/EventScheduled","startDate":"2023-11-16T14:00:00+01:00","endDate":"2023-11-16T17:00:00+01:00","location":{"@type":"Place","name":"","description":"&lt;p&gt;Matin\u00e9e: Pr\u00e9sidence Aix-Marseille Universit\u00e9 - Pharo 58 BVD Charles Livon Jardin du Pharo - 13007 Marseille Apr\u00e8s-midi: MucemLab, 201 Quai du port (entr\u00e9e par la tour du Roi Ren\u00e9), 13002,&hellip;&nbsp;&lt;a href=&quot;https:\/\/telemme.mmsh.fr\/?tribe_venue=mucem-lab-mucem-lower-entry-to-fort-saint-jean-tour-du-roi-rene-201-quai-du-port-13002-marseille&quot; rel=&quot;bookmark&quot;&gt;Lire la suite &raquo;&lt;span class=&quot;screen-reader-text&quot;&gt;&lt;\/span&gt;&lt;\/a&gt;&lt;\/p&gt;\\n","url":"","address":{"@type":"PostalAddress"},"telephone":"","sameAs":""},"organizer":{"@type":"Person","name":"Thomas Glesener","description":"","url":"https:\/\/telemme.mmsh.fr\/?membres=thomas-glesener","telephone":"","email":"","sameAs":"https:\/\/telemme.mmsh.fr\/?membres=thomas-glesener"},"performer":"Organization"}}