{"id":13399,"global_id":"telemme.mmsh.fr?id=13399","global_id_lineage":["telemme.mmsh.fr?id=13399"],"author":"175","status":"publish","date":"2023-10-19 14:04:35","date_utc":"2023-10-19 12:04:35","modified":"2023-10-19 14:05:11","modified_utc":"2023-10-19 12:05:11","url":"https:\/\/telemme.mmsh.fr\/?tribe_events=eduquer-aux-medias-dactualite-en-contexte-de-defiance","rest_url":"https:\/\/telemme.mmsh.fr\/index.php?rest_route=\/tribe\/events\/v1\/events\/13399","title":"\u00c9duquer aux m\u00e9dias d\u2019actualit\u00e9 en contexte de d\u00e9fiance","description":"<h4><strong>\u00c9duquer aux m\u00e9dias d\u2019actualit\u00e9 en contexte de d\u00e9fiance : <\/strong><strong>Journalisme et m\u00e9dias d\u2019actualit\u00e9 \u00e0 l\u2019\u00e8re des g\u00e9ants du web et des r\u00e9seaux socionum\u00e9riques<\/strong><\/h4>\n<h5><strong>En pr\u00e9sentiel, ouverte sur inscription aux formatrices, formateurs et partenaires \u00e9ducatifs de l\u2019INSP\u00e9\u00a0:\u00a0 <\/strong><a href=\"https:\/\/evento.renater.fr\/survey\/inscription-journee-emi-citoyennete-numerique-du-10-11-2023-9h-12h15-vbw1mhbk\">https:\/\/evento.renater.fr\/survey\/inscription-journee-\u2026-vbw1mhbk<\/a><\/h5>\n<p>Les chiffres ne manquent pas pour quantifier et rendre compte de la d\u00e9fiance des Fran\u00e7aises et des Fran\u00e7ais \u00e0 l\u2019\u00e9gard des m\u00e9dias d\u2019actualit\u00e9 et des journalistes. Ces repr\u00e9sentations ambivalentes tendent \u00e0 sur\u00e9valuer la capacit\u00e9 des m\u00e9dias d\u2019actualit\u00e9 (radio, t\u00e9l\u00e9vision, m\u00e9dias en ligne)\u00a0 \u00e0 \u00ab\u00a0faire l\u2019opinion\u00a0\u00bb, tout en les accusant d\u2019\u00eatre inf\u00e9od\u00e9s aux repr\u00e9sentants politiques ou aux grandes fortunes, et de diffuser des informations peu fiables.<\/p>\n<p>Face \u00e0 ces raccourcis h\u00e2tifs, l\u2019\u00e9ducation aux m\u00e9dias et \u00e0 l\u2019information (EMI) est bien souvent mobilis\u00e9e dans une perspective d\u00e9fensive, comme un moyen d\u2019affirmer les valeurs d\u00e9mocratiques dont les principes garantissent aux citoyennes et citoyens leur droit d\u2019acc\u00e9der \u00e0 l\u2019information et d\u00e9fendent une information libre et ind\u00e9pendante. Mais l\u2019EMI doit aussi \u00eatre le lieu d\u2019une r\u00e9flexion critique visant \u00e0 l\u2019\u00e9mancipation des individus, en donnant aux \u00e9l\u00e8ves les moyens de se positionner face \u00e0 des d\u00e9bats d\u00e9mocratiques complexes, que l\u2019on pense \u00e0 la libert\u00e9 d\u2019informer ou aux enjeux \u00e9conomiques li\u00e9s \u00e0 la plateformisation du web.<\/p>\n<p>Dans cette perspective, les recherches en sociologie des m\u00e9dias et en sciences de l\u2019information et de la communication permettent de mieux comprendre la fabrique de l\u2019information d\u2019actualit\u00e9 dans un secteur transform\u00e9 par l\u2019essor des r\u00e9seaux socionum\u00e9riques et la banalisation des outils d\u2019\u00e9criture automatis\u00e9e, tout en mettant en exergue l\u2019\u00e9volution des pratiques informationnelles.<\/p>\n<p>Organis\u00e9e dans le cadre de la formation des \u00e9tudiantes et des \u00e9tudiants de master MEEF de l\u2019Insp\u00e9 (parcours CPE, lyc\u00e9e professionnel option Lettres-Langues-Histoire, professeur documentaliste), cette journ\u00e9e apporte des clefs de compr\u00e9hension concernant les conditions de production et de diffusion de l\u2019information d\u2019actualit\u00e9, tout en proposant des pistes de mise en \u0153uvre de s\u00e9ances en EMI \u00e0 travers des ateliers fond\u00e9s sur une p\u00e9dagogie active.<\/p>\n<p>Les conf\u00e9rences du matin associent la restitution des recherches d\u2019Aur\u00e9lie Aubert concernant le m\u00e9dia Brut, l\u2019exp\u00e9rience du journaliste Thomas Schnell et l\u2019expertise d\u2019Elsie Russier sur le r\u00f4le du r\u00e9seau national du CLEMI dans la mise en \u0153uvre de l\u2019EMI en \u00e9tablissement scolaire.<\/p>\n<p><em>Une journ\u00e9e en pr\u00e9sentiel du cycle Citoyennet\u00e9 num\u00e9rique et EMI, \u00e9quipe pilote citoyennet\u00e9 num\u00e9rique et diversit\u00e9 (Ampiric, TELEMMe).<\/em><\/p>\n<p><em>Matin\u00e9e ouverte aux chercheures, chercheurs, formatrices, formateurs, partenaires \u00e9ducatifs de l\u2019INSP\u00e9 dans la limite des places disponibles et sur inscription <\/em><a href=\"https:\/\/evento.renater.fr\/survey\/inscription-journee-...-vbw1mhbk\"><em>https:\/\/evento.renater.fr\/survey\/inscription-journee-\u2026-vbw1mhbk<\/em><\/a><\/p>\n<p>&nbsp;<\/p>\n<hr \/>\n<p>&nbsp;<\/p>\n<p><a href=\"https:\/\/telemme.mmsh.fr\/?evenement=eduquer-aux-medias-dactualite-en-contexte-de-defiance\">Programme<\/a><\/p>","excerpt":"","slug":"eduquer-aux-medias-dactualite-en-contexte-de-defiance","image":{"url":"https:\/\/telemme.mmsh.fr\/wp-content\/uploads\/2023\/10\/Affiche-_ORTF_68.png","id":13398,"extension":"png","width":704,"height":954,"filesize":783447,"sizes":{"medium":{"width":221,"height":300,"mime-type":"image\/png","filesize":89712,"url":"https:\/\/telemme.mmsh.fr\/wp-content\/uploads\/2023\/10\/Affiche-_ORTF_68-221x300.png"},"thumbnail":{"width":150,"height":150,"mime-type":"image\/png","filesize":32787,"url":"https:\/\/telemme.mmsh.fr\/wp-content\/uploads\/2023\/10\/Affiche-_ORTF_68-150x150.png"},"better-amp-small":{"width":100,"height":100,"mime-type":"image\/png","filesize":16405,"url":"https:\/\/telemme.mmsh.fr\/wp-content\/uploads\/2023\/10\/Affiche-_ORTF_68-100x100.png"},"better-amp-normal":{"width":260,"height":200,"mime-type":"image\/png","filesize":62399,"url":"https:\/\/telemme.mmsh.fr\/wp-content\/uploads\/2023\/10\/Affiche-_ORTF_68-260x200.png"},"better-amp-large":{"width":450,"height":300,"mime-type":"image\/png","filesize":136381,"url":"https:\/\/telemme.mmsh.fr\/wp-content\/uploads\/2023\/10\/Affiche-_ORTF_68-450x300.png"},"neve-blog":{"width":704,"height":620,"mime-type":"image\/png","filesize":423298,"url":"https:\/\/telemme.mmsh.fr\/wp-content\/uploads\/2023\/10\/Affiche-_ORTF_68-704x620.png"},"sow-carousel-default":{"width":272,"height":182,"mime-type":"image\/png","filesize":56357,"url":"https:\/\/telemme.mmsh.fr\/wp-content\/uploads\/2023\/10\/Affiche-_ORTF_68-272x182.png"}}},"all_day":false,"start_date":"2023-11-10 09:00:00","start_date_details":{"year":"2023","month":"11","day":"10","hour":"09","minutes":"00","seconds":"00"},"end_date":"2023-11-10 16:30:00","end_date_details":{"year":"2023","month":"11","day":"10","hour":"16","minutes":"30","seconds":"00"},"utc_start_date":"2023-11-10 08:00:00","utc_start_date_details":{"year":"2023","month":"11","day":"10","hour":"08","minutes":"00","seconds":"00"},"utc_end_date":"2023-11-10 15:30:00","utc_end_date_details":{"year":"2023","month":"11","day":"10","hour":"15","minutes":"30","seconds":"00"},"timezone":"Europe\/Paris","timezone_abbr":"CET","cost":"","cost_details":{"currency_symbol":"","currency_code":"","currency_position":"suffix","values":[]},"website":"","show_map":true,"show_map_link":true,"hide_from_listings":false,"sticky":false,"featured":false,"categories":[{"name":"Journ\u00e9e d'\u00e9tudes","slug":"journee-detudes","term_group":0,"term_taxonomy_id":1823,"taxonomy":"tribe_events_cat","description":"","parent":0,"count":84,"filter":"raw","id":1823,"urls":{"self":"https:\/\/telemme.mmsh.fr\/index.php?rest_route=\/tribe\/events\/v1\/categories\/1823","collection":"https:\/\/telemme.mmsh.fr\/index.php?rest_route=\/tribe\/events\/v1\/categories"}}],"tags":[],"venue":{"id":11746,"author":"175","status":"publish","date":"2022-10-05 10:57:45","date_utc":"2022-10-05 08:57:45","modified":"2022-10-05 10:59:02","modified_utc":"2022-10-05 08:59:02","url":"https:\/\/telemme.mmsh.fr\/?tribe_venue=inspe-2-avenue-jules-isaac-13626-aix-en-provence-cedex-01","venue":"INSPE, 2 Avenue Jules Isaac 13626 Aix en Provence Cedex 01","slug":"inspe-2-avenue-jules-isaac-13626-aix-en-provence-cedex-01","country":"France","json_ld":{"@type":"Place","name":"INSPE, 2 Avenue Jules Isaac 13626 Aix en Provence Cedex 01","description":"","url":"","address":{"@type":"PostalAddress","addressCountry":"France"},"telephone":"","sameAs":""},"show_map":true,"show_map_link":true,"global_id":"telemme.mmsh.fr?id=11746","global_id_lineage":["telemme.mmsh.fr?id=11746"]},"organizer":[{"id":3501,"author":"6","status":"publish","date":"2021-01-21 16:50:50","date_utc":"2021-01-21 15:50:50","modified":"2021-01-21 16:50:50","modified_utc":"2021-01-21 15:50:50","url":"https:\/\/telemme.mmsh.fr\/?tribe_organizer=sophie-gebeil","organizer":"Sophie Gebeil","slug":"sophie-gebeil","website":"telemme.mmsh.univ-aix.fr\/membres\/sophie-gebeil\/","json_ld":{"@type":"Person","name":"Sophie Gebeil","description":"","url":"http:\/\/telemme.mmsh.univ-aix.fr\/membres\/sophie-gebeil\/","telephone":"","email":"","sameAs":"http:\/\/telemme.mmsh.univ-aix.fr\/membres\/sophie-gebeil\/"},"global_id":"telemme.mmsh.fr?id=3501","global_id_lineage":["telemme.mmsh.fr?id=3501"]}],"custom_fields":[],"json_ld":{"@context":"http:\/\/schema.org","@type":"Event","name":"\u00c9duquer aux m\u00e9dias d\u2019actualit\u00e9 en contexte de d\u00e9fiance","description":"&lt;p&gt;\u00c9duquer aux m\u00e9dias d\u2019actualit\u00e9 en contexte de d\u00e9fiance : Journalisme et m\u00e9dias d\u2019actualit\u00e9 \u00e0 l\u2019\u00e8re des g\u00e9ants du web et des r\u00e9seaux socionum\u00e9riques En pr\u00e9sentiel, ouverte sur inscription aux formatrices,&hellip;&nbsp;&lt;a href=&quot;https:\/\/telemme.mmsh.fr\/?tribe_events=eduquer-aux-medias-dactualite-en-contexte-de-defiance&quot; rel=&quot;bookmark&quot;&gt;Lire la suite &raquo;&lt;span class=&quot;screen-reader-text&quot;&gt;\u00c9duquer aux m\u00e9dias d\u2019actualit\u00e9 en contexte de d\u00e9fiance&lt;\/span&gt;&lt;\/a&gt;&lt;\/p&gt;\\n","image":"https:\/\/telemme.mmsh.fr\/wp-content\/uploads\/2023\/10\/Affiche-_ORTF_68.png","url":"https:\/\/telemme.mmsh.fr\/?tribe_events=eduquer-aux-medias-dactualite-en-contexte-de-defiance","eventAttendanceMode":"https:\/\/schema.org\/OfflineEventAttendanceMode","eventStatus":"https:\/\/schema.org\/EventScheduled","startDate":"2023-11-10T09:00:00+01:00","endDate":"2023-11-10T16:30:00+01:00","location":{"@type":"Place","name":"INSPE, 2 Avenue Jules Isaac 13626 Aix en Provence Cedex 01","description":"","url":"","address":{"@type":"PostalAddress","addressCountry":"France"},"telephone":"","sameAs":""},"organizer":{"@type":"Person","name":"Sophie Gebeil","description":"","url":"http:\/\/telemme.mmsh.univ-aix.fr\/membres\/sophie-gebeil\/","telephone":"","email":"","sameAs":"http:\/\/telemme.mmsh.univ-aix.fr\/membres\/sophie-gebeil\/"},"performer":"Organization"}}