{"id":12605,"global_id":"telemme.mmsh.fr?id=12605","global_id_lineage":["telemme.mmsh.fr?id=12605"],"author":"175","status":"publish","date":"2023-03-10 15:43:08","date_utc":"2023-03-10 14:43:08","modified":"2023-03-10 15:43:27","modified_utc":"2023-03-10 14:43:27","url":"https:\/\/telemme.mmsh.fr\/?tribe_events=12605","rest_url":"https:\/\/telemme.mmsh.fr\/index.php?rest_route=\/tribe\/events\/v1\/events\/12605","title":"Le travail agricole au prisme des migrations","description":"<p><strong>Journ\u00e9e d\u2019\u00e9tudes dans<\/strong> <strong>le<\/strong> <strong>cadre<\/strong> <strong>du<\/strong> <strong>projet<\/strong> <strong>FINCA<\/strong> <strong>&amp;<\/strong> <strong>du<\/strong> <strong>s\u00e9minaire<\/strong> <strong>MigTrav<\/strong> <strong>du<\/strong> <strong>LEST<\/strong><\/p>\n<p><strong><em>Organisateur\u00b7trice\u00b7s<\/em><\/strong><\/p>\n<p>Emmanuelle Hellio (LEST), B\u00e9atrice Mesini (CNRS, TELEMME) &amp; Fr\u00e9d\u00e9ric D\u00e9cosse (CNRS, LEST)<\/p>\n<p><a href=\"https:\/\/telemme.mmsh.fr\/?evenement=le-travail-agricole-au-prisme-des-migrations\">Programme<\/a><\/p>","excerpt":"","slug":"12605","image":{"url":"https:\/\/telemme.mmsh.fr\/wp-content\/uploads\/2023\/03\/jp.jpg","id":12604,"extension":"jpg","width":1496,"height":960,"filesize":594037,"sizes":{"medium":{"width":300,"height":193,"mime-type":"image\/jpeg","filesize":16716,"url":"https:\/\/telemme.mmsh.fr\/wp-content\/uploads\/2023\/03\/jp-300x193.jpg"},"large":{"width":1024,"height":657,"mime-type":"image\/jpeg","filesize":170839,"url":"https:\/\/telemme.mmsh.fr\/wp-content\/uploads\/2023\/03\/jp-1024x657.jpg"},"thumbnail":{"width":150,"height":150,"mime-type":"image\/jpeg","filesize":7587,"url":"https:\/\/telemme.mmsh.fr\/wp-content\/uploads\/2023\/03\/jp-150x150.jpg"},"medium_large":{"width":768,"height":493,"mime-type":"image\/jpeg","filesize":97129,"url":"https:\/\/telemme.mmsh.fr\/wp-content\/uploads\/2023\/03\/jp-768x493.jpg"},"better-amp-small":{"width":100,"height":100,"mime-type":"image\/jpeg","filesize":3764,"url":"https:\/\/telemme.mmsh.fr\/wp-content\/uploads\/2023\/03\/jp-100x100.jpg"},"better-amp-normal":{"width":260,"height":200,"mime-type":"image\/jpeg","filesize":15559,"url":"https:\/\/telemme.mmsh.fr\/wp-content\/uploads\/2023\/03\/jp-260x200.jpg"},"better-amp-large":{"width":450,"height":300,"mime-type":"image\/jpeg","filesize":36849,"url":"https:\/\/telemme.mmsh.fr\/wp-content\/uploads\/2023\/03\/jp-450x300.jpg"},"neve-blog":{"width":930,"height":620,"mime-type":"image\/jpeg","filesize":149245,"url":"https:\/\/telemme.mmsh.fr\/wp-content\/uploads\/2023\/03\/jp-930x620.jpg"},"mailpoet_newsletter_max":{"width":1320,"height":847,"mime-type":"image\/jpeg","filesize":282698,"url":"https:\/\/telemme.mmsh.fr\/wp-content\/uploads\/2023\/03\/jp-1320x847.jpg"},"sow-carousel-default":{"width":272,"height":182,"mime-type":"image\/jpeg","filesize":14645,"url":"https:\/\/telemme.mmsh.fr\/wp-content\/uploads\/2023\/03\/jp-272x182.jpg"}}},"all_day":false,"start_date":"2023-03-14 09:00:00","start_date_details":{"year":"2023","month":"03","day":"14","hour":"09","minutes":"00","seconds":"00"},"end_date":"2023-03-14 18:00:00","end_date_details":{"year":"2023","month":"03","day":"14","hour":"18","minutes":"00","seconds":"00"},"utc_start_date":"2023-03-14 08:00:00","utc_start_date_details":{"year":"2023","month":"03","day":"14","hour":"08","minutes":"00","seconds":"00"},"utc_end_date":"2023-03-14 17:00:00","utc_end_date_details":{"year":"2023","month":"03","day":"14","hour":"17","minutes":"00","seconds":"00"},"timezone":"Europe\/Paris","timezone_abbr":"CET","cost":"","cost_details":{"currency_symbol":"","currency_code":"","currency_position":"suffix","values":[]},"website":"","show_map":true,"show_map_link":true,"hide_from_listings":false,"sticky":false,"featured":false,"categories":[{"name":"Journ\u00e9e d'\u00e9tudes","slug":"journee-detudes","term_group":0,"term_taxonomy_id":1823,"taxonomy":"tribe_events_cat","description":"","parent":0,"count":84,"filter":"raw","id":1823,"urls":{"self":"https:\/\/telemme.mmsh.fr\/index.php?rest_route=\/tribe\/events\/v1\/categories\/1823","collection":"https:\/\/telemme.mmsh.fr\/index.php?rest_route=\/tribe\/events\/v1\/categories"}}],"tags":[{"name":"FINCA","slug":"finca","term_group":0,"term_taxonomy_id":2651,"taxonomy":"post_tag","description":"","parent":0,"count":1,"filter":"raw","id":2651,"urls":{"self":"https:\/\/telemme.mmsh.fr\/index.php?rest_route=\/tribe\/events\/v1\/tags\/2651","collection":"https:\/\/telemme.mmsh.fr\/index.php?rest_route=\/tribe\/events\/v1\/tags"}},{"name":"LEST","slug":"lest","term_group":0,"term_taxonomy_id":2647,"taxonomy":"post_tag","description":"","parent":0,"count":1,"filter":"raw","id":2647,"urls":{"self":"https:\/\/telemme.mmsh.fr\/index.php?rest_route=\/tribe\/events\/v1\/tags\/2647","collection":"https:\/\/telemme.mmsh.fr\/index.php?rest_route=\/tribe\/events\/v1\/tags"}},{"name":"MIGTRAV","slug":"migtrav","term_group":0,"term_taxonomy_id":2649,"taxonomy":"post_tag","description":"","parent":0,"count":1,"filter":"raw","id":2649,"urls":{"self":"https:\/\/telemme.mmsh.fr\/index.php?rest_route=\/tribe\/events\/v1\/tags\/2649","collection":"https:\/\/telemme.mmsh.fr\/index.php?rest_route=\/tribe\/events\/v1\/tags"}}],"venue":{"id":12407,"author":"175","status":"publish","date":"2023-01-27 10:08:10","date_utc":"2023-01-27 09:08:10","modified":"2023-01-27 10:08:10","modified_utc":"2023-01-27 09:08:10","url":"https:\/\/telemme.mmsh.fr\/?tribe_venue=mmsh-aix-en-provence-2","venue":"MMSH, Aix en Provence","slug":"mmsh-aix-en-provence-2","json_ld":{"@type":"Place","name":"MMSH, Aix en Provence","description":"","url":"","address":{"@type":"PostalAddress"},"telephone":"","sameAs":""},"show_map":true,"show_map_link":true,"global_id":"telemme.mmsh.fr?id=12407","global_id_lineage":["telemme.mmsh.fr?id=12407"]},"organizer":[{"id":9530,"author":"6","status":"publish","date":"2021-09-09 16:11:28","date_utc":"2021-09-09 14:11:28","modified":"2021-09-09 16:11:28","modified_utc":"2021-09-09 14:11:28","url":"https:\/\/telemme.mmsh.fr\/?tribe_organizer=beatrice-mesini","organizer":"B\u00e9atrice Mesini","slug":"beatrice-mesini","website":"https:\/\/telemme.mmsh.fr\/?membres=beatrice-mesini","json_ld":{"@type":"Person","name":"B\u00e9atrice Mesini","description":"","url":"https:\/\/telemme.mmsh.fr\/?membres=beatrice-mesini","telephone":"","email":"","sameAs":"https:\/\/telemme.mmsh.fr\/?membres=beatrice-mesini"},"global_id":"telemme.mmsh.fr?id=9530","global_id_lineage":["telemme.mmsh.fr?id=9530"]}],"custom_fields":[],"json_ld":{"@context":"http:\/\/schema.org","@type":"Event","name":"Le travail agricole au prisme des migrations","description":"&lt;p&gt;Journ\u00e9e d\u2019\u00e9tudes dans le cadre du projet FINCA &amp; du s\u00e9minaire MigTrav du LEST Organisateur\u00b7trice\u00b7s Emmanuelle Hellio (LEST), B\u00e9atrice Mesini (CNRS, TELEMME) &amp; Fr\u00e9d\u00e9ric D\u00e9cosse (CNRS, LEST) Programme&lt;\/p&gt;\\n","image":"https:\/\/telemme.mmsh.fr\/wp-content\/uploads\/2023\/03\/jp.jpg","url":"https:\/\/telemme.mmsh.fr\/?tribe_events=12605","eventAttendanceMode":"https:\/\/schema.org\/OfflineEventAttendanceMode","eventStatus":"https:\/\/schema.org\/EventScheduled","startDate":"2023-03-14T09:00:00+01:00","endDate":"2023-03-14T18:00:00+01:00","location":{"@type":"Place","name":"MMSH, Aix en Provence","description":"","url":"","address":{"@type":"PostalAddress"},"telephone":"","sameAs":""},"organizer":{"@type":"Person","name":"B\u00e9atrice Mesini","description":"","url":"https:\/\/telemme.mmsh.fr\/?membres=beatrice-mesini","telephone":"","email":"","sameAs":"https:\/\/telemme.mmsh.fr\/?membres=beatrice-mesini"},"performer":"Organization"}}