{"id":12593,"global_id":"telemme.mmsh.fr?id=12593","global_id_lineage":["telemme.mmsh.fr?id=12593"],"author":"175","status":"publish","date":"2023-03-09 10:39:14","date_utc":"2023-03-09 09:39:14","modified":"2023-03-09 10:39:14","modified_utc":"2023-03-09 09:39:14","url":"https:\/\/telemme.mmsh.fr\/?tribe_events=anachroniques-levi-strauss","rest_url":"https:\/\/telemme.mmsh.fr\/index.php?rest_route=\/tribe\/events\/v1\/events\/12593","title":"[Anachroniques] L\u00e9vi-Strauss","description":"<p>Anachroniques revient ce vendredi pour discuter de l\u2019oeuvre de L\u00e9vi-Strauss (rien de moins!) \u00e0 travers le bilan critique dress\u00e9 par deux \u00e9minents anthropologues, Maurice Godelier et Alban Bensa.<\/p>\n<p>On se retrouve comme d\u2019habitude \u00e0 Mille B\u00e2bords (61, rue Consolat 13001 Marseille) de 15h \u00e0 18h ou sur les ondes:\u00a0<a href=\"https:\/\/univ-amu-fr.zoom.us\/j\/87505213080?pwd=b1QrQzBvODVnYjJ0emtDTkdHK0lhQT09\">https:\/\/univ-amu-fr.zoom.us\/j\/87505213080?pwd=b1QrQzBvODVnYjJ0emtDTkdHK0lhQT09<\/a><\/p>\n<p>Au plaisir de vous y (re)trouver,<\/p>\n<p>Thomas, J\u00e9r\u00e9mie<\/p>\n<ul>\n<li>Maurice Godelier, <em>L\u00e9vi-Strauss, <\/em>Paris, Seuil, 2013<\/li>\n<li>Alban Bensa, <em>Apr\u00e8s L\u00e9vi-Strauss. Pour une anthropologie \u00e0 taille humaine<\/em>, Paris, Textuel, 2010<\/li>\n<\/ul>\n<p><a href=\"https:\/\/telemme.mmsh.fr\/?evenement=anachroniques-levi-strauss\">Programme<\/a><\/p>","excerpt":"<p>Anachroniques revient ce vendredi pour discuter de l\u2019oeuvre de L\u00e9vi-Strauss (rien de moins!) \u00e0 travers le bilan critique dress\u00e9 par deux \u00e9minents anthropologues, Maurice Godelier et Alban Bensa.<\/p>","slug":"anachroniques-levi-strauss","image":{"url":"https:\/\/telemme.mmsh.fr\/wp-content\/uploads\/2022\/01\/Anachroniques_Saison6_carre.jpg","id":10488,"extension":"jpg","width":1773,"height":1434,"sizes":{"medium":{"width":300,"height":243,"mime-type":"image\/jpeg","url":"https:\/\/telemme.mmsh.fr\/wp-content\/uploads\/2022\/01\/Anachroniques_Saison6_carre-300x243.jpg"},"large":{"width":1024,"height":828,"mime-type":"image\/jpeg","url":"https:\/\/telemme.mmsh.fr\/wp-content\/uploads\/2022\/01\/Anachroniques_Saison6_carre-1024x828.jpg"},"thumbnail":{"width":150,"height":150,"mime-type":"image\/jpeg","url":"https:\/\/telemme.mmsh.fr\/wp-content\/uploads\/2022\/01\/Anachroniques_Saison6_carre-150x150.jpg"},"medium_large":{"width":768,"height":621,"mime-type":"image\/jpeg","url":"https:\/\/telemme.mmsh.fr\/wp-content\/uploads\/2022\/01\/Anachroniques_Saison6_carre-768x621.jpg"},"1536x1536":{"width":1536,"height":1242,"mime-type":"image\/jpeg","url":"https:\/\/telemme.mmsh.fr\/wp-content\/uploads\/2022\/01\/Anachroniques_Saison6_carre-1536x1242.jpg"},"better-amp-small":{"width":100,"height":100,"mime-type":"image\/jpeg","url":"https:\/\/telemme.mmsh.fr\/wp-content\/uploads\/2022\/01\/Anachroniques_Saison6_carre-100x100.jpg"},"better-amp-normal":{"width":260,"height":200,"mime-type":"image\/jpeg","url":"https:\/\/telemme.mmsh.fr\/wp-content\/uploads\/2022\/01\/Anachroniques_Saison6_carre-260x200.jpg"},"better-amp-large":{"width":450,"height":300,"mime-type":"image\/jpeg","url":"https:\/\/telemme.mmsh.fr\/wp-content\/uploads\/2022\/01\/Anachroniques_Saison6_carre-450x300.jpg"},"neve-blog":{"width":930,"height":620,"mime-type":"image\/jpeg","url":"https:\/\/telemme.mmsh.fr\/wp-content\/uploads\/2022\/01\/Anachroniques_Saison6_carre-930x620.jpg"},"sow-carousel-default":{"width":272,"height":182,"mime-type":"image\/jpeg","url":"https:\/\/telemme.mmsh.fr\/wp-content\/uploads\/2022\/01\/Anachroniques_Saison6_carre-272x182.jpg"}}},"all_day":false,"start_date":"2023-03-10 15:00:00","start_date_details":{"year":"2023","month":"03","day":"10","hour":"15","minutes":"00","seconds":"00"},"end_date":"2023-03-10 18:00:00","end_date_details":{"year":"2023","month":"03","day":"10","hour":"18","minutes":"00","seconds":"00"},"utc_start_date":"2023-03-10 14:00:00","utc_start_date_details":{"year":"2023","month":"03","day":"10","hour":"14","minutes":"00","seconds":"00"},"utc_end_date":"2023-03-10 17:00:00","utc_end_date_details":{"year":"2023","month":"03","day":"10","hour":"17","minutes":"00","seconds":"00"},"timezone":"Europe\/Paris","timezone_abbr":"CET","cost":"","cost_details":{"currency_symbol":"","currency_code":"","currency_position":"suffix","values":[]},"website":"","show_map":true,"show_map_link":true,"hide_from_listings":false,"sticky":false,"featured":false,"categories":[{"name":"S\u00e9minaire \"Anachroniques\"","slug":"seminaire-anachroniques","term_group":0,"term_taxonomy_id":2387,"taxonomy":"tribe_events_cat","description":"","parent":2268,"count":16,"filter":"raw","id":2387,"urls":{"self":"https:\/\/telemme.mmsh.fr\/index.php?rest_route=\/tribe\/events\/v1\/categories\/2387","collection":"https:\/\/telemme.mmsh.fr\/index.php?rest_route=\/tribe\/events\/v1\/categories","up":"https:\/\/telemme.mmsh.fr\/index.php?rest_route=\/tribe\/events\/v1\/categories\/2268"}}],"tags":[],"venue":{"id":12501,"author":"175","status":"publish","date":"2023-02-08 16:21:01","date_utc":"2023-02-08 15:21:01","modified":"2023-02-08 16:21:01","modified_utc":"2023-02-08 15:21:01","url":"https:\/\/telemme.mmsh.fr\/?tribe_venue=mille-babords-61-rue-consolat-13001-marseille","venue":"Mille B\u00e2bords (61, rue Consolat 13001 Marseille)","slug":"mille-babords-61-rue-consolat-13001-marseille","json_ld":{"@type":"Place","name":"Mille B\u00e2bords (61, rue Consolat 13001 Marseille)","description":"","url":"","address":{"@type":"PostalAddress"},"telephone":"","sameAs":""},"show_map":true,"show_map_link":true,"global_id":"telemme.mmsh.fr?id=12501","global_id_lineage":["telemme.mmsh.fr?id=12501"]},"organizer":[{"id":3648,"author":"6","status":"publish","date":"2021-01-22 15:31:25","date_utc":"2021-01-22 14:31:25","modified":"2021-08-23 15:28:32","modified_utc":"2021-08-23 13:28:32","url":"https:\/\/telemme.mmsh.fr\/?tribe_organizer=thomas-glesener","organizer":"Thomas Glesener","slug":"thomas-glesener","website":"https:\/\/telemme.mmsh.fr\/?membres=thomas-glesener","json_ld":{"@type":"Person","name":"Thomas Glesener","description":"","url":"https:\/\/telemme.mmsh.fr\/?membres=thomas-glesener","telephone":"","email":"","sameAs":"https:\/\/telemme.mmsh.fr\/?membres=thomas-glesener"},"global_id":"telemme.mmsh.fr?id=3648","global_id_lineage":["telemme.mmsh.fr?id=3648"]},{"id":3650,"author":"6","status":"publish","date":"2021-01-22 15:31:25","date_utc":"2021-01-22 14:31:25","modified":"2021-01-22 15:31:25","modified_utc":"2021-01-22 14:31:25","url":"https:\/\/telemme.mmsh.fr\/?tribe_organizer=jeremie-foa","organizer":"J\u00e9r\u00e9mie Foa","slug":"jeremie-foa","website":"telemme.mmsh.univ-aix.fr\/membres\/jeremie-foa\/","json_ld":{"@type":"Person","name":"J\u00e9r\u00e9mie Foa","description":"","url":"http:\/\/telemme.mmsh.univ-aix.fr\/membres\/jeremie-foa\/","telephone":"","email":"","sameAs":"http:\/\/telemme.mmsh.univ-aix.fr\/membres\/jeremie-foa\/"},"global_id":"telemme.mmsh.fr?id=3650","global_id_lineage":["telemme.mmsh.fr?id=3650"]}],"custom_fields":[],"json_ld":{"@context":"http:\/\/schema.org","@type":"Event","name":"[Anachroniques] L\u00e9vi-Strauss","description":"&lt;p&gt;Anachroniques revient ce vendredi pour discuter de l\u2019oeuvre de L\u00e9vi-Strauss (rien de moins!) \u00e0 travers le bilan critique dress\u00e9 par deux \u00e9minents anthropologues, Maurice Godelier et Alban Bensa.&lt;\/p&gt;\\n","image":"https:\/\/telemme.mmsh.fr\/wp-content\/uploads\/2022\/01\/Anachroniques_Saison6_carre.jpg","url":"https:\/\/telemme.mmsh.fr\/?tribe_events=anachroniques-levi-strauss","eventAttendanceMode":"https:\/\/schema.org\/OfflineEventAttendanceMode","eventStatus":"https:\/\/schema.org\/EventScheduled","startDate":"2023-03-10T15:00:00+01:00","endDate":"2023-03-10T18:00:00+01:00","location":{"@type":"Place","name":"Mille B\u00e2bords (61, rue Consolat 13001 Marseille)","description":"","url":"","address":{"@type":"PostalAddress"},"telephone":"","sameAs":""},"organizer":{"@type":"Person","name":"Thomas Glesener","description":"","url":"https:\/\/telemme.mmsh.fr\/?membres=thomas-glesener","telephone":"","email":"","sameAs":"https:\/\/telemme.mmsh.fr\/?membres=thomas-glesener"},"performer":"Organization"}}