{"id":12414,"global_id":"telemme.mmsh.fr?id=12414","global_id_lineage":["telemme.mmsh.fr?id=12414"],"author":"175","status":"publish","date":"2023-01-27 10:16:36","date_utc":"2023-01-27 09:16:36","modified":"2023-05-15 10:39:24","modified_utc":"2023-05-15 08:39:24","url":"https:\/\/telemme.mmsh.fr\/?tribe_events=les-collections-se-devoilent","rest_url":"https:\/\/telemme.mmsh.fr\/index.php?rest_route=\/tribe\/events\/v1\/events\/12414","title":"Journ\u00e9e Festival d&rsquo;art lyrique d&rsquo;Aix-en-Provence","description":"<p>\u00ab LES COLLECTIONS SE D\u00c9VOILENT \u00bb<br \/>\nPour f\u00eater 75 ans de cr\u00e9ation, le Festival d\u2019Aix-en-Provence en partenariat avec TELEMMe (Aix-Marseille Universit\u00e9) et la Ville<br \/>\nd\u2019Aix-en-Provence, vous convie \u00e0 une journ\u00e9e exceptionnelle qui donnera la parole aux professionnels du spectacle, aux experts<br \/>\ndes arts de la sc\u00e8ne et aux chercheurs en sciences humaines. Entre pass\u00e9 et futur, entre patrimoine et cr\u00e9ation, histoire de l\u2019art<br \/>\net arts de la sc\u00e8ne, cette journ\u00e9e met en lumi\u00e8re les enjeux li\u00e9s aux archives de l\u2019art vivant.<\/p>\n<p><a href=\"https:\/\/telemme.mmsh.fr\/?evenement=les-collections-se-devoilent\">Programme<\/a><\/p>","excerpt":"<p>\u00ab LES COLLECTIONS SE D\u00c9VOILENT \u00bb<\/p>","slug":"les-collections-se-devoilent","image":{"url":"https:\/\/telemme.mmsh.fr\/wp-content\/uploads\/2023\/05\/festival.png","id":12835,"extension":"png","width":871,"height":523,"filesize":40147,"sizes":{"medium":{"width":300,"height":180,"mime-type":"image\/png","filesize":23580,"url":"https:\/\/telemme.mmsh.fr\/wp-content\/uploads\/2023\/05\/festival-300x180.png"},"thumbnail":{"width":150,"height":150,"mime-type":"image\/png","filesize":10540,"url":"https:\/\/telemme.mmsh.fr\/wp-content\/uploads\/2023\/05\/festival-150x150.png"},"medium_large":{"width":768,"height":461,"mime-type":"image\/png","filesize":65332,"url":"https:\/\/telemme.mmsh.fr\/wp-content\/uploads\/2023\/05\/festival-768x461.png"},"better-amp-small":{"width":100,"height":100,"mime-type":"image\/png","filesize":6657,"url":"https:\/\/telemme.mmsh.fr\/wp-content\/uploads\/2023\/05\/festival-100x100.png"},"better-amp-normal":{"width":260,"height":200,"mime-type":"image\/png","filesize":20990,"url":"https:\/\/telemme.mmsh.fr\/wp-content\/uploads\/2023\/05\/festival-260x200.png"},"better-amp-large":{"width":450,"height":300,"mime-type":"image\/png","filesize":39044,"url":"https:\/\/telemme.mmsh.fr\/wp-content\/uploads\/2023\/05\/festival-450x300.png"},"sow-carousel-default":{"width":272,"height":182,"mime-type":"image\/png","filesize":22485,"url":"https:\/\/telemme.mmsh.fr\/wp-content\/uploads\/2023\/05\/festival-272x182.png"}}},"all_day":true,"start_date":"2023-06-14 00:00:00","start_date_details":{"year":"2023","month":"06","day":"14","hour":"00","minutes":"00","seconds":"00"},"end_date":"2023-06-14 23:59:59","end_date_details":{"year":"2023","month":"06","day":"14","hour":"23","minutes":"59","seconds":"59"},"utc_start_date":"2023-06-13 22:00:00","utc_start_date_details":{"year":"2023","month":"06","day":"13","hour":"22","minutes":"00","seconds":"00"},"utc_end_date":"2023-06-14 21:59:59","utc_end_date_details":{"year":"2023","month":"06","day":"14","hour":"21","minutes":"59","seconds":"59"},"timezone":"Europe\/Paris","timezone_abbr":"CEST","cost":"","cost_details":{"currency_symbol":"","currency_code":"","currency_position":"suffix","values":[]},"website":"","show_map":true,"show_map_link":true,"hide_from_listings":false,"sticky":false,"featured":false,"categories":[],"tags":[{"name":"Festival d'Aix","slug":"festival-daix","term_group":0,"term_taxonomy_id":2626,"taxonomy":"post_tag","description":"","parent":0,"count":4,"filter":"raw","id":2626,"urls":{"self":"https:\/\/telemme.mmsh.fr\/index.php?rest_route=\/tribe\/events\/v1\/tags\/2626","collection":"https:\/\/telemme.mmsh.fr\/index.php?rest_route=\/tribe\/events\/v1\/tags"}}],"venue":{"id":8449,"author":"6","status":"publish","date":"2021-06-25 12:34:48","date_utc":"2021-06-25 10:34:48","modified":"2021-06-25 12:34:48","modified_utc":"2021-06-25 10:34:48","url":"https:\/\/telemme.mmsh.fr\/?tribe_venue=musee-granet","venue":"Mus\u00e9e Granet","slug":"musee-granet","address":"place Saint-Jean-de-Malte","city":"Aix-en-Provence","country":"France","zip":"1310","website":"http:\/\/www.museegranet-aixenprovence.fr\/nc\/accueil.html","json_ld":{"@type":"Place","name":"Mus\u00e9e Granet","description":"","url":"","address":{"@type":"PostalAddress","streetAddress":"place Saint-Jean-de-Malte","addressLocality":"Aix-en-Provence","postalCode":"1310","addressCountry":"France"},"telephone":"","sameAs":"http:\/\/www.museegranet-aixenprovence.fr\/nc\/accueil.html"},"show_map":true,"show_map_link":true,"global_id":"telemme.mmsh.fr?id=8449","global_id_lineage":["telemme.mmsh.fr?id=8449"]},"organizer":[{"id":12416,"author":"175","status":"publish","date":"2023-01-27 10:16:36","date_utc":"2023-01-27 09:16:36","modified":"2023-01-27 10:16:36","modified_utc":"2023-01-27 09:16:36","url":"https:\/\/telemme.mmsh.fr\/?tribe_organizer=pierre-pinchon","organizer":"Pierre Pinchon","slug":"pierre-pinchon","website":"https:\/\/telemme.mmsh.fr\/?membres=pierre-pinchon","json_ld":{"@type":"Person","name":"Pierre Pinchon","description":"","url":"https:\/\/telemme.mmsh.fr\/?membres=pierre-pinchon","telephone":"","email":"","sameAs":"https:\/\/telemme.mmsh.fr\/?membres=pierre-pinchon"},"global_id":"telemme.mmsh.fr?id=12416","global_id_lineage":["telemme.mmsh.fr?id=12416"]}],"custom_fields":[],"json_ld":{"@context":"http:\/\/schema.org","@type":"Event","name":"Journ\u00e9e Festival d&rsquo;art lyrique d&rsquo;Aix-en-Provence","description":"&lt;p&gt;\u00ab LES COLLECTIONS SE D\u00c9VOILENT \u00bb&lt;\/p&gt;\\n","image":"https:\/\/telemme.mmsh.fr\/wp-content\/uploads\/2023\/05\/festival.png","url":"https:\/\/telemme.mmsh.fr\/?tribe_events=les-collections-se-devoilent","eventAttendanceMode":"https:\/\/schema.org\/OfflineEventAttendanceMode","eventStatus":"https:\/\/schema.org\/EventScheduled","startDate":"2023-06-14T00:00:00+02:00","endDate":"2023-06-14T23:59:59+02:00","location":{"@type":"Place","name":"Mus\u00e9e Granet","description":"","url":"","address":{"@type":"PostalAddress","streetAddress":"place Saint-Jean-de-Malte","addressLocality":"Aix-en-Provence","postalCode":"1310","addressCountry":"France"},"telephone":"","sameAs":"http:\/\/www.museegranet-aixenprovence.fr\/nc\/accueil.html"},"organizer":{"@type":"Person","name":"Pierre Pinchon","description":"","url":"https:\/\/telemme.mmsh.fr\/?membres=pierre-pinchon","telephone":"","email":"","sameAs":"https:\/\/telemme.mmsh.fr\/?membres=pierre-pinchon"},"performer":"Organization"}}