{"id":12408,"global_id":"telemme.mmsh.fr?id=12408","global_id_lineage":["telemme.mmsh.fr?id=12408"],"author":"175","status":"publish","date":"2023-01-27 10:09:38","date_utc":"2023-01-27 09:09:38","modified":"2023-05-12 11:08:07","modified_utc":"2023-05-12 09:08:07","url":"https:\/\/telemme.mmsh.fr\/?tribe_events=journee-jeunes-chercheurs","rest_url":"https:\/\/telemme.mmsh.fr\/index.php?rest_route=\/tribe\/events\/v1\/events\/12408","title":"La fabrique de l\u2019oubli. Journ\u00e9e Jeunes chercheur\u00b7euse\u00b7s TELEMMe","description":"<p>Du trou de m\u00e9moire \u00e0 l\u2019amn\u00e9sie et de l\u2019inattention au d\u00e9ni, l\u2019oubli se caract\u00e9rise par la perte partielle ou totale, momentan\u00e9e ou d\u00e9finitive, de souvenirs d\u2019\u00e9v\u00e9nements, de repr\u00e9sentations et d\u2019espaces v\u00e9cus, qu\u2019ils soient intimes ou partag\u00e9s. En ce sens, l\u2019oubli se d\u00e9finit en miroir de la m\u00e9moire et fait partie int\u00e9grante de la construction d\u2019identit\u00e9s individuelles et collectives. Dans la mani\u00e8re dont il se fabrique, il s\u2019appr\u00e9hende comme un processus sociopolitique et culturel volontaire, inconscient et\/ou subi. Cette journ\u00e9e d\u2019\u00e9tude sera l\u2019occasion d\u2019aborder la construction de l\u2019oubli, \u00e9labor\u00e9e \u00e0 des \u00e9chelles spatiales et temporelles plus ou moins \u00e9tendues, et mettant en tension une diversit\u00e9 d\u2019acteur\u00b7ices<\/p>\n<p><a href=\"https:\/\/telemme.mmsh.fr\/?evenement=la-fabrique-de-loubli\">Programme<\/a><\/p>","excerpt":"","slug":"journee-jeunes-chercheurs","image":{"url":"https:\/\/telemme.mmsh.fr\/wp-content\/uploads\/2023\/02\/ok.png","id":12450,"extension":"png","width":677,"height":502,"filesize":728164,"sizes":{"medium":{"width":300,"height":222,"mime-type":"image\/png","filesize":137599,"url":"https:\/\/telemme.mmsh.fr\/wp-content\/uploads\/2023\/02\/ok-300x222.png"},"thumbnail":{"width":150,"height":150,"mime-type":"image\/png","filesize":49313,"url":"https:\/\/telemme.mmsh.fr\/wp-content\/uploads\/2023\/02\/ok-150x150.png"},"better-amp-small":{"width":100,"height":100,"mime-type":"image\/png","filesize":22833,"url":"https:\/\/telemme.mmsh.fr\/wp-content\/uploads\/2023\/02\/ok-100x100.png"},"better-amp-normal":{"width":260,"height":200,"mime-type":"image\/png","filesize":109360,"url":"https:\/\/telemme.mmsh.fr\/wp-content\/uploads\/2023\/02\/ok-260x200.png"},"better-amp-large":{"width":450,"height":300,"mime-type":"image\/png","filesize":273008,"url":"https:\/\/telemme.mmsh.fr\/wp-content\/uploads\/2023\/02\/ok-450x300.png"},"sow-carousel-default":{"width":272,"height":182,"mime-type":"image\/png","filesize":104772,"url":"https:\/\/telemme.mmsh.fr\/wp-content\/uploads\/2023\/02\/ok-272x182.png"},"meta-slider-resized-677x225":{"width":677,"height":225,"mime-type":"image\/png","filesize":324539,"url":"https:\/\/telemme.mmsh.fr\/wp-content\/uploads\/2023\/02\/ok-677x225.png"},"meta-slider-resized-620x206":{"width":620,"height":206,"mime-type":"image\/png","filesize":251209,"url":"https:\/\/telemme.mmsh.fr\/wp-content\/uploads\/2023\/02\/ok-620x206.png"},"meta-slider-resized-400x133":{"width":400,"height":133,"mime-type":"image\/png","filesize":110751,"url":"https:\/\/telemme.mmsh.fr\/wp-content\/uploads\/2023\/02\/ok-400x133.png"},"meta-slider-resized-0x0":{"width":677,"height":502,"mime-type":"image\/png","filesize":701050,"url":"https:\/\/telemme.mmsh.fr\/wp-content\/uploads\/2023\/02\/ok-0x0.png"}}},"all_day":true,"start_date":"2023-05-24 00:00:00","start_date_details":{"year":"2023","month":"05","day":"24","hour":"00","minutes":"00","seconds":"00"},"end_date":"2023-05-24 23:59:59","end_date_details":{"year":"2023","month":"05","day":"24","hour":"23","minutes":"59","seconds":"59"},"utc_start_date":"2023-05-23 22:00:00","utc_start_date_details":{"year":"2023","month":"05","day":"23","hour":"22","minutes":"00","seconds":"00"},"utc_end_date":"2023-05-24 21:59:59","utc_end_date_details":{"year":"2023","month":"05","day":"24","hour":"21","minutes":"59","seconds":"59"},"timezone":"Europe\/Paris","timezone_abbr":"CEST","cost":"","cost_details":{"currency_symbol":"","currency_code":"","currency_position":"suffix","values":[]},"website":"","show_map":true,"show_map_link":true,"hide_from_listings":false,"sticky":false,"featured":false,"categories":[{"name":"Journ\u00e9e Jeunes chercheur\u00b7euses TELEMMe","slug":"journee-jeunes-chercheur%c2%b7euses-telemme","term_group":0,"term_taxonomy_id":1956,"taxonomy":"tribe_events_cat","description":"","parent":0,"count":8,"filter":"raw","id":1956,"urls":{"self":"https:\/\/telemme.mmsh.fr\/index.php?rest_route=\/tribe\/events\/v1\/categories\/1956","collection":"https:\/\/telemme.mmsh.fr\/index.php?rest_route=\/tribe\/events\/v1\/categories"}}],"tags":[],"venue":{"id":3497,"author":"6","status":"publish","date":"2021-01-21 16:40:33","date_utc":"2021-01-21 15:40:33","modified":"2021-09-24 16:02:36","modified_utc":"2021-09-24 14:02:36","url":"https:\/\/telemme.mmsh.fr\/?tribe_venue=salle-duby","venue":"Salle Georges Duby &#8211; MMSH, Aix-en-Provence","slug":"salle-duby","address":"MMSH, 5 rue du Ch\u00e2teau de l'Horloge","city":"Aix-en-Provence","country":"France","zip":"13090","json_ld":{"@type":"Place","name":"Salle Georges Duby &#8211; MMSH, Aix-en-Provence","description":"","url":"","address":{"@type":"PostalAddress","streetAddress":"MMSH, 5 rue du Ch\u00e2teau de l&#039;Horloge","addressLocality":"Aix-en-Provence","postalCode":"13090","addressCountry":"France"},"telephone":"","sameAs":""},"show_map":true,"show_map_link":true,"global_id":"telemme.mmsh.fr?id=3497","global_id_lineage":["telemme.mmsh.fr?id=3497"]},"organizer":[],"custom_fields":[],"json_ld":{"@context":"http:\/\/schema.org","@type":"Event","name":"La fabrique de l\u2019oubli. Journ\u00e9e Jeunes chercheur\u00b7euse\u00b7s TELEMMe","description":"&lt;p&gt;Du trou de m\u00e9moire \u00e0 l\u2019amn\u00e9sie et de l\u2019inattention au d\u00e9ni, l\u2019oubli se caract\u00e9rise par la perte partielle ou totale, momentan\u00e9e ou d\u00e9finitive, de souvenirs d\u2019\u00e9v\u00e9nements, de repr\u00e9sentations et d\u2019espaces&hellip;&nbsp;&lt;a href=&quot;https:\/\/telemme.mmsh.fr\/?tribe_events=journee-jeunes-chercheurs&quot; rel=&quot;bookmark&quot;&gt;Lire la suite &raquo;&lt;span class=&quot;screen-reader-text&quot;&gt;La fabrique de l\u2019oubli. Journ\u00e9e Jeunes chercheur\u00b7euse\u00b7s TELEMMe&lt;\/span&gt;&lt;\/a&gt;&lt;\/p&gt;\\n","image":"https:\/\/telemme.mmsh.fr\/wp-content\/uploads\/2023\/02\/ok.png","url":"https:\/\/telemme.mmsh.fr\/?tribe_events=journee-jeunes-chercheurs","eventAttendanceMode":"https:\/\/schema.org\/OfflineEventAttendanceMode","eventStatus":"https:\/\/schema.org\/EventScheduled","startDate":"2023-05-24T00:00:00+02:00","endDate":"2023-05-24T23:59:59+02:00","location":{"@type":"Place","name":"Salle Georges Duby &#8211; MMSH, Aix-en-Provence","description":"","url":"","address":{"@type":"PostalAddress","streetAddress":"MMSH, 5 rue du Ch\u00e2teau de l&#039;Horloge","addressLocality":"Aix-en-Provence","postalCode":"13090","addressCountry":"France"},"telephone":"","sameAs":""},"performer":"Organization"}}