{"id":12353,"global_id":"telemme.mmsh.fr?id=12353","global_id_lineage":["telemme.mmsh.fr?id=12353"],"author":"175","status":"publish","date":"2023-01-25 09:23:02","date_utc":"2023-01-25 08:23:02","modified":"2023-01-25 09:23:02","modified_utc":"2023-01-25 08:23:02","url":"https:\/\/telemme.mmsh.fr\/?tribe_events=la-marche-de-1983-et-sa-mediatisation-yvan-gastaut","rest_url":"https:\/\/telemme.mmsh.fr\/index.php?rest_route=\/tribe\/events\/v1\/events\/12353","title":"La Marche de 1983 et sa m\u00e9diatisation \u2013 Yvan Gastaut","description":"<div class=\"tribe-events-single-event-description tribe-events-content\">\n<p>Saisir la\u00a0polyvocalit\u00e9\u00a0des archives audiovisuelles et num\u00e9riques en contexte postcolonial<\/p>\n<p>Dans le cadre du programme <a href=\"https:\/\/picch-project.org\">Polyvocal Interpretation of a Contested Colonial Heritage<\/a>, cette s\u00e9ance r\u00e9unira les membres de l\u2019\u00e9quipe en charge de l\u2019\u00e9tude de la m\u00e9diatisation de la Marche pour l\u2019\u00e9galit\u00e9 et contre le racisme de 1983 \u00e0 la t\u00e9l\u00e9vision et sur le web gr\u00e2ce aux archives de <a href=\"https:\/\/inalelab.hypotheses.org\/\">l\u2019INA<\/a>, autour de l\u2019intervention d\u2019Yvan Gastaut. Historien de l\u2019immigration, ce dernier reviendra sur l\u2019histoire de la Marche de 1983 ainsi que sur sa m\u00e9diatisation (TV, presse \u00e9crite).<\/p>\n<p>&nbsp;<\/p>\n<\/div>\n<div class=\"tribe-events tribe-common\">\n<div class=\"tribe-events-c-subscribe-dropdown__container\">\n<div class=\"tribe-events-c-subscribe-dropdown\">\n<div class=\"tribe-common-c-btn-border tribe-events-c-subscribe-dropdown__button\" tabindex=\"0\"><\/div>\n<\/div>\n<\/div>\n<\/div>","excerpt":"","slug":"la-marche-de-1983-et-sa-mediatisation-yvan-gastaut","image":false,"all_day":false,"start_date":"2023-01-25 08:30:00","start_date_details":{"year":"2023","month":"01","day":"25","hour":"08","minutes":"30","seconds":"00"},"end_date":"2023-01-25 10:30:00","end_date_details":{"year":"2023","month":"01","day":"25","hour":"10","minutes":"30","seconds":"00"},"utc_start_date":"2023-01-25 07:30:00","utc_start_date_details":{"year":"2023","month":"01","day":"25","hour":"07","minutes":"30","seconds":"00"},"utc_end_date":"2023-01-25 09:30:00","utc_end_date_details":{"year":"2023","month":"01","day":"25","hour":"09","minutes":"30","seconds":"00"},"timezone":"Europe\/Paris","timezone_abbr":"CET","cost":"","cost_details":{"currency_symbol":"","currency_code":"","currency_position":"suffix","values":[]},"website":"","show_map":true,"show_map_link":true,"hide_from_listings":false,"sticky":false,"featured":false,"categories":[{"name":"S\u00e9minaire","slug":"seminaire","term_group":0,"term_taxonomy_id":1831,"taxonomy":"tribe_events_cat","description":"","parent":0,"count":140,"filter":"raw","id":1831,"urls":{"self":"https:\/\/telemme.mmsh.fr\/index.php?rest_route=\/tribe\/events\/v1\/categories\/1831","collection":"https:\/\/telemme.mmsh.fr\/index.php?rest_route=\/tribe\/events\/v1\/categories"}}],"tags":[{"name":"ANR PICCH","slug":"anr-picch","term_group":0,"term_taxonomy_id":2211,"taxonomy":"post_tag","description":"","parent":0,"count":16,"filter":"raw","id":2211,"urls":{"self":"https:\/\/telemme.mmsh.fr\/index.php?rest_route=\/tribe\/events\/v1\/tags\/2211","collection":"https:\/\/telemme.mmsh.fr\/index.php?rest_route=\/tribe\/events\/v1\/tags"}},{"name":"PICCH","slug":"picch","term_group":0,"term_taxonomy_id":2304,"taxonomy":"post_tag","description":"","parent":0,"count":6,"filter":"raw","id":2304,"urls":{"self":"https:\/\/telemme.mmsh.fr\/index.php?rest_route=\/tribe\/events\/v1\/tags\/2304","collection":"https:\/\/telemme.mmsh.fr\/index.php?rest_route=\/tribe\/events\/v1\/tags"}}],"venue":{"id":12355,"author":"175","status":"publish","date":"2023-01-25 09:23:03","date_utc":"2023-01-25 08:23:03","modified":"2023-01-25 09:23:03","modified_utc":"2023-01-25 08:23:03","url":"https:\/\/telemme.mmsh.fr\/?tribe_venue=salle-a-113-mmsh-aix-en-provence-mmsh-5-rue-chateau-de-lhorloge-aix-en-provence-13090","venue":"Salle A 113, MMSH \u2013 Aix-en-Provence      MMSH, 5 rue Ch\u00e2teau de l&rsquo;Horloge     Aix-en-Provence, 13090","slug":"salle-a-113-mmsh-aix-en-provence-mmsh-5-rue-chateau-de-lhorloge-aix-en-provence-13090","json_ld":{"@type":"Place","name":"Salle A 113, MMSH \u2013 Aix-en-Provence      MMSH, 5 rue Ch\u00e2teau de l&rsquo;Horloge     Aix-en-Provence, 13090","description":"","url":"","address":{"@type":"PostalAddress"},"telephone":"","sameAs":""},"show_map":true,"show_map_link":true,"global_id":"telemme.mmsh.fr?id=12355","global_id_lineage":["telemme.mmsh.fr?id=12355"]},"organizer":[{"id":3501,"author":"6","status":"publish","date":"2021-01-21 16:50:50","date_utc":"2021-01-21 15:50:50","modified":"2021-01-21 16:50:50","modified_utc":"2021-01-21 15:50:50","url":"https:\/\/telemme.mmsh.fr\/?tribe_organizer=sophie-gebeil","organizer":"Sophie Gebeil","slug":"sophie-gebeil","website":"telemme.mmsh.univ-aix.fr\/membres\/sophie-gebeil\/","json_ld":{"@type":"Person","name":"Sophie Gebeil","description":"","url":"http:\/\/telemme.mmsh.univ-aix.fr\/membres\/sophie-gebeil\/","telephone":"","email":"","sameAs":"http:\/\/telemme.mmsh.univ-aix.fr\/membres\/sophie-gebeil\/"},"global_id":"telemme.mmsh.fr?id=3501","global_id_lineage":["telemme.mmsh.fr?id=3501"]}],"custom_fields":[],"json_ld":{"@context":"http:\/\/schema.org","@type":"Event","name":"La Marche de 1983 et sa m\u00e9diatisation \u2013 Yvan Gastaut","description":"&lt;p&gt;Saisir la\u00a0polyvocalit\u00e9\u00a0des archives audiovisuelles et num\u00e9riques en contexte postcolonial Dans le cadre du programme Polyvocal Interpretation of a Contested Colonial Heritage, cette s\u00e9ance r\u00e9unira les membres de l\u2019\u00e9quipe en charge&hellip;&nbsp;&lt;a href=&quot;https:\/\/telemme.mmsh.fr\/?tribe_events=la-marche-de-1983-et-sa-mediatisation-yvan-gastaut&quot; rel=&quot;bookmark&quot;&gt;Lire la suite &raquo;&lt;span class=&quot;screen-reader-text&quot;&gt;La Marche de 1983 et sa m\u00e9diatisation \u2013 Yvan Gastaut&lt;\/span&gt;&lt;\/a&gt;&lt;\/p&gt;\\n","url":"https:\/\/telemme.mmsh.fr\/?tribe_events=la-marche-de-1983-et-sa-mediatisation-yvan-gastaut","eventAttendanceMode":"https:\/\/schema.org\/OfflineEventAttendanceMode","eventStatus":"https:\/\/schema.org\/EventScheduled","startDate":"2023-01-25T08:30:00+01:00","endDate":"2023-01-25T10:30:00+01:00","location":{"@type":"Place","name":"Salle A 113, MMSH \u2013 Aix-en-Provence      MMSH, 5 rue Ch\u00e2teau de l&rsquo;Horloge     Aix-en-Provence, 13090","description":"","url":"","address":{"@type":"PostalAddress"},"telephone":"","sameAs":""},"organizer":{"@type":"Person","name":"Sophie Gebeil","description":"","url":"http:\/\/telemme.mmsh.univ-aix.fr\/membres\/sophie-gebeil\/","telephone":"","email":"","sameAs":"http:\/\/telemme.mmsh.univ-aix.fr\/membres\/sophie-gebeil\/"},"performer":"Organization"}}