{"id":12287,"global_id":"telemme.mmsh.fr?id=12287","global_id_lineage":["telemme.mmsh.fr?id=12287"],"author":"175","status":"publish","date":"2023-01-17 11:02:40","date_utc":"2023-01-17 10:02:40","modified":"2023-01-25 10:54:59","modified_utc":"2023-01-25 09:54:59","url":"https:\/\/telemme.mmsh.fr\/?tribe_events=seminaire-du-groupe-facons-detre-autour-de-la-figure-des-martyrs-espagne-xv-xis","rest_url":"https:\/\/telemme.mmsh.fr\/index.php?rest_route=\/tribe\/events\/v1\/events\/12287","title":"Autour de la figure des martyrs, Espagne, XV-XI\u00b0S.","description":"<p>Les deux communications interrogeront sur la longue dur\u00e9e les processus par lesquels on devient un martyr et les usages sociaux que cette figure suscite dans le cadre d\u2019une soci\u00e9t\u00e9 catholique de l\u2019Europe m\u00e9ridionale. En quoi le corps du martyr cristallise-t-il le culte dont il est l\u2019objet dans l\u2019espace public comme priv\u00e9 ? A quels dispositifs narratifs, \u00e0 quels r\u00e9gimes m\u00e9moriels ce culte donne-t-il lieu ? En quoi la porosit\u00e9 des fronti\u00e8res entre le religieux et le politique fait-elle sens ? Comment se d\u00e9cline le martyre au f\u00e9minin ?<\/p>\n<p><a href=\"https:\/\/telemme.mmsh.fr\/?evenement=seminaire-du-groupe-facons-detre-autour-de-la-figure-des-martyrs-espagne-xv-xis\">Programme<\/a><\/p>","excerpt":"","slug":"seminaire-du-groupe-facons-detre-autour-de-la-figure-des-martyrs-espagne-xv-xis","image":{"url":"https:\/\/telemme.mmsh.fr\/wp-content\/uploads\/2022\/10\/Capture.png","id":11712,"extension":"png","width":397,"height":413,"filesize":232188,"sizes":{"medium":{"width":288,"height":300,"mime-type":"image\/png","filesize":89193,"url":"https:\/\/telemme.mmsh.fr\/wp-content\/uploads\/2022\/10\/Capture-288x300.png"},"thumbnail":{"width":150,"height":150,"mime-type":"image\/png","filesize":28042,"url":"https:\/\/telemme.mmsh.fr\/wp-content\/uploads\/2022\/10\/Capture-150x150.png"},"better-amp-small":{"width":100,"height":100,"mime-type":"image\/png","filesize":14093,"url":"https:\/\/telemme.mmsh.fr\/wp-content\/uploads\/2022\/10\/Capture-100x100.png"},"better-amp-normal":{"width":260,"height":200,"mime-type":"image\/png","filesize":57999,"url":"https:\/\/telemme.mmsh.fr\/wp-content\/uploads\/2022\/10\/Capture-260x200.png"},"better-amp-large":{"width":397,"height":300,"mime-type":"image\/png","filesize":124715,"url":"https:\/\/telemme.mmsh.fr\/wp-content\/uploads\/2022\/10\/Capture-397x300.png"},"sow-carousel-default":{"width":272,"height":182,"mime-type":"image\/png","filesize":54629,"url":"https:\/\/telemme.mmsh.fr\/wp-content\/uploads\/2022\/10\/Capture-272x182.png"}}},"all_day":false,"start_date":"2023-01-25 09:30:00","start_date_details":{"year":"2023","month":"01","day":"25","hour":"09","minutes":"30","seconds":"00"},"end_date":"2023-01-25 12:00:00","end_date_details":{"year":"2023","month":"01","day":"25","hour":"12","minutes":"00","seconds":"00"},"utc_start_date":"2023-01-25 08:30:00","utc_start_date_details":{"year":"2023","month":"01","day":"25","hour":"08","minutes":"30","seconds":"00"},"utc_end_date":"2023-01-25 11:00:00","utc_end_date_details":{"year":"2023","month":"01","day":"25","hour":"11","minutes":"00","seconds":"00"},"timezone":"Europe\/Paris","timezone_abbr":"CET","cost":"","cost_details":{"currency_symbol":"","currency_code":"","currency_position":"suffix","values":[]},"website":"","show_map":true,"show_map_link":true,"hide_from_listings":false,"sticky":false,"featured":false,"categories":[{"name":"S\u00e9minaire","slug":"seminaire","term_group":0,"term_taxonomy_id":1831,"taxonomy":"tribe_events_cat","description":"","parent":0,"count":140,"filter":"raw","id":1831,"urls":{"self":"https:\/\/telemme.mmsh.fr\/index.php?rest_route=\/tribe\/events\/v1\/categories\/1831","collection":"https:\/\/telemme.mmsh.fr\/index.php?rest_route=\/tribe\/events\/v1\/categories"}}],"tags":[{"name":"1.3 \u2013 Fa\u00e7ons d\u2019\u00eatre","slug":"1-3-facons-detre","term_group":0,"term_taxonomy_id":1836,"taxonomy":"post_tag","description":"","parent":0,"count":17,"filter":"raw","id":1836,"urls":{"self":"https:\/\/telemme.mmsh.fr\/index.php?rest_route=\/tribe\/events\/v1\/tags\/1836","collection":"https:\/\/telemme.mmsh.fr\/index.php?rest_route=\/tribe\/events\/v1\/tags"}}],"venue":{"id":3550,"author":"6","status":"publish","date":"2021-01-22 10:21:34","date_utc":"2021-01-22 09:21:34","modified":"2022-02-16 16:11:43","modified_utc":"2022-02-16 15:11:43","url":"https:\/\/telemme.mmsh.fr\/?tribe_venue=salle-paul-albert-fevrier","venue":"Salle Paul-Albert F\u00e9vrier, MMSH, Aix-en-Provence","slug":"salle-paul-albert-fevrier","address":"MMSH, 5 rue du Ch\u00e2teau de l'Horloge","city":"Aix-en-Provence","country":"France","zip":"13090","json_ld":{"@type":"Place","name":"Salle Paul-Albert F\u00e9vrier, MMSH, Aix-en-Provence","description":"","url":"","address":{"@type":"PostalAddress","streetAddress":"MMSH, 5 rue du Ch\u00e2teau de l&#039;Horloge","addressLocality":"Aix-en-Provence","postalCode":"13090","addressCountry":"France"},"telephone":"","sameAs":""},"show_map":true,"show_map_link":true,"global_id":"telemme.mmsh.fr?id=3550","global_id_lineage":["telemme.mmsh.fr?id=3550"]},"organizer":[{"id":7149,"author":"7","status":"publish","date":"2021-04-16 12:31:46","date_utc":"2021-04-16 10:31:46","modified":"2021-07-15 16:41:30","modified_utc":"2021-07-15 14:41:30","url":"https:\/\/telemme.mmsh.fr\/?tribe_organizer=isabelle-renaudet","organizer":"Isabelle Renaudet","slug":"isabelle-renaudet","website":"https:\/\/telemme.mmsh.fr\/?membres=isabelle-renaudet","json_ld":{"@type":"Person","name":"Isabelle Renaudet","description":"","url":"https:\/\/telemme.mmsh.fr\/?membres=isabelle-renaudet","telephone":"","email":"","sameAs":"https:\/\/telemme.mmsh.fr\/?membres=isabelle-renaudet"},"global_id":"telemme.mmsh.fr?id=7149","global_id_lineage":["telemme.mmsh.fr?id=7149"]}],"custom_fields":[],"json_ld":{"@context":"http:\/\/schema.org","@type":"Event","name":"Autour de la figure des martyrs, Espagne, XV-XI\u00b0S.","description":"&lt;p&gt;Les deux communications interrogeront sur la longue dur\u00e9e les processus par lesquels on devient un martyr et les usages sociaux que cette figure suscite dans le cadre d\u2019une soci\u00e9t\u00e9 catholique&hellip;&nbsp;&lt;a href=&quot;https:\/\/telemme.mmsh.fr\/?tribe_events=seminaire-du-groupe-facons-detre-autour-de-la-figure-des-martyrs-espagne-xv-xis&quot; rel=&quot;bookmark&quot;&gt;Lire la suite &raquo;&lt;span class=&quot;screen-reader-text&quot;&gt;Autour de la figure des martyrs, Espagne, XV-XI\u00b0S.&lt;\/span&gt;&lt;\/a&gt;&lt;\/p&gt;\\n","image":"https:\/\/telemme.mmsh.fr\/wp-content\/uploads\/2022\/10\/Capture.png","url":"https:\/\/telemme.mmsh.fr\/?tribe_events=seminaire-du-groupe-facons-detre-autour-de-la-figure-des-martyrs-espagne-xv-xis","eventAttendanceMode":"https:\/\/schema.org\/OfflineEventAttendanceMode","eventStatus":"https:\/\/schema.org\/EventScheduled","startDate":"2023-01-25T09:30:00+01:00","endDate":"2023-01-25T12:00:00+01:00","location":{"@type":"Place","name":"Salle Paul-Albert F\u00e9vrier, MMSH, Aix-en-Provence","description":"","url":"","address":{"@type":"PostalAddress","streetAddress":"MMSH, 5 rue du Ch\u00e2teau de l&#039;Horloge","addressLocality":"Aix-en-Provence","postalCode":"13090","addressCountry":"France"},"telephone":"","sameAs":""},"organizer":{"@type":"Person","name":"Isabelle Renaudet","description":"","url":"https:\/\/telemme.mmsh.fr\/?membres=isabelle-renaudet","telephone":"","email":"","sameAs":"https:\/\/telemme.mmsh.fr\/?membres=isabelle-renaudet"},"performer":"Organization"}}