{"id":12188,"global_id":"telemme.mmsh.fr?id=12188","global_id_lineage":["telemme.mmsh.fr?id=12188"],"author":"175","status":"publish","date":"2022-12-05 14:28:09","date_utc":"2022-12-05 13:28:09","modified":"2022-12-05 14:28:09","modified_utc":"2022-12-05 13:28:09","url":"https:\/\/telemme.mmsh.fr\/?tribe_events=le-travail-dans-les-economies-et-les-societes-mediterraneennes","rest_url":"https:\/\/telemme.mmsh.fr\/index.php?rest_route=\/tribe\/events\/v1\/events\/12188","title":"Le travail dans les \u00e9conomies et les soci\u00e9t\u00e9s m\u00e9diterran\u00e9ennes","description":"<h3><strong>Autour du travail de la soie au XVIII<sup>e<\/sup> si\u00e8cle<\/strong><\/h3>\n<ul>\n<li><strong>L\u2019industrie de la soie et la mobilisation des ouvri\u00e8res en Languedoc au XVIII<sup>e<\/sup> si\u00e8cle<\/strong><\/li>\n<\/ul>\n<p><strong>Yuko Nakamatsu<\/strong> Universit\u00e9 Hokkai Gakuen<\/p>\n<ul>\n<li><strong>Une r\u00e9volte de qualit\u00e9\u00a0: le tumulte des tisserands de soie de C\u00f4me en 1790<\/strong><\/li>\n<\/ul>\n<p><strong>Lorenzo Avellino<\/strong> Universit\u00e9 de Gen\u00e8ve, Institut Bairoch<\/p>\n<p><a href=\"https:\/\/telemme.mmsh.fr\/?evenement=le-travail-dans-les-economies-et-les-societes-mediterraneennes\">Programme et r\u00e9sum\u00e9s<\/a><\/p>","excerpt":"<p>Autour du travail de la soie au XVIIIe si\u00e8cle<\/p>\n<p>    L\u2019industrie de la soie et la mobilisation des ouvri\u00e8res en Languedoc au XVIIIe si\u00e8cle<\/p>\n<p>Yuko Nakamatsu Universit\u00e9 Hokkai Gakuen<\/p>\n<p>    Une r\u00e9volte de qualit\u00e9\u00a0: le tumulte des tisserands de soie de C\u00f4me en 1790<\/p>\n<p>Lorenzo Avellino Universit\u00e9 de Gen\u00e8ve, Institut Bairoch<\/p>","slug":"le-travail-dans-les-economies-et-les-societes-mediterraneennes","image":{"url":"https:\/\/telemme.mmsh.fr\/wp-content\/uploads\/2022\/12\/Gravure-extraite-de-Jean-Baptiste-Le-Tellier-Memoires-et-instructions-pour-lestablissement-des-meuriers-et-art-de-faire-la-soye-en-France-Paris-1603-BNF-Gallica.jpg","id":12187,"extension":"jpg","width":1141,"height":800,"filesize":336491,"sizes":{"medium":{"width":300,"height":210,"mime-type":"image\/jpeg","filesize":19166,"url":"https:\/\/telemme.mmsh.fr\/wp-content\/uploads\/2022\/12\/Gravure-extraite-de-Jean-Baptiste-Le-Tellier-Memoires-et-instructions-pour-lestablissement-des-meuriers-et-art-de-faire-la-soye-en-France-Paris-1603-BNF-Gallica-300x210.jpg"},"large":{"width":1024,"height":718,"mime-type":"image\/jpeg","filesize":185293,"url":"https:\/\/telemme.mmsh.fr\/wp-content\/uploads\/2022\/12\/Gravure-extraite-de-Jean-Baptiste-Le-Tellier-Memoires-et-instructions-pour-lestablissement-des-meuriers-et-art-de-faire-la-soye-en-France-Paris-1603-BNF-Gallica-1024x718.jpg"},"thumbnail":{"width":150,"height":150,"mime-type":"image\/jpeg","filesize":7196,"url":"https:\/\/telemme.mmsh.fr\/wp-content\/uploads\/2022\/12\/Gravure-extraite-de-Jean-Baptiste-Le-Tellier-Memoires-et-instructions-pour-lestablissement-des-meuriers-et-art-de-faire-la-soye-en-France-Paris-1603-BNF-Gallica-150x150.jpg"},"medium_large":{"width":768,"height":538,"mime-type":"image\/jpeg","filesize":113286,"url":"https:\/\/telemme.mmsh.fr\/wp-content\/uploads\/2022\/12\/Gravure-extraite-de-Jean-Baptiste-Le-Tellier-Memoires-et-instructions-pour-lestablissement-des-meuriers-et-art-de-faire-la-soye-en-France-Paris-1603-BNF-Gallica-768x538.jpg"},"better-amp-small":{"width":100,"height":100,"mime-type":"image\/jpeg","filesize":3522,"url":"https:\/\/telemme.mmsh.fr\/wp-content\/uploads\/2022\/12\/Gravure-extraite-de-Jean-Baptiste-Le-Tellier-Memoires-et-instructions-pour-lestablissement-des-meuriers-et-art-de-faire-la-soye-en-France-Paris-1603-BNF-Gallica-100x100.jpg"},"better-amp-normal":{"width":260,"height":200,"mime-type":"image\/jpeg","filesize":15986,"url":"https:\/\/telemme.mmsh.fr\/wp-content\/uploads\/2022\/12\/Gravure-extraite-de-Jean-Baptiste-Le-Tellier-Memoires-et-instructions-pour-lestablissement-des-meuriers-et-art-de-faire-la-soye-en-France-Paris-1603-BNF-Gallica-260x200.jpg"},"better-amp-large":{"width":450,"height":300,"mime-type":"image\/jpeg","filesize":39802,"url":"https:\/\/telemme.mmsh.fr\/wp-content\/uploads\/2022\/12\/Gravure-extraite-de-Jean-Baptiste-Le-Tellier-Memoires-et-instructions-pour-lestablissement-des-meuriers-et-art-de-faire-la-soye-en-France-Paris-1603-BNF-Gallica-450x300.jpg"},"neve-blog":{"width":930,"height":620,"mime-type":"image\/jpeg","filesize":150625,"url":"https:\/\/telemme.mmsh.fr\/wp-content\/uploads\/2022\/12\/Gravure-extraite-de-Jean-Baptiste-Le-Tellier-Memoires-et-instructions-pour-lestablissement-des-meuriers-et-art-de-faire-la-soye-en-France-Paris-1603-BNF-Gallica-930x620.jpg"},"sow-carousel-default":{"width":272,"height":182,"mime-type":"image\/jpeg","filesize":14862,"url":"https:\/\/telemme.mmsh.fr\/wp-content\/uploads\/2022\/12\/Gravure-extraite-de-Jean-Baptiste-Le-Tellier-Memoires-et-instructions-pour-lestablissement-des-meuriers-et-art-de-faire-la-soye-en-France-Paris-1603-BNF-Gallica-272x182.jpg"}}},"all_day":false,"start_date":"2023-01-18 14:00:00","start_date_details":{"year":"2023","month":"01","day":"18","hour":"14","minutes":"00","seconds":"00"},"end_date":"2023-01-18 16:00:00","end_date_details":{"year":"2023","month":"01","day":"18","hour":"16","minutes":"00","seconds":"00"},"utc_start_date":"2023-01-18 13:00:00","utc_start_date_details":{"year":"2023","month":"01","day":"18","hour":"13","minutes":"00","seconds":"00"},"utc_end_date":"2023-01-18 15:00:00","utc_end_date_details":{"year":"2023","month":"01","day":"18","hour":"15","minutes":"00","seconds":"00"},"timezone":"Europe\/Paris","timezone_abbr":"CET","cost":"","cost_details":{"currency_symbol":"","currency_code":"","currency_position":"suffix","values":[]},"website":"","show_map":true,"show_map_link":true,"hide_from_listings":false,"sticky":false,"featured":false,"categories":[{"name":"S\u00e9minaire","slug":"seminaire","term_group":0,"term_taxonomy_id":1831,"taxonomy":"tribe_events_cat","description":"","parent":0,"count":140,"filter":"raw","id":1831,"urls":{"self":"https:\/\/telemme.mmsh.fr\/index.php?rest_route=\/tribe\/events\/v1\/categories\/1831","collection":"https:\/\/telemme.mmsh.fr\/index.php?rest_route=\/tribe\/events\/v1\/categories"}}],"tags":[{"name":"3.1 \u2013 Les \u00e9conomies m\u00e9diterran\u00e9ennes et leurs environnements","slug":"3-1-les-economies-mediterraneennes-et-leurs-environnements","term_group":0,"term_taxonomy_id":2069,"taxonomy":"post_tag","description":"","parent":0,"count":3,"filter":"raw","id":2069,"urls":{"self":"https:\/\/telemme.mmsh.fr\/index.php?rest_route=\/tribe\/events\/v1\/tags\/2069","collection":"https:\/\/telemme.mmsh.fr\/index.php?rest_route=\/tribe\/events\/v1\/tags"}}],"venue":{"id":3550,"author":"6","status":"publish","date":"2021-01-22 10:21:34","date_utc":"2021-01-22 09:21:34","modified":"2022-02-16 16:11:43","modified_utc":"2022-02-16 15:11:43","url":"https:\/\/telemme.mmsh.fr\/?tribe_venue=salle-paul-albert-fevrier","venue":"Salle Paul-Albert F\u00e9vrier, MMSH, Aix-en-Provence","slug":"salle-paul-albert-fevrier","address":"MMSH, 5 rue du Ch\u00e2teau de l'Horloge","city":"Aix-en-Provence","country":"France","zip":"13090","json_ld":{"@type":"Place","name":"Salle Paul-Albert F\u00e9vrier, MMSH, Aix-en-Provence","description":"","url":"","address":{"@type":"PostalAddress","streetAddress":"MMSH, 5 rue du Ch\u00e2teau de l&#039;Horloge","addressLocality":"Aix-en-Provence","postalCode":"13090","addressCountry":"France"},"telephone":"","sameAs":""},"show_map":true,"show_map_link":true,"global_id":"telemme.mmsh.fr?id=3550","global_id_lineage":["telemme.mmsh.fr?id=3550"]},"organizer":[{"id":9207,"author":"6","status":"publish","date":"2021-08-25 10:50:51","date_utc":"2021-08-25 08:50:51","modified":"2021-08-27 09:30:28","modified_utc":"2021-08-27 07:30:28","url":"https:\/\/telemme.mmsh.fr\/?tribe_organizer=anne-montenach","organizer":"Anne Montenach","slug":"anne-montenach","website":"https:\/\/telemme.mmsh.fr\/?membres=anne-montenach","json_ld":{"@type":"Person","name":"Anne Montenach","description":"","url":"https:\/\/telemme.mmsh.fr\/?membres=anne-montenach","telephone":"","email":"","sameAs":"https:\/\/telemme.mmsh.fr\/?membres=anne-montenach"},"global_id":"telemme.mmsh.fr?id=9207","global_id_lineage":["telemme.mmsh.fr?id=9207"]},{"id":9205,"author":"6","status":"publish","date":"2021-08-25 10:50:13","date_utc":"2021-08-25 08:50:13","modified":"2021-08-25 10:50:13","modified_utc":"2021-08-25 08:50:13","url":"https:\/\/telemme.mmsh.fr\/?tribe_organizer=olivier-raveux","organizer":"Olivier Raveux","slug":"olivier-raveux","website":"https:\/\/telemme.mmsh.fr\/?membres=olivier-raveux","json_ld":{"@type":"Person","name":"Olivier Raveux","description":"","url":"https:\/\/telemme.mmsh.fr\/?membres=olivier-raveux","telephone":"","email":"","sameAs":"https:\/\/telemme.mmsh.fr\/?membres=olivier-raveux"},"global_id":"telemme.mmsh.fr?id=9205","global_id_lineage":["telemme.mmsh.fr?id=9205"]}],"custom_fields":[],"json_ld":{"@context":"http:\/\/schema.org","@type":"Event","name":"Le travail dans les \u00e9conomies et les soci\u00e9t\u00e9s m\u00e9diterran\u00e9ennes","description":"&lt;p&gt;Autour du travail de la soie au XVIIIe si\u00e8cle&lt;\/p&gt;\\n&lt;p&gt;    L\u2019industrie de la soie et la mobilisation des ouvri\u00e8res en Languedoc au XVIIIe si\u00e8cle&lt;\/p&gt;\\n&lt;p&gt;Yuko Nakamatsu Universit\u00e9 Hokkai Gakuen&lt;\/p&gt;\\n&lt;p&gt;    Une r\u00e9volte de qualit\u00e9\u00a0: le tumulte des tisserands de soie de C\u00f4me en 1790&lt;\/p&gt;\\n&lt;p&gt;Lorenzo Avellino Universit\u00e9 de Gen\u00e8ve, Institut Bairoch&lt;\/p&gt;\\n","image":"https:\/\/telemme.mmsh.fr\/wp-content\/uploads\/2022\/12\/Gravure-extraite-de-Jean-Baptiste-Le-Tellier-Memoires-et-instructions-pour-lestablissement-des-meuriers-et-art-de-faire-la-soye-en-France-Paris-1603-BNF-Gallica.jpg","url":"https:\/\/telemme.mmsh.fr\/?tribe_events=le-travail-dans-les-economies-et-les-societes-mediterraneennes","eventAttendanceMode":"https:\/\/schema.org\/OfflineEventAttendanceMode","eventStatus":"https:\/\/schema.org\/EventScheduled","startDate":"2023-01-18T14:00:00+01:00","endDate":"2023-01-18T16:00:00+01:00","location":{"@type":"Place","name":"Salle Paul-Albert F\u00e9vrier, MMSH, Aix-en-Provence","description":"","url":"","address":{"@type":"PostalAddress","streetAddress":"MMSH, 5 rue du Ch\u00e2teau de l&#039;Horloge","addressLocality":"Aix-en-Provence","postalCode":"13090","addressCountry":"France"},"telephone":"","sameAs":""},"organizer":{"@type":"Person","name":"Anne Montenach","description":"","url":"https:\/\/telemme.mmsh.fr\/?membres=anne-montenach","telephone":"","email":"","sameAs":"https:\/\/telemme.mmsh.fr\/?membres=anne-montenach"},"performer":"Organization"}}