{"id":11507,"global_id":"telemme.mmsh.fr?id=11507","global_id_lineage":["telemme.mmsh.fr?id=11507"],"author":"6","status":"publish","date":"2022-09-09 11:39:41","date_utc":"2022-09-09 09:39:41","modified":"2022-10-03 12:00:31","modified_utc":"2022-10-03 10:00:31","url":"https:\/\/telemme.mmsh.fr\/?tribe_events=seminaire-facons-detre","rest_url":"https:\/\/telemme.mmsh.fr\/index.php?rest_route=\/tribe\/events\/v1\/events\/11507","title":"Corps noirs et m\u00e9decins blancs","description":"<p>La s\u00e9ance sera consacr\u00e9e \u00e0 l\u2019actualit\u00e9 \u00e9ditoriale et organis\u00e9e autour de l\u2019ouvrage de Delphine Peiretti-Courtis, Corps noirs et m\u00e9decins blancs. La fabrique du pr\u00e9jug\u00e9 racial, XIX-XXe si\u00e8cles paru en 2021. A la crois\u00e9e de l\u2019histoire du corps, de la m\u00e9decine et du genre, l\u2019ouvrage interroge la construction des th\u00e9ories raciales en lien avec le projet colonial. La s\u00e9ance sera anim\u00e9e par Francesca Arena, Ma\u00eetre assistante \u00e0 l\u2019iEH2, Institut \u00c9thique Histoire Humanit\u00e9s, Universit\u00e9 de Gen\u00e8ve.<\/p>\n<p><strong><a href=\"https:\/\/telemme.mmsh.fr\/?evenement=corps-noirs-et-medecins-blancs\">Programme complet<\/a><\/strong><\/p>","excerpt":"<p>La s\u00e9ance sera consacr\u00e9e \u00e0 l\u2019actualit\u00e9 \u00e9ditoriale et organis\u00e9e autour de l\u2019ouvrage de Delphine Peiretti-Courtis, Corps noirs et m\u00e9decins blancs. La fabrique du pr\u00e9jug\u00e9 racial, XIX-XXe si\u00e8cles paru en 2021. A la crois\u00e9e de l\u2019histoire du corps, de la m\u00e9decine et du genre, l\u2019ouvrage interroge la construction des th\u00e9ories raciales en lien avec le projet colonial. La s\u00e9ance sera anim\u00e9e par Francesca Arena, Ma\u00eetre assistante \u00e0 l\u2019iEH2, Institut \u00c9thique Histoire Humanit\u00e9s, Universit\u00e9 de Gen\u00e8ve.<\/p>","slug":"seminaire-facons-detre","image":{"url":"https:\/\/telemme.mmsh.fr\/wp-content\/uploads\/2021\/01\/Courbet-autoportait_light2.jpg","id":3657,"extension":"jpg","width":300,"height":359,"sizes":{"medium":{"width":251,"height":300,"mime-type":"image\/jpeg","url":"https:\/\/telemme.mmsh.fr\/wp-content\/uploads\/2021\/01\/Courbet-autoportait_light2-251x300.jpg"},"thumbnail":{"width":150,"height":150,"mime-type":"image\/jpeg","url":"https:\/\/telemme.mmsh.fr\/wp-content\/uploads\/2021\/01\/Courbet-autoportait_light2-150x150.jpg"},"better-amp-small":{"width":100,"height":100,"mime-type":"image\/jpeg","url":"https:\/\/telemme.mmsh.fr\/wp-content\/uploads\/2021\/01\/Courbet-autoportait_light2-100x100.jpg"},"better-amp-normal":{"width":260,"height":200,"mime-type":"image\/jpeg","url":"https:\/\/telemme.mmsh.fr\/wp-content\/uploads\/2021\/01\/Courbet-autoportait_light2-260x200.jpg"},"better-amp-large":{"width":300,"height":300,"mime-type":"image\/jpeg","url":"https:\/\/telemme.mmsh.fr\/wp-content\/uploads\/2021\/01\/Courbet-autoportait_light2-300x300.jpg"},"sow-carousel-default":{"width":272,"height":182,"mime-type":"image\/jpeg","url":"https:\/\/telemme.mmsh.fr\/wp-content\/uploads\/2021\/01\/Courbet-autoportait_light2-272x182.jpg"}}},"all_day":false,"start_date":"2022-10-12 10:00:00","start_date_details":{"year":"2022","month":"10","day":"12","hour":"10","minutes":"00","seconds":"00"},"end_date":"2022-10-12 12:00:00","end_date_details":{"year":"2022","month":"10","day":"12","hour":"12","minutes":"00","seconds":"00"},"utc_start_date":"2022-10-12 08:00:00","utc_start_date_details":{"year":"2022","month":"10","day":"12","hour":"08","minutes":"00","seconds":"00"},"utc_end_date":"2022-10-12 10:00:00","utc_end_date_details":{"year":"2022","month":"10","day":"12","hour":"10","minutes":"00","seconds":"00"},"timezone":"Europe\/Paris","timezone_abbr":"CEST","cost":"","cost_details":{"currency_symbol":"","currency_code":"","currency_position":"suffix","values":[]},"website":"","show_map":true,"show_map_link":true,"hide_from_listings":false,"sticky":false,"featured":false,"categories":[{"name":"S\u00e9minaire","slug":"seminaire","term_group":0,"term_taxonomy_id":1831,"taxonomy":"tribe_events_cat","description":"","parent":0,"count":140,"filter":"raw","id":1831,"urls":{"self":"https:\/\/telemme.mmsh.fr\/index.php?rest_route=\/tribe\/events\/v1\/categories\/1831","collection":"https:\/\/telemme.mmsh.fr\/index.php?rest_route=\/tribe\/events\/v1\/categories"}}],"tags":[{"name":"1.3 \u2013 Fa\u00e7ons d\u2019\u00eatre","slug":"1-3-facons-detre","term_group":0,"term_taxonomy_id":1836,"taxonomy":"post_tag","description":"","parent":0,"count":17,"filter":"raw","id":1836,"urls":{"self":"https:\/\/telemme.mmsh.fr\/index.php?rest_route=\/tribe\/events\/v1\/tags\/1836","collection":"https:\/\/telemme.mmsh.fr\/index.php?rest_route=\/tribe\/events\/v1\/tags"}}],"venue":{"id":3550,"author":"6","status":"publish","date":"2021-01-22 10:21:34","date_utc":"2021-01-22 09:21:34","modified":"2022-02-16 16:11:43","modified_utc":"2022-02-16 15:11:43","url":"https:\/\/telemme.mmsh.fr\/?tribe_venue=salle-paul-albert-fevrier","venue":"Salle Paul-Albert F\u00e9vrier, MMSH, Aix-en-Provence","slug":"salle-paul-albert-fevrier","address":"MMSH, 5 rue du Ch\u00e2teau de l'Horloge","city":"Aix-en-Provence","country":"France","zip":"13090","json_ld":{"@type":"Place","name":"Salle Paul-Albert F\u00e9vrier, MMSH, Aix-en-Provence","description":"","url":"","address":{"@type":"PostalAddress","streetAddress":"MMSH, 5 rue du Ch\u00e2teau de l&#039;Horloge","addressLocality":"Aix-en-Provence","postalCode":"13090","addressCountry":"France"},"telephone":"","sameAs":""},"show_map":true,"show_map_link":true,"global_id":"telemme.mmsh.fr?id=3550","global_id_lineage":["telemme.mmsh.fr?id=3550"]},"organizer":[{"id":7149,"author":"7","status":"publish","date":"2021-04-16 12:31:46","date_utc":"2021-04-16 10:31:46","modified":"2021-07-15 16:41:30","modified_utc":"2021-07-15 14:41:30","url":"https:\/\/telemme.mmsh.fr\/?tribe_organizer=isabelle-renaudet","organizer":"Isabelle Renaudet","slug":"isabelle-renaudet","website":"https:\/\/telemme.mmsh.fr\/?membres=isabelle-renaudet","json_ld":{"@type":"Person","name":"Isabelle Renaudet","description":"","url":"https:\/\/telemme.mmsh.fr\/?membres=isabelle-renaudet","telephone":"","email":"","sameAs":"https:\/\/telemme.mmsh.fr\/?membres=isabelle-renaudet"},"global_id":"telemme.mmsh.fr?id=7149","global_id_lineage":["telemme.mmsh.fr?id=7149"]},{"id":7084,"author":"7","status":"publish","date":"2021-04-16 10:30:21","date_utc":"2021-04-16 08:30:21","modified":"2021-04-16 10:30:21","modified_utc":"2021-04-16 08:30:21","url":"https:\/\/telemme.mmsh.fr\/?tribe_organizer=damien-boquet","organizer":"Damien Boquet","slug":"damien-boquet","json_ld":{"@type":"Person","name":"Damien Boquet","description":"","url":"","telephone":"","email":"","sameAs":""},"global_id":"telemme.mmsh.fr?id=7084","global_id_lineage":["telemme.mmsh.fr?id=7084"]}],"custom_fields":[],"json_ld":{"@context":"http:\/\/schema.org","@type":"Event","name":"Corps noirs et m\u00e9decins blancs","description":"&lt;p&gt;La s\u00e9ance sera consacr\u00e9e \u00e0 l\u2019actualit\u00e9 \u00e9ditoriale et organis\u00e9e autour de l\u2019ouvrage de Delphine Peiretti-Courtis, Corps noirs et m\u00e9decins blancs. La fabrique du pr\u00e9jug\u00e9 racial, XIX-XXe si\u00e8cles paru en 2021. A la crois\u00e9e de l\u2019histoire du corps, de la m\u00e9decine et du genre, l\u2019ouvrage interroge la construction des th\u00e9ories raciales en lien avec le projet colonial. La s\u00e9ance sera anim\u00e9e par Francesca Arena, Ma\u00eetre assistante \u00e0 l\u2019iEH2, Institut \u00c9thique Histoire Humanit\u00e9s, Universit\u00e9 de Gen\u00e8ve.&lt;\/p&gt;\\n","image":"https:\/\/telemme.mmsh.fr\/wp-content\/uploads\/2021\/01\/Courbet-autoportait_light2.jpg","url":"https:\/\/telemme.mmsh.fr\/?tribe_events=seminaire-facons-detre","eventAttendanceMode":"https:\/\/schema.org\/OfflineEventAttendanceMode","eventStatus":"https:\/\/schema.org\/EventScheduled","startDate":"2022-10-12T10:00:00+02:00","endDate":"2022-10-12T12:00:00+02:00","location":{"@type":"Place","name":"Salle Paul-Albert F\u00e9vrier, MMSH, Aix-en-Provence","description":"","url":"","address":{"@type":"PostalAddress","streetAddress":"MMSH, 5 rue du Ch\u00e2teau de l&#039;Horloge","addressLocality":"Aix-en-Provence","postalCode":"13090","addressCountry":"France"},"telephone":"","sameAs":""},"organizer":{"@type":"Person","name":"Isabelle Renaudet","description":"","url":"https:\/\/telemme.mmsh.fr\/?membres=isabelle-renaudet","telephone":"","email":"","sameAs":"https:\/\/telemme.mmsh.fr\/?membres=isabelle-renaudet"},"performer":"Organization"}}