{"id":11387,"global_id":"telemme.mmsh.fr?id=11387","global_id_lineage":["telemme.mmsh.fr?id=11387"],"author":"6","status":"publish","date":"2022-08-30 10:33:38","date_utc":"2022-08-30 08:33:38","modified":"2022-09-16 16:58:11","modified_utc":"2022-09-16 14:58:11","url":"https:\/\/telemme.mmsh.fr\/?tribe_events=histoire-longue-du-territoire-marseillais","rest_url":"https:\/\/telemme.mmsh.fr\/index.php?rest_route=\/tribe\/events\/v1\/events\/11387","title":"Le territoire marseillais, une histoire longue","description":"<p>Une journ\u00e9e d&rsquo;\u00e9tude consacr\u00e9e \u00e0 l\u2019histoire longue du territoire marseillais organis\u00e9e par quatre jeunes chercheurs : <strong>R\u00e9mi Grisal, Florie Imbert-P\u00e9lissier, Thibault Bechini et Pierre Vey<\/strong>.<\/p>\n<p>L\u2019ambition de cette journ\u00e9e est d\u2019ouvrir des perspectives de recherche sur les dynamiques qui ont pu structurer l\u2019espace marseillais de sorte \u00e0 le doter des traits le constituant comme un territoire. Cette journ\u00e9e propose de poser les bases d\u2019un dialogue d\u00e9passant les bornes chronologiques classiques autant \u00e0 cause d\u2019un objet, le territoire, dont les temporalit\u00e9s s\u2019expriment dans la longue dur\u00e9e, que du cadre, Marseille, une zone de peuplement marqu\u00e9e par une centralit\u00e9 urbaine multi-mill\u00e9naire. A l\u2019int\u00e9rieur de cette zone de peuplement, le \u201cterroir\u201d, vaste bassin qui enserre le Lacydon de la cit\u00e9 originelle, repr\u00e9sente un terrain d\u2019enqu\u00eate privil\u00e9gi\u00e9 du fait de sa superficie et de sa complexit\u00e9 topographique, dont on questionnera les limites et les subdivisions, \u00e0 la fois celles que forgent les institutions et celles qui naissent des appropriations ordinaires des lieux. De fait, le rapport \u2013 qu\u2019il s\u2019agisse de diff\u00e9renciation, d\u2019int\u00e9gration, depolarisation ou de conflits \u2013 entre ce terroir et les communaut\u00e9s environnantes (Allauch, Les Pennes, Sept\u00e8mes, etc.) ou le centre urbain m\u00e9rite d\u2019\u00eatre interrog\u00e9.<\/p>\n<p><a href=\"https:\/\/telemme.mmsh.fr\/?evenement=le-territoire-marseillais-une-histoire-longue\"><strong>Programme complet<\/strong><\/a><\/p>","excerpt":"","slug":"histoire-longue-du-territoire-marseillais","image":{"url":"https:\/\/telemme.mmsh.fr\/wp-content\/uploads\/2022\/09\/Terroir_ville_port_et_rade_..._btv1b53062315j_1.jpeg","id":11522,"extension":"jpeg","width":1075,"height":702,"filesize":343036,"sizes":{"medium":{"width":300,"height":196,"mime-type":"image\/jpeg","filesize":28097,"url":"https:\/\/telemme.mmsh.fr\/wp-content\/uploads\/2022\/09\/Terroir_ville_port_et_rade_..._btv1b53062315j_1-300x196.jpeg"},"large":{"width":1024,"height":669,"mime-type":"image\/jpeg","filesize":209276,"url":"https:\/\/telemme.mmsh.fr\/wp-content\/uploads\/2022\/09\/Terroir_ville_port_et_rade_..._btv1b53062315j_1-1024x669.jpeg"},"thumbnail":{"width":150,"height":150,"mime-type":"image\/jpeg","filesize":18329,"url":"https:\/\/telemme.mmsh.fr\/wp-content\/uploads\/2022\/09\/Terroir_ville_port_et_rade_..._btv1b53062315j_1-150x150.jpeg"},"medium_large":{"width":768,"height":502,"mime-type":"image\/jpeg","filesize":122365,"url":"https:\/\/telemme.mmsh.fr\/wp-content\/uploads\/2022\/09\/Terroir_ville_port_et_rade_..._btv1b53062315j_1-768x502.jpeg"},"better-amp-small":{"width":100,"height":100,"mime-type":"image\/jpeg","filesize":15218,"url":"https:\/\/telemme.mmsh.fr\/wp-content\/uploads\/2022\/09\/Terroir_ville_port_et_rade_..._btv1b53062315j_1-100x100.jpeg"},"better-amp-normal":{"width":260,"height":200,"mime-type":"image\/jpeg","filesize":26042,"url":"https:\/\/telemme.mmsh.fr\/wp-content\/uploads\/2022\/09\/Terroir_ville_port_et_rade_..._btv1b53062315j_1-260x200.jpeg"},"better-amp-large":{"width":450,"height":300,"mime-type":"image\/jpeg","filesize":49377,"url":"https:\/\/telemme.mmsh.fr\/wp-content\/uploads\/2022\/09\/Terroir_ville_port_et_rade_..._btv1b53062315j_1-450x300.jpeg"},"neve-blog":{"width":930,"height":620,"mime-type":"image\/jpeg","filesize":179109,"url":"https:\/\/telemme.mmsh.fr\/wp-content\/uploads\/2022\/09\/Terroir_ville_port_et_rade_..._btv1b53062315j_1-930x620.jpeg"},"sow-carousel-default":{"width":272,"height":182,"mime-type":"image\/jpeg","filesize":25379,"url":"https:\/\/telemme.mmsh.fr\/wp-content\/uploads\/2022\/09\/Terroir_ville_port_et_rade_..._btv1b53062315j_1-272x182.jpeg"}}},"all_day":false,"start_date":"2022-09-30 09:00:00","start_date_details":{"year":"2022","month":"09","day":"30","hour":"09","minutes":"00","seconds":"00"},"end_date":"2022-09-30 17:00:00","end_date_details":{"year":"2022","month":"09","day":"30","hour":"17","minutes":"00","seconds":"00"},"utc_start_date":"2022-09-30 07:00:00","utc_start_date_details":{"year":"2022","month":"09","day":"30","hour":"07","minutes":"00","seconds":"00"},"utc_end_date":"2022-09-30 15:00:00","utc_end_date_details":{"year":"2022","month":"09","day":"30","hour":"15","minutes":"00","seconds":"00"},"timezone":"Europe\/Paris","timezone_abbr":"CEST","cost":"","cost_details":{"currency_symbol":"","currency_code":"","currency_position":"suffix","values":[]},"website":"","show_map":true,"show_map_link":true,"hide_from_listings":false,"sticky":false,"featured":false,"categories":[{"name":"Journ\u00e9e d'\u00e9tudes","slug":"journee-detudes","term_group":0,"term_taxonomy_id":1823,"taxonomy":"tribe_events_cat","description":"","parent":0,"count":84,"filter":"raw","id":1823,"urls":{"self":"https:\/\/telemme.mmsh.fr\/index.php?rest_route=\/tribe\/events\/v1\/categories\/1823","collection":"https:\/\/telemme.mmsh.fr\/index.php?rest_route=\/tribe\/events\/v1\/categories"}}],"tags":[{"name":"Marseille","slug":"marseille","term_group":0,"term_taxonomy_id":1926,"taxonomy":"post_tag","description":"","parent":0,"count":12,"filter":"raw","id":1926,"urls":{"self":"https:\/\/telemme.mmsh.fr\/index.php?rest_route=\/tribe\/events\/v1\/tags\/1926","collection":"https:\/\/telemme.mmsh.fr\/index.php?rest_route=\/tribe\/events\/v1\/tags"}}],"venue":{"id":7207,"author":"7","status":"publish","date":"2021-04-16 16:18:09","date_utc":"2021-04-16 14:18:09","modified":"2021-04-16 16:18:09","modified_utc":"2021-04-16 14:18:09","url":"https:\/\/telemme.mmsh.fr\/?tribe_venue=archives-municipales-de-marseille","venue":"Archives Municipales de Marseille","slug":"archives-municipales-de-marseille","address":"10 Rue Clovis Hugues","city":"Marseille","country":"France","zip":"13003","json_ld":{"@type":"Place","name":"Archives Municipales de Marseille","description":"","url":"","address":{"@type":"PostalAddress","streetAddress":"10 Rue Clovis Hugues","addressLocality":"Marseille","postalCode":"13003","addressCountry":"France"},"telephone":"","sameAs":""},"show_map":true,"show_map_link":true,"global_id":"telemme.mmsh.fr?id=7207","global_id_lineage":["telemme.mmsh.fr?id=7207"]},"organizer":[{"id":7759,"author":"7","status":"publish","date":"2021-04-22 09:48:46","date_utc":"2021-04-22 07:48:46","modified":"2021-04-22 09:48:46","modified_utc":"2021-04-22 07:48:46","url":"https:\/\/telemme.mmsh.fr\/?tribe_organizer=remi-grisal","organizer":"R\u00e9mi Grisal","slug":"remi-grisal","json_ld":{"@type":"Person","name":"R\u00e9mi Grisal","description":"","url":"","telephone":"","email":"","sameAs":""},"global_id":"telemme.mmsh.fr?id=7759","global_id_lineage":["telemme.mmsh.fr?id=7759"]},{"id":7230,"author":"7","status":"publish","date":"2021-04-16 17:25:03","date_utc":"2021-04-16 15:25:03","modified":"2021-04-16 17:25:03","modified_utc":"2021-04-16 15:25:03","url":"https:\/\/telemme.mmsh.fr\/?tribe_organizer=florie-imbert-pellissier","organizer":"Florie Imbert-Pellissier","slug":"florie-imbert-pellissier","json_ld":{"@type":"Person","name":"Florie Imbert-Pellissier","description":"","url":"","telephone":"","email":"","sameAs":""},"global_id":"telemme.mmsh.fr?id=7230","global_id_lineage":["telemme.mmsh.fr?id=7230"]},{"id":11389,"author":"6","status":"draft","date":"2022-08-30 10:32:50","date_utc":"0000-00-00 00:00:00","modified":"2022-08-30 10:32:50","modified_utc":"0000-00-00 00:00:00","url":"https:\/\/telemme.mmsh.fr\/?post_type=tribe_organizer&p=11389","organizer":"Thibault Bechini","slug":"thibault-bechini","website":"http:\/\/mondes-americains.ehess.fr\/index.php?1341","global_id":"telemme.mmsh.fr?id=11389","global_id_lineage":["telemme.mmsh.fr?id=11389"]},{"id":11390,"author":"6","status":"draft","date":"2022-08-30 10:32:50","date_utc":"0000-00-00 00:00:00","modified":"2022-08-30 10:32:50","modified_utc":"0000-00-00 00:00:00","url":"https:\/\/telemme.mmsh.fr\/?post_type=tribe_organizer&p=11390","organizer":"Pierre Vey","slug":"pierre-vey","website":"https:\/\/www.chartes.psl.eu\/fr\/pierre-vey","global_id":"telemme.mmsh.fr?id=11390","global_id_lineage":["telemme.mmsh.fr?id=11390"]}],"custom_fields":[],"json_ld":{"@context":"http:\/\/schema.org","@type":"Event","name":"Le territoire marseillais, une histoire longue","description":"&lt;p&gt;Une journ\u00e9e d\\'\u00e9tude consacr\u00e9e \u00e0 l\u2019histoire longue du territoire marseillais organis\u00e9e par quatre jeunes chercheurs : R\u00e9mi Grisal, Florie Imbert-P\u00e9lissier, Thibault Bechini et Pierre Vey. L\u2019ambition de cette journ\u00e9e est&hellip;&nbsp;&lt;a href=&quot;https:\/\/telemme.mmsh.fr\/?tribe_events=histoire-longue-du-territoire-marseillais&quot; rel=&quot;bookmark&quot;&gt;Lire la suite &raquo;&lt;span class=&quot;screen-reader-text&quot;&gt;Le territoire marseillais, une histoire longue&lt;\/span&gt;&lt;\/a&gt;&lt;\/p&gt;\\n","image":"https:\/\/telemme.mmsh.fr\/wp-content\/uploads\/2022\/09\/Terroir_ville_port_et_rade_..._btv1b53062315j_1.jpeg","url":"https:\/\/telemme.mmsh.fr\/?tribe_events=histoire-longue-du-territoire-marseillais","eventAttendanceMode":"https:\/\/schema.org\/OfflineEventAttendanceMode","eventStatus":"https:\/\/schema.org\/EventScheduled","startDate":"2022-09-30T09:00:00+02:00","endDate":"2022-09-30T17:00:00+02:00","location":{"@type":"Place","name":"Archives Municipales de Marseille","description":"","url":"","address":{"@type":"PostalAddress","streetAddress":"10 Rue Clovis Hugues","addressLocality":"Marseille","postalCode":"13003","addressCountry":"France"},"telephone":"","sameAs":""},"organizer":{"@type":"Person","name":"R\u00e9mi Grisal","description":"","url":"","telephone":"","email":"","sameAs":""},"performer":"Organization"}}