{"id":11306,"global_id":"telemme.mmsh.fr?id=11306","global_id_lineage":["telemme.mmsh.fr?id=11306"],"author":"6","status":"publish","date":"2022-07-13 13:18:23","date_utc":"2022-07-13 11:18:23","modified":"2022-10-20 12:10:01","modified_utc":"2022-10-20 10:10:01","url":"https:\/\/telemme.mmsh.fr\/?tribe_events=journee-dhommage-a-bernard-morel","rest_url":"https:\/\/telemme.mmsh.fr\/index.php?rest_route=\/tribe\/events\/v1\/events\/11306","title":"Journ\u00e9e d\u2019hommage \u00e0 Bernard Morel","description":"<p>Journ\u00e9e organis\u00e9e par la Maison m\u00e9diterran\u00e9enne des sciences de l\u2019homme (MMSH) et le laboratoire Temps espace, Langages, Europe m\u00e9ridionale, M\u00e9diterran\u00e9e (TELEMMe).<\/p>\n<p><strong>Coordination scientifique<\/strong> : Sylvie DAVIET, Xavier DAUMALIN et Nicole GIRARD<\/p>\n<p><strong>Avec le concours pr\u00e9cieux de <\/strong>Myriame Morel-Deledalle<\/p>\n<p><strong>Journ\u00e9e organis\u00e9e avec le soutien de<\/strong><\/p>\n<ul>\n<li>Aix-Marseille Universit\u00e9 (AMU)<\/li>\n<li>Maison m\u00e9diterran\u00e9enne des sciences de l\u2019homme (MMSH)<\/li>\n<li>Temps, espaces, langages, Europe m\u00e9ridionale, M\u00e9diterran\u00e9e (TELEMMe)<\/li>\n<\/ul>\n<p><strong>Captation<\/strong> : Les Films du Papillon<\/p>\n<p>Streaming : <a href=\"https:\/\/youtu.be\/_scE4qere6o\">https:\/\/youtu.be\/_scE4qere6o<\/a><\/p>\n<p><a href=\"https:\/\/telemme.mmsh.fr\/?p=11542\"><strong>Plus d&rsquo;informations<\/strong><\/a><\/p>","excerpt":"","slug":"journee-dhommage-a-bernard-morel","image":{"url":"https:\/\/telemme.mmsh.fr\/wp-content\/uploads\/2022\/07\/Morel-Bernard.jpg","id":11320,"extension":"jpg","width":266,"height":250,"filesize":10616,"sizes":{"thumbnail":{"width":150,"height":150,"mime-type":"image\/jpeg","filesize":4397,"url":"https:\/\/telemme.mmsh.fr\/wp-content\/uploads\/2022\/07\/Morel-Bernard-150x150.jpg"},"better-amp-small":{"width":100,"height":100,"mime-type":"image\/jpeg","filesize":2595,"url":"https:\/\/telemme.mmsh.fr\/wp-content\/uploads\/2022\/07\/Morel-Bernard-100x100.jpg"},"better-amp-normal":{"width":260,"height":200,"mime-type":"image\/jpeg","filesize":7429,"url":"https:\/\/telemme.mmsh.fr\/wp-content\/uploads\/2022\/07\/Morel-Bernard-260x200.jpg"},"sow-carousel-default":{"width":266,"height":182,"mime-type":"image\/jpeg","filesize":6850,"url":"https:\/\/telemme.mmsh.fr\/wp-content\/uploads\/2022\/07\/Morel-Bernard-266x182.jpg"},"meta-slider-resized-266x88":{"width":266,"height":88,"mime-type":"image\/jpeg","filesize":2997,"url":"https:\/\/telemme.mmsh.fr\/wp-content\/uploads\/2022\/07\/Morel-Bernard-266x88.jpg"}}},"all_day":false,"start_date":"2022-10-21 09:00:00","start_date_details":{"year":"2022","month":"10","day":"21","hour":"09","minutes":"00","seconds":"00"},"end_date":"2022-10-21 17:00:00","end_date_details":{"year":"2022","month":"10","day":"21","hour":"17","minutes":"00","seconds":"00"},"utc_start_date":"2022-10-21 07:00:00","utc_start_date_details":{"year":"2022","month":"10","day":"21","hour":"07","minutes":"00","seconds":"00"},"utc_end_date":"2022-10-21 15:00:00","utc_end_date_details":{"year":"2022","month":"10","day":"21","hour":"15","minutes":"00","seconds":"00"},"timezone":"Europe\/Paris","timezone_abbr":"CEST","cost":"","cost_details":{"currency_symbol":"","currency_code":"","currency_position":"suffix","values":[]},"website":"","show_map":true,"show_map_link":true,"hide_from_listings":false,"sticky":false,"featured":false,"categories":[{"name":"Journ\u00e9e d'\u00e9tudes","slug":"journee-detudes","term_group":0,"term_taxonomy_id":1823,"taxonomy":"tribe_events_cat","description":"","parent":0,"count":84,"filter":"raw","id":1823,"urls":{"self":"https:\/\/telemme.mmsh.fr\/index.php?rest_route=\/tribe\/events\/v1\/categories\/1823","collection":"https:\/\/telemme.mmsh.fr\/index.php?rest_route=\/tribe\/events\/v1\/categories"}}],"tags":[{"name":"Bernard Morel","slug":"bernard-morel","term_group":0,"term_taxonomy_id":2507,"taxonomy":"post_tag","description":"","parent":0,"count":2,"filter":"raw","id":2507,"urls":{"self":"https:\/\/telemme.mmsh.fr\/index.php?rest_route=\/tribe\/events\/v1\/tags\/2507","collection":"https:\/\/telemme.mmsh.fr\/index.php?rest_route=\/tribe\/events\/v1\/tags"}}],"venue":{"id":11172,"author":"6","status":"publish","date":"2022-06-01 10:24:52","date_utc":"2022-06-01 08:24:52","modified":"2022-06-01 10:24:52","modified_utc":"2022-06-01 08:24:52","url":"https:\/\/telemme.mmsh.fr\/?tribe_venue=amphitheatre-mmsh-aix-en-provence","venue":"Amphith\u00e9\u00e2tre &#8211; MMSH, Aix-en-Provence","slug":"amphitheatre-mmsh-aix-en-provence","address":"MMSH, 5 rue Ch\u00e2teau de l'Horloge","city":"Aix-en-Provence","country":"France","zip":"13090","json_ld":{"@type":"Place","name":"Amphith\u00e9\u00e2tre &#8211; MMSH, Aix-en-Provence","description":"","url":"","address":{"@type":"PostalAddress","streetAddress":"MMSH, 5 rue Ch\u00e2teau de l&#039;Horloge","addressLocality":"Aix-en-Provence","postalCode":"13090","addressCountry":"France"},"telephone":"","sameAs":""},"show_map":true,"show_map_link":true,"global_id":"telemme.mmsh.fr?id=11172","global_id_lineage":["telemme.mmsh.fr?id=11172"]},"organizer":[{"id":9275,"author":"6","status":"publish","date":"2021-09-28 12:31:07","date_utc":"2021-09-28 10:31:07","modified":"2021-09-28 12:31:07","modified_utc":"2021-09-28 10:31:07","url":"https:\/\/telemme.mmsh.fr\/?tribe_organizer=xavier-daumalin","organizer":"Xavier Daumalin","slug":"xavier-daumalin","website":"https:\/\/telemme.mmsh.fr\/?membres=xavier-daumalin","json_ld":{"@type":"Person","name":"Xavier Daumalin","description":"","url":"https:\/\/telemme.mmsh.fr\/?membres=xavier-daumalin","telephone":"","email":"","sameAs":"https:\/\/telemme.mmsh.fr\/?membres=xavier-daumalin"},"global_id":"telemme.mmsh.fr?id=9275","global_id_lineage":["telemme.mmsh.fr?id=9275"]},{"id":11318,"author":"6","status":"publish","date":"2022-07-13 13:15:07","date_utc":"0000-00-00 00:00:00","modified":"2022-07-13 13:15:07","modified_utc":"0000-00-00 00:00:00","url":"https:\/\/telemme.mmsh.fr\/?tribe_organizer=sylvie-daviet","organizer":"Sylvie Daviet","slug":"sylvie-daviet","website":"https:\/\/telemme.mmsh.fr\/?membres=sylvie-daviet","json_ld":{"@type":"Person","name":"Sylvie Daviet","description":"","url":"https:\/\/telemme.mmsh.fr\/?membres=sylvie-daviet","telephone":"","email":"","sameAs":"https:\/\/telemme.mmsh.fr\/?membres=sylvie-daviet"},"global_id":"telemme.mmsh.fr?id=11318","global_id_lineage":["telemme.mmsh.fr?id=11318"]},{"id":11319,"author":"6","status":"draft","date":"2022-07-13 13:15:07","date_utc":"0000-00-00 00:00:00","modified":"2022-07-13 13:15:07","modified_utc":"0000-00-00 00:00:00","url":"https:\/\/telemme.mmsh.fr\/?post_type=tribe_organizer&p=11319","organizer":"Nicole Girard","slug":"nicole-girard","global_id":"telemme.mmsh.fr?id=11319","global_id_lineage":["telemme.mmsh.fr?id=11319"]}],"custom_fields":[],"json_ld":{"@context":"http:\/\/schema.org","@type":"Event","name":"Journ\u00e9e d\u2019hommage \u00e0 Bernard Morel","description":"&lt;p&gt;Journ\u00e9e organis\u00e9e par la Maison m\u00e9diterran\u00e9enne des sciences de l\u2019homme (MMSH) et le laboratoire Temps espace, Langages, Europe m\u00e9ridionale, M\u00e9diterran\u00e9e (TELEMMe). Coordination scientifique : Sylvie DAVIET, Xavier DAUMALIN et Nicole&hellip;&nbsp;&lt;a href=&quot;https:\/\/telemme.mmsh.fr\/?tribe_events=journee-dhommage-a-bernard-morel&quot; rel=&quot;bookmark&quot;&gt;Lire la suite &raquo;&lt;span class=&quot;screen-reader-text&quot;&gt;Journ\u00e9e d\u2019hommage \u00e0 Bernard Morel&lt;\/span&gt;&lt;\/a&gt;&lt;\/p&gt;\\n","image":"https:\/\/telemme.mmsh.fr\/wp-content\/uploads\/2022\/07\/Morel-Bernard.jpg","url":"https:\/\/telemme.mmsh.fr\/?tribe_events=journee-dhommage-a-bernard-morel","eventAttendanceMode":"https:\/\/schema.org\/OnlineEventAttendanceMode","eventStatus":"https:\/\/schema.org\/EventScheduled","startDate":"2022-10-21T09:00:00+02:00","endDate":"2022-10-21T17:00:00+02:00","location":{"@type":"VirtualLocation","url":"https:\/\/youtu.be\/_scE4qere6o"},"organizer":{"@type":"Person","name":"Xavier Daumalin","description":"","url":"https:\/\/telemme.mmsh.fr\/?membres=xavier-daumalin","telephone":"","email":"","sameAs":"https:\/\/telemme.mmsh.fr\/?membres=xavier-daumalin"},"performer":"Organization"},"event_status":"","event_status_reason":null,"is_online":true,"online_url":"https:\/\/youtu.be\/_scE4qere6o"}