{"id":11048,"global_id":"telemme.mmsh.fr?id=11048","global_id_lineage":["telemme.mmsh.fr?id=11048"],"author":"6","status":"publish","date":"2022-04-29 10:49:23","date_utc":"2022-04-29 08:49:23","modified":"2022-05-10 16:17:43","modified_utc":"2022-05-10 14:17:43","url":"https:\/\/telemme.mmsh.fr\/?tribe_events=les-juifs-les-musulmans-et-la-france-pour-dautres-recits","rest_url":"https:\/\/telemme.mmsh.fr\/index.php?rest_route=\/tribe\/events\/v1\/events\/11048","title":"Les juifs, les musulmans et la France.  Pour d\u2019autres r\u00e9cits","description":"<p>Journ\u00e9e d&rsquo;\u00e9tudes organis\u00e9e par Karima Dir\u00e8che au Mucem, dans le prolongement de l&rsquo;exposition <a href=\"https:\/\/telemme.mmsh.fr\/?p=10946\"><em>Juifs et musulmans de la France coloniale \u00e0 nos jours<\/em><\/a>, au MNHI.<\/p>\n<p>Souvent pr\u00e9sent\u00e9e \u00e0 travers le prisme d\u2019un conflit h\u00e9r\u00e9ditaire entre deux populations, voire deux fr\u00e8res ennemis, l\u2019histoire des relations entre juifs et musulmans a longtemps p\u00e2ti d\u2019une vision partielle et partiale dans l\u2019opinion publique et m\u00e9diatique. Ces relations s\u2019av\u00e8rent pourtant bien plus complexes, et les d\u00e9bats qu\u2019elles g\u00e9n\u00e8rent ont tendance \u00e0 \u00e9luder le r\u00f4le de la France et de l\u2019\u00c9tat, essentiel dans la transformation de ces relations, tant en Afrique du Nord qu\u2019en France m\u00e9tropolitaine.<\/p>\n<p>Inscrite dans la dynamique de l\u2019exposition <a href=\"https:\/\/telemme.mmsh.fr\/?p=10946\"><em>Juifs et musulmans de France. De l\u2019Empire \u00e0 l\u2019Hexagone<\/em><\/a> inaugur\u00e9e le 4 avril au palais de la Porte Dor\u00e9e (Paris), cette journ\u00e9e d\u2019\u00e9tude souhaite contribuer \u00e0 l\u2019\u00e9clairage d\u2019une histoire et de ses acteurs dans ses circulations (du Maghreb colonial \u00e0 la France m\u00e9tropolitaine). Au rebours des grandes narrations qui se sont impos\u00e9es, elle privil\u00e9giera la d\u00e9marche micro en donnant la parole aux m\u00e9moires intimes et personnelles, et en analysant les r\u00e9cits alternatifs qui racontent une histoire partag\u00e9e, marqu\u00e9e par les rapprochements et les ruptures.<\/p>\n<p><a href=\"https:\/\/telemme.mmsh.fr\/?evenement=les-juifs-les-musulmans-et-la-france-pour-dautres-recits\"><strong>Programme complet<\/strong><\/a><\/p>","excerpt":"","slug":"les-juifs-les-musulmans-et-la-france-pour-dautres-recits","image":{"url":"https:\/\/telemme.mmsh.fr\/wp-content\/uploads\/2022\/04\/Vue-dAlger-\u00a9-Mucem.jpg","id":11067,"extension":"jpg","width":1300,"height":975,"sizes":{"medium":{"width":300,"height":225,"mime-type":"image\/jpeg","url":"https:\/\/telemme.mmsh.fr\/wp-content\/uploads\/2022\/04\/Vue-dAlger-\u00a9-Mucem-300x225.jpg"},"large":{"width":1024,"height":768,"mime-type":"image\/jpeg","url":"https:\/\/telemme.mmsh.fr\/wp-content\/uploads\/2022\/04\/Vue-dAlger-\u00a9-Mucem-1024x768.jpg"},"thumbnail":{"width":150,"height":150,"mime-type":"image\/jpeg","url":"https:\/\/telemme.mmsh.fr\/wp-content\/uploads\/2022\/04\/Vue-dAlger-\u00a9-Mucem-150x150.jpg"},"medium_large":{"width":768,"height":576,"mime-type":"image\/jpeg","url":"https:\/\/telemme.mmsh.fr\/wp-content\/uploads\/2022\/04\/Vue-dAlger-\u00a9-Mucem-768x576.jpg"},"better-amp-small":{"width":100,"height":100,"mime-type":"image\/jpeg","url":"https:\/\/telemme.mmsh.fr\/wp-content\/uploads\/2022\/04\/Vue-dAlger-\u00a9-Mucem-100x100.jpg"},"better-amp-normal":{"width":260,"height":200,"mime-type":"image\/jpeg","url":"https:\/\/telemme.mmsh.fr\/wp-content\/uploads\/2022\/04\/Vue-dAlger-\u00a9-Mucem-260x200.jpg"},"better-amp-large":{"width":450,"height":300,"mime-type":"image\/jpeg","url":"https:\/\/telemme.mmsh.fr\/wp-content\/uploads\/2022\/04\/Vue-dAlger-\u00a9-Mucem-450x300.jpg"},"neve-blog":{"width":930,"height":620,"mime-type":"image\/jpeg","url":"https:\/\/telemme.mmsh.fr\/wp-content\/uploads\/2022\/04\/Vue-dAlger-\u00a9-Mucem-930x620.jpg"},"sow-carousel-default":{"width":272,"height":182,"mime-type":"image\/jpeg","url":"https:\/\/telemme.mmsh.fr\/wp-content\/uploads\/2022\/04\/Vue-dAlger-\u00a9-Mucem-272x182.jpg"}}},"all_day":false,"start_date":"2022-05-19 09:30:00","start_date_details":{"year":"2022","month":"05","day":"19","hour":"09","minutes":"30","seconds":"00"},"end_date":"2022-05-19 17:00:00","end_date_details":{"year":"2022","month":"05","day":"19","hour":"17","minutes":"00","seconds":"00"},"utc_start_date":"2022-05-19 07:30:00","utc_start_date_details":{"year":"2022","month":"05","day":"19","hour":"07","minutes":"30","seconds":"00"},"utc_end_date":"2022-05-19 15:00:00","utc_end_date_details":{"year":"2022","month":"05","day":"19","hour":"15","minutes":"00","seconds":"00"},"timezone":"Europe\/Paris","timezone_abbr":"CEST","cost":"","cost_details":{"currency_symbol":"","currency_code":"","currency_position":"suffix","values":[]},"website":"","show_map":true,"show_map_link":true,"hide_from_listings":false,"sticky":false,"featured":false,"categories":[{"name":"Journ\u00e9e d'\u00e9tudes","slug":"journee-detudes","term_group":0,"term_taxonomy_id":1823,"taxonomy":"tribe_events_cat","description":"","parent":0,"count":84,"filter":"raw","id":1823,"urls":{"self":"https:\/\/telemme.mmsh.fr\/index.php?rest_route=\/tribe\/events\/v1\/categories\/1823","collection":"https:\/\/telemme.mmsh.fr\/index.php?rest_route=\/tribe\/events\/v1\/categories"}}],"tags":[],"venue":{"id":9180,"author":"6","status":"publish","date":"2021-08-23 15:29:13","date_utc":"2021-08-23 13:29:13","modified":"2021-08-23 15:29:13","modified_utc":"2021-08-23 13:29:13","url":"https:\/\/telemme.mmsh.fr\/?tribe_venue=mucem","venue":"Mucem","slug":"mucem","address":"1 Esp. J4","city":"Marseille","country":"France","zip":"13002","json_ld":{"@type":"Place","name":"Mucem","description":"","url":"","address":{"@type":"PostalAddress","streetAddress":"1 Esp. J4","addressLocality":"Marseille","postalCode":"13002","addressCountry":"France"},"telephone":"","sameAs":""},"show_map":true,"show_map_link":true,"global_id":"telemme.mmsh.fr?id=9180","global_id_lineage":["telemme.mmsh.fr?id=9180"]},"organizer":[{"id":9969,"author":"6","status":"publish","date":"2021-11-03 10:34:36","date_utc":"2021-11-03 09:34:36","modified":"2021-11-03 10:34:36","modified_utc":"2021-11-03 09:34:36","url":"https:\/\/telemme.mmsh.fr\/?tribe_organizer=karima-direche","organizer":"Karima Dir\u00e8che","slug":"karima-direche","website":"https:\/\/telemme.mmsh.fr\/?membres=karima-direche","json_ld":{"@type":"Person","name":"Karima Dir\u00e8che","description":"","url":"https:\/\/telemme.mmsh.fr\/?membres=karima-direche","telephone":"","email":"","sameAs":"https:\/\/telemme.mmsh.fr\/?membres=karima-direche"},"global_id":"telemme.mmsh.fr?id=9969","global_id_lineage":["telemme.mmsh.fr?id=9969"]}],"custom_fields":[],"json_ld":{"@context":"http:\/\/schema.org","@type":"Event","name":"Les juifs, les musulmans et la France.  Pour d\u2019autres r\u00e9cits","description":"&lt;p&gt;Journ\u00e9e d\\'\u00e9tudes organis\u00e9e par Karima Dir\u00e8che au Mucem, dans le prolongement de l\\'exposition Juifs et musulmans de la France coloniale \u00e0 nos jours, au MNHI. Souvent pr\u00e9sent\u00e9e \u00e0 travers le&hellip;&nbsp;&lt;a href=&quot;https:\/\/telemme.mmsh.fr\/?tribe_events=les-juifs-les-musulmans-et-la-france-pour-dautres-recits&quot; rel=&quot;bookmark&quot;&gt;Lire la suite &raquo;&lt;span class=&quot;screen-reader-text&quot;&gt;Les juifs, les musulmans et la France.  Pour d\u2019autres r\u00e9cits&lt;\/span&gt;&lt;\/a&gt;&lt;\/p&gt;\\n","image":"https:\/\/telemme.mmsh.fr\/wp-content\/uploads\/2022\/04\/Vue-dAlger-\u00a9-Mucem.jpg","url":"https:\/\/telemme.mmsh.fr\/?tribe_events=les-juifs-les-musulmans-et-la-france-pour-dautres-recits","eventAttendanceMode":"https:\/\/schema.org\/OfflineEventAttendanceMode","eventStatus":"https:\/\/schema.org\/EventScheduled","startDate":"2022-05-19T09:30:00+02:00","endDate":"2022-05-19T17:00:00+02:00","location":{"@type":"Place","name":"Mucem","description":"","url":"","address":{"@type":"PostalAddress","streetAddress":"1 Esp. J4","addressLocality":"Marseille","postalCode":"13002","addressCountry":"France"},"telephone":"","sameAs":""},"organizer":{"@type":"Person","name":"Karima Dir\u00e8che","description":"","url":"https:\/\/telemme.mmsh.fr\/?membres=karima-direche","telephone":"","email":"","sameAs":"https:\/\/telemme.mmsh.fr\/?membres=karima-direche"},"performer":"Organization"}}