{"id":10999,"global_id":"telemme.mmsh.fr?id=10999","global_id_lineage":["telemme.mmsh.fr?id=10999"],"author":"6","status":"publish","date":"2022-04-07 11:58:20","date_utc":"2022-04-07 09:58:20","modified":"2022-04-07 11:58:35","modified_utc":"2022-04-07 09:58:35","url":"https:\/\/telemme.mmsh.fr\/?tribe_events=atelier-maghreb-amazigh-graphies-berberes","rest_url":"https:\/\/telemme.mmsh.fr\/index.php?rest_route=\/tribe\/events\/v1\/events\/10999","title":"Atelier Maghreb Amazigh \u2013 Graphies berb\u00e8res","description":"<p>En amazighe (berb\u00e8re), l\u2019\u00e9criture se dit\u00a0<i>tirra<\/i>\u00a0ou\u00a0<i>tira<\/i>. Preuve que cette langue r\u00e9put\u00e9e pour son caract\u00e8re oral a bien connu une tradition scripturaire. On a attribu\u00e9 \u00e0 cette graphie dite \u00ab\u00a0numidique\u00a0\u00bb, \u00ab\u00a0libyque\u00a0\u00bb, \u00ab\u00a0libyco-berb\u00e8re\u00a0\u00bb ou encore \u00ab\u00a0tifinagh\u00a0\u00bb toutes sortes d\u2019origines. Depuis plus de deux d\u00e9cennies, les recherches s\u2019orientent vers une origine autochtone de l\u2019\u00e9criture amazighe qui serait intimement li\u00e9e \u00e0 l\u2019art rupestre et \u00e0 l\u2019art amazighe en g\u00e9n\u00e9ral.<\/p>\n<p><a href=\"https:\/\/telemme.mmsh.fr\/?evenement=atelier-maghreb-amazigh-graphies-berberes\"><strong>Programme complet de l&rsquo;atelier et informations pour s&rsquo;inscrire<\/strong><\/a><\/p>","excerpt":"","slug":"atelier-maghreb-amazigh-graphies-berberes","image":{"url":"https:\/\/telemme.mmsh.fr\/wp-content\/uploads\/2022\/04\/illustration_maghreb_amazigh_graphies_berberes.png","id":10998,"extension":"png","width":300,"height":389,"sizes":{"medium":{"width":231,"height":300,"mime-type":"image\/png","url":"https:\/\/telemme.mmsh.fr\/wp-content\/uploads\/2022\/04\/illustration_maghreb_amazigh_graphies_berberes-231x300.png"},"thumbnail":{"width":150,"height":150,"mime-type":"image\/png","url":"https:\/\/telemme.mmsh.fr\/wp-content\/uploads\/2022\/04\/illustration_maghreb_amazigh_graphies_berberes-150x150.png"},"better-amp-small":{"width":100,"height":100,"mime-type":"image\/png","url":"https:\/\/telemme.mmsh.fr\/wp-content\/uploads\/2022\/04\/illustration_maghreb_amazigh_graphies_berberes-100x100.png"},"better-amp-normal":{"width":260,"height":200,"mime-type":"image\/png","url":"https:\/\/telemme.mmsh.fr\/wp-content\/uploads\/2022\/04\/illustration_maghreb_amazigh_graphies_berberes-260x200.png"},"better-amp-large":{"width":300,"height":300,"mime-type":"image\/png","url":"https:\/\/telemme.mmsh.fr\/wp-content\/uploads\/2022\/04\/illustration_maghreb_amazigh_graphies_berberes-300x300.png"},"sow-carousel-default":{"width":272,"height":182,"mime-type":"image\/png","url":"https:\/\/telemme.mmsh.fr\/wp-content\/uploads\/2022\/04\/illustration_maghreb_amazigh_graphies_berberes-272x182.png"}}},"all_day":false,"start_date":"2022-04-14 10:00:00","start_date_details":{"year":"2022","month":"04","day":"14","hour":"10","minutes":"00","seconds":"00"},"end_date":"2022-04-15 12:00:00","end_date_details":{"year":"2022","month":"04","day":"15","hour":"12","minutes":"00","seconds":"00"},"utc_start_date":"2022-04-14 08:00:00","utc_start_date_details":{"year":"2022","month":"04","day":"14","hour":"08","minutes":"00","seconds":"00"},"utc_end_date":"2022-04-15 10:00:00","utc_end_date_details":{"year":"2022","month":"04","day":"15","hour":"10","minutes":"00","seconds":"00"},"timezone":"Europe\/Paris","timezone_abbr":"CEST","cost":"","cost_details":{"currency_symbol":"","currency_code":"","currency_position":"suffix","values":[]},"website":"","show_map":true,"show_map_link":true,"hide_from_listings":false,"sticky":false,"featured":false,"categories":[{"name":"S\u00e9minaire interlaboratoire \"Maghreb amazigh\"","slug":"seminaire-interlaboratoire-maghreb-amazigh","term_group":0,"term_taxonomy_id":2272,"taxonomy":"tribe_events_cat","description":"","parent":2268,"count":3,"filter":"raw","id":2272,"urls":{"self":"https:\/\/telemme.mmsh.fr\/index.php?rest_route=\/tribe\/events\/v1\/categories\/2272","collection":"https:\/\/telemme.mmsh.fr\/index.php?rest_route=\/tribe\/events\/v1\/categories","up":"https:\/\/telemme.mmsh.fr\/index.php?rest_route=\/tribe\/events\/v1\/categories\/2268"}}],"tags":[{"name":"atelier","slug":"atelier","term_group":0,"term_taxonomy_id":2471,"taxonomy":"post_tag","description":"","parent":0,"count":1,"filter":"raw","id":2471,"urls":{"self":"https:\/\/telemme.mmsh.fr\/index.php?rest_route=\/tribe\/events\/v1\/tags\/2471","collection":"https:\/\/telemme.mmsh.fr\/index.php?rest_route=\/tribe\/events\/v1\/tags"}}],"venue":{"id":10860,"author":"6","status":"publish","date":"2022-03-16 18:00:51","date_utc":"2022-03-16 17:00:51","modified":"2022-03-16 18:04:31","modified_utc":"2022-03-16 17:04:31","url":"https:\/\/telemme.mmsh.fr\/?tribe_venue=salle-a219-maison-mediterraneenne-des-sciences-de-lhomme","venue":"Salle A219, Maison m\u00e9diterran\u00e9enne des sciences de l\u2019homme","slug":"salle-a219-maison-mediterraneenne-des-sciences-de-lhomme","address":"MMSH, 5 rue du Ch\u00e2teau de l'Horloge","city":"Aix-en-Provence","country":"France","zip":"13090","json_ld":{"@type":"Place","name":"Salle A219, Maison m\u00e9diterran\u00e9enne des sciences de l\u2019homme","description":"","url":"","address":{"@type":"PostalAddress","streetAddress":"MMSH, 5 rue du Ch\u00e2teau de l&#039;Horloge","addressLocality":"Aix-en-Provence","postalCode":"13090","addressCountry":"France"},"telephone":"","sameAs":""},"show_map":true,"show_map_link":true,"global_id":"telemme.mmsh.fr?id=10860","global_id_lineage":["telemme.mmsh.fr?id=10860"]},"organizer":[{"id":9969,"author":"6","status":"publish","date":"2021-11-03 10:34:36","date_utc":"2021-11-03 09:34:36","modified":"2021-11-03 10:34:36","modified_utc":"2021-11-03 09:34:36","url":"https:\/\/telemme.mmsh.fr\/?tribe_organizer=karima-direche","organizer":"Karima Dir\u00e8che","slug":"karima-direche","website":"https:\/\/telemme.mmsh.fr\/?membres=karima-direche","json_ld":{"@type":"Person","name":"Karima Dir\u00e8che","description":"","url":"https:\/\/telemme.mmsh.fr\/?membres=karima-direche","telephone":"","email":"","sameAs":"https:\/\/telemme.mmsh.fr\/?membres=karima-direche"},"global_id":"telemme.mmsh.fr?id=9969","global_id_lineage":["telemme.mmsh.fr?id=9969"]},{"id":10861,"author":"6","status":"draft","date":"2022-03-16 17:58:42","date_utc":"0000-00-00 00:00:00","modified":"2022-03-16 17:58:42","modified_utc":"0000-00-00 00:00:00","url":"https:\/\/telemme.mmsh.fr\/?post_type=tribe_organizer&p=10861","organizer":"Malika Assam","slug":"malika-assam","global_id":"telemme.mmsh.fr?id=10861","global_id_lineage":["telemme.mmsh.fr?id=10861"]}],"custom_fields":[],"json_ld":{"@context":"http:\/\/schema.org","@type":"Event","name":"Atelier Maghreb Amazigh \u2013 Graphies berb\u00e8res","description":"&lt;p&gt;En amazighe (berb\u00e8re), l\u2019\u00e9criture se dit\u00a0tirra\u00a0ou\u00a0tira. Preuve que cette langue r\u00e9put\u00e9e pour son caract\u00e8re oral a bien connu une tradition scripturaire. On a attribu\u00e9 \u00e0 cette graphie dite \u00ab\u00a0numidique\u00a0\u00bb, \u00ab\u00a0libyque\u00a0\u00bb,&hellip;&nbsp;&lt;a href=&quot;https:\/\/telemme.mmsh.fr\/?tribe_events=atelier-maghreb-amazigh-graphies-berberes&quot; rel=&quot;bookmark&quot;&gt;Lire la suite &raquo;&lt;span class=&quot;screen-reader-text&quot;&gt;Atelier Maghreb Amazigh \u2013 Graphies berb\u00e8res&lt;\/span&gt;&lt;\/a&gt;&lt;\/p&gt;\\n","image":"https:\/\/telemme.mmsh.fr\/wp-content\/uploads\/2022\/04\/illustration_maghreb_amazigh_graphies_berberes.png","url":"https:\/\/telemme.mmsh.fr\/?tribe_events=atelier-maghreb-amazigh-graphies-berberes","eventAttendanceMode":"https:\/\/schema.org\/OnlineEventAttendanceMode","eventStatus":"https:\/\/schema.org\/EventScheduled","startDate":"2022-04-14T10:00:00+02:00","endDate":"2022-04-15T12:00:00+02:00","location":{"@type":"VirtualLocation","url":"https:\/\/telemme.mmsh.fr\/?tribe_events=atelier-maghreb-amazigh-graphies-berberes"},"organizer":{"@type":"Person","name":"Karima Dir\u00e8che","description":"","url":"https:\/\/telemme.mmsh.fr\/?membres=karima-direche","telephone":"","email":"","sameAs":"https:\/\/telemme.mmsh.fr\/?membres=karima-direche"},"performer":"Organization"},"event_status":"","event_status_reason":null,"is_online":true,"online_url":""}