{"id":10156,"global_id":"telemme.mmsh.fr?id=10156","global_id_lineage":["telemme.mmsh.fr?id=10156"],"author":"6","status":"publish","date":"2021-12-09 10:23:22","date_utc":"2021-12-09 09:23:22","modified":"2022-06-14 16:18:27","modified_utc":"2022-06-14 14:18:27","url":"https:\/\/telemme.mmsh.fr\/?tribe_events=balkans-connectes-quatriemes-rencontres-detudes-balkaniques","rest_url":"https:\/\/telemme.mmsh.fr\/index.php?rest_route=\/tribe\/events\/v1\/events\/10156","title":"Balkans connect\u00e9s | Connected Balkans. Quatri\u00e8mes rencontres d\u2019\u00e9tudes balkaniques | The Fourth Conference in Balkan Studies","description":"<p><em>Ce colloque est organis\u00e9 par l\u2019Association fran\u00e7aise d\u2019\u00e9tudes sur les Balkans (AFEBalk), avec le soutien de l\u2019\u00c9cole fran\u00e7aise d\u2019Ath\u00e8nes<\/em>\u00a0et\u00a0<em>des laboratoires de recherche Centre Andr\u00e9 Chastel (CNRS, Sorbonne Universit\u00e9, Minist\u00e8re de la Culture), CETOBaC (CNRS, EHESS, Coll\u00e8ge de France), IDEMEC (CNRS, AMU),\u00a0MESOPOLHIS (CNRS, AMU, Sciences Po Aix)\u00a0et TELEMMe (CNRS, AMU), de l\u2019Institut fran\u00e7ais de g\u00e9opolitique (Paris VIII), de l\u2019Universit\u00e9 de Lorraine, en collaboration avec le MuCEM.<\/em><\/p>\n<ul>\n<li>Le site du colloque : <a href=\"https:\/\/etudesbalk4.sciencesconf.org\/\">https:\/\/etudesbalk4.sciencesconf.org\/<\/a><\/li>\n<li>Association fran\u00e7aise d\u2019\u00e9tudes sur les Balkans (AFEBalk):\u00a0<a href=\"https:\/\/afebalk.hypotheses.org\/\">https:\/\/afebalk.hypotheses.org\/<\/a><\/li>\n<\/ul>\n<p>Organis\u00e9es par l\u2019AFEBalk, les \u00ab Quatri\u00e8mes rencontres d\u2019\u00e9tudes balkaniques \u00bb se tiendront au Mucem de Marseille entre le 30 juin et le 2 juillet 2022. Dans le prolongement des rencontres pr\u00e9c\u00e9dentes, l\u2019\u00e9v\u00e9nement de 2022 vise \u00e0 rassembler les forces vives de la recherche sur les Balkans autour d\u2019un th\u00e8me transversal. Cette ann\u00e9e, la th\u00e9matique \u00ab Balkans connect\u00e9s \/ <em>connected Balkans<\/em> \u00bb permettra la tenue d\u2019un colloque g\u00e9n\u00e9raliste d\u2019<em>area studies<\/em> ouvert \u00e0 toutes les disciplines des sciences humaines et sociales, tout en invitant \u00e0 une r\u00e9flexion critique sur ce type d\u2019approche et sur l\u2019organisation des savoirs, en encourageant tout autant la comparaison que les jeux d\u2019\u00e9chelle.<\/p>\n<p><a href=\"https:\/\/telemme.mmsh.fr\/?evenement=balkans-connectes-connected-balkans\"><strong>Programme complet<\/strong><\/a><\/p>\n<p>&nbsp;<\/p>","excerpt":"","slug":"balkans-connectes-quatriemes-rencontres-detudes-balkaniques","image":{"url":"https:\/\/telemme.mmsh.fr\/wp-content\/uploads\/2021\/12\/Balkans-connectes-FB.png","id":11217,"extension":"png","width":1640,"height":924,"filesize":659157,"sizes":{"medium":{"width":300,"height":169,"mime-type":"image\/png","filesize":45007,"url":"https:\/\/telemme.mmsh.fr\/wp-content\/uploads\/2021\/12\/Balkans-connectes-FB-300x169.png"},"large":{"width":1024,"height":577,"mime-type":"image\/png","filesize":301792,"url":"https:\/\/telemme.mmsh.fr\/wp-content\/uploads\/2021\/12\/Balkans-connectes-FB-1024x577.png"},"thumbnail":{"width":150,"height":150,"mime-type":"image\/png","filesize":24230,"url":"https:\/\/telemme.mmsh.fr\/wp-content\/uploads\/2021\/12\/Balkans-connectes-FB-150x150.png"},"medium_large":{"width":768,"height":433,"mime-type":"image\/png","filesize":196904,"url":"https:\/\/telemme.mmsh.fr\/wp-content\/uploads\/2021\/12\/Balkans-connectes-FB-768x433.png"},"1536x1536":{"width":1536,"height":865,"mime-type":"image\/png","filesize":541452,"url":"https:\/\/telemme.mmsh.fr\/wp-content\/uploads\/2021\/12\/Balkans-connectes-FB-1536x865.png"},"better-amp-small":{"width":100,"height":100,"mime-type":"image\/png","filesize":13299,"url":"https:\/\/telemme.mmsh.fr\/wp-content\/uploads\/2021\/12\/Balkans-connectes-FB-100x100.png"},"better-amp-normal":{"width":260,"height":200,"mime-type":"image\/png","filesize":47350,"url":"https:\/\/telemme.mmsh.fr\/wp-content\/uploads\/2021\/12\/Balkans-connectes-FB-260x200.png"},"better-amp-large":{"width":450,"height":300,"mime-type":"image\/png","filesize":99013,"url":"https:\/\/telemme.mmsh.fr\/wp-content\/uploads\/2021\/12\/Balkans-connectes-FB-450x300.png"},"neve-blog":{"width":930,"height":620,"mime-type":"image\/png","filesize":292621,"url":"https:\/\/telemme.mmsh.fr\/wp-content\/uploads\/2021\/12\/Balkans-connectes-FB-930x620.png"},"sow-carousel-default":{"width":272,"height":182,"mime-type":"image\/png","filesize":45278,"url":"https:\/\/telemme.mmsh.fr\/wp-content\/uploads\/2021\/12\/Balkans-connectes-FB-272x182.png"},"meta-slider-resized-1500x500":{"width":1500,"height":500,"mime-type":"image\/png","filesize":316851,"url":"https:\/\/telemme.mmsh.fr\/wp-content\/uploads\/2021\/12\/Balkans-connectes-FB-1500x500.png"},"meta-slider-resized-1200x400":{"width":1200,"height":400,"mime-type":"image\/png","filesize":229956,"url":"https:\/\/telemme.mmsh.fr\/wp-content\/uploads\/2021\/12\/Balkans-connectes-FB-1200x400.png"},"meta-slider-resized-620x207":{"width":620,"height":207,"mime-type":"image\/png","filesize":86175,"url":"https:\/\/telemme.mmsh.fr\/wp-content\/uploads\/2021\/12\/Balkans-connectes-FB-620x207.png"},"meta-slider-resized-400x133":{"width":400,"height":133,"mime-type":"image\/png","filesize":43815,"url":"https:\/\/telemme.mmsh.fr\/wp-content\/uploads\/2021\/12\/Balkans-connectes-FB-400x133.png"}}},"all_day":true,"start_date":"2022-06-30 00:00:00","start_date_details":{"year":"2022","month":"06","day":"30","hour":"00","minutes":"00","seconds":"00"},"end_date":"2022-07-02 23:59:59","end_date_details":{"year":"2022","month":"07","day":"02","hour":"23","minutes":"59","seconds":"59"},"utc_start_date":"2022-06-29 22:00:00","utc_start_date_details":{"year":"2022","month":"06","day":"29","hour":"22","minutes":"00","seconds":"00"},"utc_end_date":"2022-07-02 21:59:59","utc_end_date_details":{"year":"2022","month":"07","day":"02","hour":"21","minutes":"59","seconds":"59"},"timezone":"Europe\/Paris","timezone_abbr":"CEST","cost":"","cost_details":{"currency_symbol":"","currency_code":"","currency_position":"suffix","values":[]},"website":"","show_map":true,"show_map_link":true,"hide_from_listings":false,"sticky":false,"featured":false,"categories":[{"name":"Colloque","slug":"colloque","term_group":0,"term_taxonomy_id":2063,"taxonomy":"tribe_events_cat","description":"","parent":0,"count":24,"filter":"raw","id":2063,"urls":{"self":"https:\/\/telemme.mmsh.fr\/index.php?rest_route=\/tribe\/events\/v1\/categories\/2063","collection":"https:\/\/telemme.mmsh.fr\/index.php?rest_route=\/tribe\/events\/v1\/categories"}}],"tags":[{"name":"Balkans","slug":"balkans","term_group":0,"term_taxonomy_id":1931,"taxonomy":"post_tag","description":"","parent":0,"count":4,"filter":"raw","id":1931,"urls":{"self":"https:\/\/telemme.mmsh.fr\/index.php?rest_route=\/tribe\/events\/v1\/tags\/1931","collection":"https:\/\/telemme.mmsh.fr\/index.php?rest_route=\/tribe\/events\/v1\/tags"}}],"venue":{"id":10565,"author":"6","status":"publish","date":"2022-02-04 16:48:51","date_utc":"2022-02-04 15:48:51","modified":"2022-02-04 16:48:51","modified_utc":"2022-02-04 15:48:51","url":"https:\/\/telemme.mmsh.fr\/?tribe_venue=mucemlab","venue":"MucemLab","slug":"mucemlab","address":"201 Quai du Port","city":"Marseille","country":"France","zip":"13002","json_ld":{"@type":"Place","name":"MucemLab","description":"","url":"","address":{"@type":"PostalAddress","streetAddress":"201 Quai du Port","addressLocality":"Marseille","postalCode":"13002","addressCountry":"France"},"telephone":"","sameAs":""},"show_map":true,"show_map_link":true,"global_id":"telemme.mmsh.fr?id=10565","global_id_lineage":["telemme.mmsh.fr?id=10565"]},"organizer":[],"custom_fields":[],"json_ld":{"@context":"http:\/\/schema.org","@type":"Event","name":"Balkans connect\u00e9s | Connected Balkans. Quatri\u00e8mes rencontres d\u2019\u00e9tudes balkaniques | The Fourth Conference in Balkan Studies","description":"&lt;p&gt;Ce colloque est organis\u00e9 par l\u2019Association fran\u00e7aise d\u2019\u00e9tudes sur les Balkans (AFEBalk), avec le soutien de l\u2019\u00c9cole fran\u00e7aise d\u2019Ath\u00e8nes\u00a0et\u00a0des laboratoires de recherche Centre Andr\u00e9 Chastel (CNRS, Sorbonne Universit\u00e9, Minist\u00e8re de&hellip;&nbsp;&lt;a href=&quot;https:\/\/telemme.mmsh.fr\/?tribe_events=balkans-connectes-quatriemes-rencontres-detudes-balkaniques&quot; rel=&quot;bookmark&quot;&gt;Lire la suite &raquo;&lt;span class=&quot;screen-reader-text&quot;&gt;Balkans connect\u00e9s | Connected Balkans. Quatri\u00e8mes rencontres d\u2019\u00e9tudes balkaniques | The Fourth Conference in Balkan Studies&lt;\/span&gt;&lt;\/a&gt;&lt;\/p&gt;\\n","image":"https:\/\/telemme.mmsh.fr\/wp-content\/uploads\/2021\/12\/Balkans-connectes-FB.png","url":"https:\/\/telemme.mmsh.fr\/?tribe_events=balkans-connectes-quatriemes-rencontres-detudes-balkaniques","eventAttendanceMode":"https:\/\/schema.org\/OfflineEventAttendanceMode","eventStatus":"https:\/\/schema.org\/EventScheduled","startDate":"2022-06-30T00:00:00+02:00","endDate":"2022-07-02T23:59:59+02:00","location":{"@type":"Place","name":"MucemLab","description":"","url":"","address":{"@type":"PostalAddress","streetAddress":"201 Quai du Port","addressLocality":"Marseille","postalCode":"13002","addressCountry":"France"},"telephone":"","sameAs":""},"performer":"Organization"}}