{"id":10143,"global_id":"telemme.mmsh.fr?id=10143","global_id_lineage":["telemme.mmsh.fr?id=10143"],"author":"6","status":"publish","date":"2021-12-09 09:51:04","date_utc":"2021-12-09 08:51:04","modified":"2022-01-20 14:32:58","modified_utc":"2022-01-20 13:32:58","url":"https:\/\/telemme.mmsh.fr\/?tribe_events=la-terrasse-espace-pictural-architectural-et-paysager-en-mediterranee","rest_url":"https:\/\/telemme.mmsh.fr\/index.php?rest_route=\/tribe\/events\/v1\/events\/10143","title":"La terrasse : espace pictural, architectural et paysager en M\u00e9diterran\u00e9e","description":"<p>Journ\u00e9e d\u2019\u00e9tudes organis\u00e9e par Nathalie Bertrand, TELEMMe, AMU-CNRS<\/p>\n<p>Cette journ\u00e9e d\u2019\u00e9tudes propose d\u2019arpenter les terrasses dans la peinture, l\u2019architecture et les jardins, et plus largement dans la ville et au cin\u00e9ma.<\/p>\n<p>Dispositif spatial de premier plan dans la peinture des XVIIe et XVIIIe si\u00e8cles, la terrasse se d\u00e9finit comme un lieu d\u2019agr\u00e9ment dans les jardins et l\u2019architecture.<\/p>\n<p>Entre int\u00e9rieur et ext\u00e9rieur, la terrasse est un palier entre la terre et le ciel. Le proc\u00e9d\u00e9\u00a0 bien connu en Orient\u00a0 dans le cadre d\u2019une architecture climatique et vernaculaire conna\u00eet ses lettres de noblesse en Occident dans l\u2019architecture de la vill\u00e9giature (les villas) avant de devenir, avec le toit terrasse, un des symboles de la modernit\u00e9.<\/p>","excerpt":"<p>Cette journ\u00e9e d\u2019\u00e9tudes propose d\u2019arpenter les terrasses dans la peinture, l\u2019architecture et les jardins, et plus largement dans la ville et au cin\u00e9ma.<br \/>\nDispositif spatial de premier plan dans la peinture des XVIIe et XVIIIe si\u00e8cles, la terrasse se d\u00e9finit comme un lieu d\u2019agr\u00e9ment dans les jardins et l\u2019architecture.<\/p>","slug":"la-terrasse-espace-pictural-architectural-et-paysager-en-mediterranee","image":false,"all_day":false,"start_date":"2022-02-22 09:30:00","start_date_details":{"year":"2022","month":"02","day":"22","hour":"09","minutes":"30","seconds":"00"},"end_date":"2022-02-22 16:45:00","end_date_details":{"year":"2022","month":"02","day":"22","hour":"16","minutes":"45","seconds":"00"},"utc_start_date":"2022-02-22 08:30:00","utc_start_date_details":{"year":"2022","month":"02","day":"22","hour":"08","minutes":"30","seconds":"00"},"utc_end_date":"2022-02-22 15:45:00","utc_end_date_details":{"year":"2022","month":"02","day":"22","hour":"15","minutes":"45","seconds":"00"},"timezone":"Europe\/Paris","timezone_abbr":"CET","cost":"","cost_details":{"currency_symbol":"","currency_code":"","currency_position":"suffix","values":[]},"website":"","show_map":true,"show_map_link":true,"hide_from_listings":false,"sticky":false,"featured":false,"categories":[{"name":"Journ\u00e9e d'\u00e9tudes","slug":"journee-detudes","term_group":0,"term_taxonomy_id":1823,"taxonomy":"tribe_events_cat","description":"","parent":0,"count":84,"filter":"raw","id":1823,"urls":{"self":"https:\/\/telemme.mmsh.fr\/index.php?rest_route=\/tribe\/events\/v1\/categories\/1823","collection":"https:\/\/telemme.mmsh.fr\/index.php?rest_route=\/tribe\/events\/v1\/categories"}}],"tags":[{"name":"jistoire de l'art","slug":"jistoire-de-lart","term_group":0,"term_taxonomy_id":2317,"taxonomy":"post_tag","description":"","parent":0,"count":1,"filter":"raw","id":2317,"urls":{"self":"https:\/\/telemme.mmsh.fr\/index.php?rest_route=\/tribe\/events\/v1\/tags\/2317","collection":"https:\/\/telemme.mmsh.fr\/index.php?rest_route=\/tribe\/events\/v1\/tags"}},{"name":"M\u00e9diterran\u00e9e","slug":"mediterranee","term_group":0,"term_taxonomy_id":1930,"taxonomy":"post_tag","description":"","parent":0,"count":9,"filter":"raw","id":1930,"urls":{"self":"https:\/\/telemme.mmsh.fr\/index.php?rest_route=\/tribe\/events\/v1\/tags\/1930","collection":"https:\/\/telemme.mmsh.fr\/index.php?rest_route=\/tribe\/events\/v1\/tags"}},{"name":"terrasse","slug":"terrasse","term_group":0,"term_taxonomy_id":2315,"taxonomy":"post_tag","description":"","parent":0,"count":1,"filter":"raw","id":2315,"urls":{"self":"https:\/\/telemme.mmsh.fr\/index.php?rest_route=\/tribe\/events\/v1\/tags\/2315","collection":"https:\/\/telemme.mmsh.fr\/index.php?rest_route=\/tribe\/events\/v1\/tags"}}],"venue":{"id":3497,"author":"6","status":"publish","date":"2021-01-21 16:40:33","date_utc":"2021-01-21 15:40:33","modified":"2021-09-24 16:02:36","modified_utc":"2021-09-24 14:02:36","url":"https:\/\/telemme.mmsh.fr\/?tribe_venue=salle-duby","venue":"Salle Georges Duby &#8211; MMSH, Aix-en-Provence","slug":"salle-duby","address":"MMSH, 5 rue du Ch\u00e2teau de l'Horloge","city":"Aix-en-Provence","country":"France","zip":"13090","json_ld":{"@type":"Place","name":"Salle Georges Duby &#8211; MMSH, Aix-en-Provence","description":"","url":"","address":{"@type":"PostalAddress","streetAddress":"MMSH, 5 rue du Ch\u00e2teau de l&#039;Horloge","addressLocality":"Aix-en-Provence","postalCode":"13090","addressCountry":"France"},"telephone":"","sameAs":""},"show_map":true,"show_map_link":true,"global_id":"telemme.mmsh.fr?id=3497","global_id_lineage":["telemme.mmsh.fr?id=3497"]},"organizer":[{"id":10145,"author":"6","status":"publish","date":"2021-12-09 09:51:04","date_utc":"2021-12-09 08:51:04","modified":"2021-12-09 09:51:04","modified_utc":"2021-12-09 08:51:04","url":"https:\/\/telemme.mmsh.fr\/?tribe_organizer=nathalie-bertrand","organizer":"Nathalie Bertrand","slug":"nathalie-bertrand","website":"https:\/\/telemme.mmsh.fr\/?membres=nathalie-bertrand","json_ld":{"@type":"Person","name":"Nathalie Bertrand","description":"","url":"https:\/\/telemme.mmsh.fr\/?membres=nathalie-bertrand","telephone":"","email":"","sameAs":"https:\/\/telemme.mmsh.fr\/?membres=nathalie-bertrand"},"global_id":"telemme.mmsh.fr?id=10145","global_id_lineage":["telemme.mmsh.fr?id=10145"]}],"custom_fields":[],"json_ld":{"@context":"http:\/\/schema.org","@type":"Event","name":"La terrasse : espace pictural, architectural et paysager en M\u00e9diterran\u00e9e","description":"&lt;p&gt;Cette journ\u00e9e d\u2019\u00e9tudes propose d\u2019arpenter les terrasses dans la peinture, l\u2019architecture et les jardins, et plus largement dans la ville et au cin\u00e9ma.&lt;br \/&gt;\\nDispositif spatial de premier plan dans la peinture des XVIIe et XVIIIe si\u00e8cles, la terrasse se d\u00e9finit comme un lieu d\u2019agr\u00e9ment dans les jardins et l\u2019architecture.&lt;\/p&gt;\\n","url":"https:\/\/telemme.mmsh.fr\/?tribe_events=la-terrasse-espace-pictural-architectural-et-paysager-en-mediterranee","eventAttendanceMode":"https:\/\/schema.org\/OfflineEventAttendanceMode","eventStatus":"https:\/\/schema.org\/EventPostponed","startDate":"2022-02-22T09:30:00+01:00","endDate":"2022-02-22T16:45:00+01:00","location":{"@type":"Place","name":"Salle Georges Duby &#8211; MMSH, Aix-en-Provence","description":"","url":"","address":{"@type":"PostalAddress","streetAddress":"MMSH, 5 rue du Ch\u00e2teau de l&#039;Horloge","addressLocality":"Aix-en-Provence","postalCode":"13090","addressCountry":"France"},"telephone":"","sameAs":""},"organizer":{"@type":"Person","name":"Nathalie Bertrand","description":"","url":"https:\/\/telemme.mmsh.fr\/?membres=nathalie-bertrand","telephone":"","email":"","sameAs":"https:\/\/telemme.mmsh.fr\/?membres=nathalie-bertrand"},"performer":"Organization"}}