{"events":[{"id":16450,"global_id":"telemme.mmsh.fr?id=16450","global_id_lineage":["telemme.mmsh.fr?id=16450"],"author":"6","status":"publish","date":"2026-01-16 10:55:33","date_utc":"2026-01-16 09:55:33","modified":"2026-04-09 11:57:31","modified_utc":"2026-04-09 09:57:31","url":"https:\/\/telemme.mmsh.fr\/?tribe_events=la-vie-de-la-bibliotheque-publique","rest_url":"https:\/\/telemme.mmsh.fr\/index.php?rest_route=\/tribe\/events\/v1\/events\/16450","title":"La vie des biblioth\u00e8ques publiques","description":"<p>L\u2019\u00e9quipe du\u00a0projet ANR\u00a0<i>Biblioth\u00e8ques publiques dans la France des Lumi\u00e8res<\/i>\u00a0organisera sa deuxi\u00e8me journ\u00e9e d\u2019\u00e9tudes\u00a0\u00e0 Aix-en-Provence (biblioth\u00e8que et archives municipales Michel-Vovelle) les 6 et 7 mai prochains,\u00a0\u00e0 la fois en pr\u00e9sentiel et en distanciel<\/p>\n<p>Ces deux jours seront consacr\u00e9s \u00e0\u00a0<i>La vie des biblioth\u00e8ques publiques<\/i>.\u00a0Nous nous int\u00e9resserons au fonctionnement d\u2019un \u00ab\u00a0service public\u00a0\u00bb \u00e0 l\u2019\u00e9poque des Lumi\u00e8res\u00a0en explorant six th\u00e9matiques. Le programme est disponible ci-dessous et<i>\u00a0via <\/i>le lien suivant :\u00a0<a class=\"x_OWAAutoLink\" href=\"https:\/\/bipulum.hypotheses.org\/journees-detudes\/la-vie-des-bibliotheques-publiques-2026\/programme\" target=\"_blank\" rel=\"noopener noreferrer\">https:\/\/bipulum.hypotheses.org\/journees-detudes\/la-vie-des-bibliotheques-publiques-2026\/programme<\/a><\/p>\n<p>Ces ateliers seront l\u2019occasion de mettre en lumi\u00e8re les r\u00e9sultats des recherches qui sont men\u00e9es depuis pr\u00e8s de deux ans par l\u2019\u00e9quipe et qui sont \u00e9galement\u00a0consultables sur le site internet du projet (<a class=\"x_OWAAutoLink\" href=\"https:\/\/bipulum.huma-num.fr\/s\/bipulum\/page\/home\" target=\"_blank\" rel=\"noopener noreferrer\">https:\/\/bipulum.huma-num.fr\/s\/bipulum\/page\/home<\/a>).<\/p>\n<ul>\n<li><strong><em>Responsables scientifiques<\/em>\u00a0<\/strong>: Emmanuelle Chapron, Christine B\u00e9n\u00e9vent, Fabienne Henryot, Gennaro Toscano.<\/li>\n<li><strong><em>Comit\u00e9 d\u2019organisation<\/em><\/strong>\u00a0: Emmanuelle Chapron, Christine B\u00e9n\u00e9vent, Fabienne Henryot, <span id=\"0.1709288070514381\" class=\"highlight\">William<\/span> Trouv\u00e9, avec l\u2019appui de Lucas Laude et Selma Duval-Youchenko, \u00e9tudiants en master d\u2019Aix Marseille Universit\u00e9.<\/li>\n<li><strong><em>Contacts<\/em><\/strong>\u00a0: Emmanuelle Chapron (<a href=\"mailto:emmanuelle.chapron@univ-amu.fr\" target=\"_blank\" rel=\"noopener noreferrer\">emmanuelle.chapron@univ-amu.fr<\/a>) et <span id=\"0.5714891370031449\" class=\"highlight\">William<\/span> Trouv\u00e9 (<a href=\"mailto:william.trouve@unib-lyon2.fr\" target=\"_blank\" rel=\"noopener noreferrer\"><span id=\"0.652912025531494\" class=\"highlight\">william<\/span>.trouve@unib-lyon2.fr<\/a>).<\/li>\n<\/ul>\n<p><a href=\"https:\/\/telemme.mmsh.fr\/?evenement=la-vie-des-bibliotheques-publiques\"><strong>Programme complet en ligne<\/strong><\/a><\/p>","excerpt":"","slug":"la-vie-de-la-bibliotheque-publique","image":{"url":"https:\/\/telemme.mmsh.fr\/wp-content\/uploads\/2024\/07\/bookshop2.jpg","id":14406,"extension":"jpg","width":988,"height":718,"filesize":1111735,"sizes":{"medium":{"width":300,"height":218,"mime-type":"image\/jpeg","filesize":42166,"url":"https:\/\/telemme.mmsh.fr\/wp-content\/uploads\/2024\/07\/bookshop2-300x218.jpg"},"thumbnail":{"width":150,"height":150,"mime-type":"image\/jpeg","filesize":25326,"url":"https:\/\/telemme.mmsh.fr\/wp-content\/uploads\/2024\/07\/bookshop2-150x150.jpg"},"medium_large":{"width":768,"height":558,"mime-type":"image\/jpeg","filesize":186994,"url":"https:\/\/telemme.mmsh.fr\/wp-content\/uploads\/2024\/07\/bookshop2-768x558.jpg"},"better-amp-small":{"width":100,"height":100,"mime-type":"image\/jpeg","filesize":20515,"url":"https:\/\/telemme.mmsh.fr\/wp-content\/uploads\/2024\/07\/bookshop2-100x100.jpg"},"better-amp-normal":{"width":260,"height":200,"mime-type":"image\/jpeg","filesize":36766,"url":"https:\/\/telemme.mmsh.fr\/wp-content\/uploads\/2024\/07\/bookshop2-260x200.jpg"},"better-amp-large":{"width":450,"height":300,"mime-type":"image\/jpeg","filesize":70467,"url":"https:\/\/telemme.mmsh.fr\/wp-content\/uploads\/2024\/07\/bookshop2-450x300.jpg"},"neve-blog":{"width":930,"height":620,"mime-type":"image\/jpeg","filesize":250533,"url":"https:\/\/telemme.mmsh.fr\/wp-content\/uploads\/2024\/07\/bookshop2-930x620.jpg"},"sow-carousel-default":{"width":272,"height":182,"mime-type":"image\/jpeg","filesize":36118,"url":"https:\/\/telemme.mmsh.fr\/wp-content\/uploads\/2024\/07\/bookshop2-272x182.jpg"}}},"all_day":true,"start_date":"2026-05-06 00:00:00","start_date_details":{"year":"2026","month":"05","day":"06","hour":"00","minutes":"00","seconds":"00"},"end_date":"2026-05-07 23:59:59","end_date_details":{"year":"2026","month":"05","day":"07","hour":"23","minutes":"59","seconds":"59"},"utc_start_date":"2026-05-05 22:00:00","utc_start_date_details":{"year":"2026","month":"05","day":"05","hour":"22","minutes":"00","seconds":"00"},"utc_end_date":"2026-05-07 21:59:59","utc_end_date_details":{"year":"2026","month":"05","day":"07","hour":"21","minutes":"59","seconds":"59"},"timezone":"Europe\/Paris","timezone_abbr":"CEST","cost":"","cost_details":{"currency_symbol":"\u20ac","currency_code":"USD","currency_position":"suffix","values":[]},"website":"https:\/\/telemme.mmsh.fr\/?evenement=la-vie-des-bibliotheques-publiques","show_map":true,"show_map_link":true,"hide_from_listings":false,"sticky":false,"featured":false,"categories":[{"name":"Journ\u00e9e d'\u00e9tudes","slug":"journee-detudes","term_group":0,"term_taxonomy_id":1823,"taxonomy":"tribe_events_cat","description":"","parent":0,"count":84,"filter":"raw","id":1823,"urls":{"self":"https:\/\/telemme.mmsh.fr\/index.php?rest_route=\/tribe\/events\/v1\/categories\/1823","collection":"https:\/\/telemme.mmsh.fr\/index.php?rest_route=\/tribe\/events\/v1\/categories"}}],"tags":[{"name":"BIPULUM","slug":"bipulum","term_group":0,"term_taxonomy_id":2948,"taxonomy":"post_tag","description":"","parent":0,"count":2,"filter":"raw","id":2948,"urls":{"self":"https:\/\/telemme.mmsh.fr\/index.php?rest_route=\/tribe\/events\/v1\/tags\/2948","collection":"https:\/\/telemme.mmsh.fr\/index.php?rest_route=\/tribe\/events\/v1\/tags"}}],"venue":{"id":10648,"author":"6","status":"publish","date":"2022-02-25 09:31:13","date_utc":"2022-02-25 08:31:13","modified":"2022-02-25 09:31:13","modified_utc":"2022-02-25 08:31:13","url":"https:\/\/telemme.mmsh.fr\/?tribe_venue=bibliotheque-et-archives-mejanes-michel-vovelle","venue":"Biblioth\u00e8que et archives M\u00e9janes \u2013 Michel Vovelle","slug":"bibliotheque-et-archives-mejanes-michel-vovelle","address":"25 All. de Philadelphie","city":"Aix-en-Provence","country":"France","zip":"13100","show_map":true,"show_map_link":true,"global_id":"telemme.mmsh.fr?id=10648","global_id_lineage":["telemme.mmsh.fr?id=10648"]},"organizer":[{"id":9123,"author":"6","status":"publish","date":"2021-07-23 17:08:46","date_utc":"2021-07-23 15:08:46","modified":"2021-07-23 17:08:46","modified_utc":"2021-07-23 15:08:46","url":"https:\/\/telemme.mmsh.fr\/?tribe_organizer=emmanuelle-chapron","organizer":"Emmanuelle Chapron","slug":"emmanuelle-chapron","website":"https:\/\/telemme.mmsh.fr\/?membres=emmanuelle-chapron","global_id":"telemme.mmsh.fr?id=9123","global_id_lineage":["telemme.mmsh.fr?id=9123"]}],"custom_fields":[]},{"id":16802,"global_id":"telemme.mmsh.fr?id=16802","global_id_lineage":["telemme.mmsh.fr?id=16802"],"author":"6","status":"publish","date":"2026-03-30 14:52:39","date_utc":"2026-03-30 12:52:39","modified":"2026-03-30 15:15:46","modified_utc":"2026-03-30 13:15:46","url":"https:\/\/telemme.mmsh.fr\/?tribe_events=imaginaires-connectes","rest_url":"https:\/\/telemme.mmsh.fr\/index.php?rest_route=\/tribe\/events\/v1\/events\/16802","title":"Imaginaires connect\u00e9s. Art, num\u00e9rique et r\u00e9seaux en M\u00e9diterran\u00e9e contemporaine","description":"<h3><strong>Organisation\u00a0<\/strong><\/h3>\n<ul>\n<li><strong>Jean-Paul Fourmentraux<\/strong> \u2014 Professeur des universit\u00e9s, Centre Norbert Elias<\/li>\n<li><strong>Mathilde Nourisson-Moncey<\/strong> \u2014 ATER, Laboratoire TELEMMe<\/li>\n<li><strong>Partenariat :\u00a0 <\/strong>Structure CHRONIQUES<\/li>\n<\/ul>\n<h3><strong>Pr\u00e9sentation<\/strong><\/h3>\n<p>La M\u00e9diterran\u00e9e, en tant que carrefour d&rsquo;\u00e9changes, a toujours \u00e9t\u00e9 un espace de grande richesse culturelle. Aujourd&rsquo;hui, \u00e0 l&rsquo;\u00e8re du num\u00e9rique, les technologies et les dynamiques de r\u00e9seau transforment la cr\u00e9ation, la diffusion et la r\u00e9ception de l&rsquo;art contemporain qui y est cr\u00e9\u00e9. Cette journ\u00e9e d&rsquo;\u00e9tude vise \u00e0 explorer comment les outils et pratiques num\u00e9riques fa\u00e7onnent de nouvelles narrations artistiques et de nouveaux imaginaires, facilitent des collaborations in\u00e9dites et interrogent les r\u00e9alit\u00e9s locales propres aux diff\u00e9rents territoires du bassin m\u00e9diterran\u00e9en.<\/p>\n<p>Dans un monde globalis\u00e9, ces cr\u00e9ations tout en s&rsquo;inscrivant dans des r\u00e9alit\u00e9s locales jouent souvent un r\u00f4le de miroir critique. Elles interrogent les enjeux sociaux, politiques et \u00e9conomiques propres aux diff\u00e9rents territoires m\u00e9diterran\u00e9ens, abordant des th\u00e9matiques majeures telles que les conflits, les in\u00e9galit\u00e9s ou les urgences environnementales. Les questions autour de l&rsquo;identit\u00e9 occupent aussi une place importante au regard de l&rsquo;appartenance \u00e0 un lieu, \u00e0 une communaut\u00e9, \u00e0 la diaspora, ou \u00e0 la mani\u00e8re dont la M\u00e9diterran\u00e9e fa\u00e7onne ces identit\u00e9s plurielles. Ces cr\u00e9ations s&rsquo;enracinent \u00e9galement dans des traditions culturelles fortes, o\u00f9 l&rsquo;oralit\u00e9, la narration, la mat\u00e9rialit\u00e9 et l&rsquo;artisanat occupent une place centrale.<\/p>\n<p>Cette journ\u00e9e est pens\u00e9e comme une exploration des recherches, pratiques artistiques, initiatives et r\u00e9seaux qui \u00e9mergent autour des relations entre art et num\u00e9rique en M\u00e9diterran\u00e9e. En rassemblant chercheur\u00b7e\u00b7s, artistes, acteur\u00b7rice\u00b7s culturel\u00b7le\u00b7s et sp\u00e9cialistes du num\u00e9rique, l&rsquo;ambition est de r\u00e9v\u00e9ler les \u00e9cosyst\u00e8mes cr\u00e9atifs en train de se construire, les alliances in\u00e9dites d\u00e9ploy\u00e9es gr\u00e2ce aux technologies connect\u00e9es, et la mani\u00e8re dont ces dynamiques reconfigurent les \u00e9changes culturels dans la r\u00e9gion.<\/p>\n<p>En interrogeant les r\u00e9seaux acad\u00e9miques, artistiques, num\u00e9riques ou institutionnels, cette journ\u00e9e envisage la M\u00e9diterran\u00e9e en tant qu&rsquo;espace relationnel en constante reconfiguration \u2014 o\u00f9 les pratiques num\u00e9riques se d\u00e9ploient comme moyens de cr\u00e9ation, leviers de coop\u00e9ration, outils d&rsquo;\u00e9mancipation ou de r\u00e9sistance, ouvrant sur de nouvelles fa\u00e7ons d&rsquo;habiter, de raconter et de repr\u00e9senter le monde contemporain.<\/p>\n<h3><a href=\"https:\/\/telemme.mmsh.fr\/?evenement=imaginaires-connectes\">Programme complet en ligne<\/a><\/h3>","excerpt":"","slug":"imaginaires-connectes","image":false,"all_day":false,"start_date":"2026-05-22 09:00:00","start_date_details":{"year":"2026","month":"05","day":"22","hour":"09","minutes":"00","seconds":"00"},"end_date":"2026-05-22 17:00:00","end_date_details":{"year":"2026","month":"05","day":"22","hour":"17","minutes":"00","seconds":"00"},"utc_start_date":"2026-05-22 07:00:00","utc_start_date_details":{"year":"2026","month":"05","day":"22","hour":"07","minutes":"00","seconds":"00"},"utc_end_date":"2026-05-22 15:00:00","utc_end_date_details":{"year":"2026","month":"05","day":"22","hour":"15","minutes":"00","seconds":"00"},"timezone":"Europe\/Paris","timezone_abbr":"CEST","cost":"","cost_details":{"currency_symbol":"\u20ac","currency_code":"USD","currency_position":"suffix","values":[]},"website":"","show_map":true,"show_map_link":true,"hide_from_listings":false,"sticky":false,"featured":false,"categories":[{"name":"Journ\u00e9e d'\u00e9tudes","slug":"journee-detudes","term_group":0,"term_taxonomy_id":1823,"taxonomy":"tribe_events_cat","description":"","parent":0,"count":84,"filter":"raw","id":1823,"urls":{"self":"https:\/\/telemme.mmsh.fr\/index.php?rest_route=\/tribe\/events\/v1\/categories\/1823","collection":"https:\/\/telemme.mmsh.fr\/index.php?rest_route=\/tribe\/events\/v1\/categories"}}],"tags":[{"name":"1.1 \u2013 Objets et savoirs. Collections et patrimoine dans l\u2019espace m\u00e9diterran\u00e9en (XVIe-XXIe si\u00e8cles)","slug":"1-1-objets-et-savoirs-collections-et-patrimoine-dans-lespace-mediterraneen-xvie-xxie-siecles","term_group":0,"term_taxonomy_id":3009,"taxonomy":"post_tag","description":"","parent":0,"count":4,"filter":"raw","id":3009,"urls":{"self":"https:\/\/telemme.mmsh.fr\/index.php?rest_route=\/tribe\/events\/v1\/tags\/3009","collection":"https:\/\/telemme.mmsh.fr\/index.php?rest_route=\/tribe\/events\/v1\/tags"}}],"venue":{"id":16448,"author":"6","status":"publish","date":"2026-01-16 09:50:55","date_utc":"2026-01-16 08:50:55","modified":"2026-01-16 09:50:55","modified_utc":"2026-01-16 08:50:55","url":"https:\/\/telemme.mmsh.fr\/?tribe_venue=imera","venue":"Im\u00e9ra","slug":"imera","address":"2 Place Leverrier","city":"Marseille","country":"France","zip":"13004","show_map":true,"show_map_link":true,"global_id":"telemme.mmsh.fr?id=16448","global_id_lineage":["telemme.mmsh.fr?id=16448"]},"organizer":[{"id":16803,"author":"6","status":"publish","date":"2026-03-30 14:52:39","date_utc":"2026-03-30 12:52:39","modified":"2026-03-30 14:52:39","modified_utc":"2026-03-30 12:52:39","url":"https:\/\/telemme.mmsh.fr\/?tribe_organizer=mathilde-nourrison","organizer":"Mathilde Nourrison","slug":"mathilde-nourrison","global_id":"telemme.mmsh.fr?id=16803","global_id_lineage":["telemme.mmsh.fr?id=16803"]}],"custom_fields":[]},{"id":16461,"global_id":"telemme.mmsh.fr?id=16461","global_id_lineage":["telemme.mmsh.fr?id=16461"],"author":"6","status":"publish","date":"2026-01-19 15:04:14","date_utc":"2026-01-19 14:04:14","modified":"2026-01-19 15:04:14","modified_utc":"2026-01-19 14:04:14","url":"https:\/\/telemme.mmsh.fr\/?tribe_events=pratiques-et-langages-de-la-preeminence-sociale-les-strategies-personnelles-et-collectives-des-notaires-dans-leurope-meridionale-xiiie-xve-siecle","rest_url":"https:\/\/telemme.mmsh.fr\/index.php?rest_route=\/tribe\/events\/v1\/events\/16461","title":"Pratiques et langages de la pr\u00e9\u00e9minence sociale : les strat\u00e9gies personnelles et collectives des notaires dans l\u2019Europe m\u00e9ridionale (XIIIe-XVe si\u00e8cle)","description":"<p>Programme complet \u00e0 venir<\/p>","excerpt":"","slug":"pratiques-et-langages-de-la-preeminence-sociale-les-strategies-personnelles-et-collectives-des-notaires-dans-leurope-meridionale-xiiie-xve-siecle","image":false,"all_day":false,"start_date":"2026-06-25 09:00:00","start_date_details":{"year":"2026","month":"06","day":"25","hour":"09","minutes":"00","seconds":"00"},"end_date":"2026-06-25 17:00:00","end_date_details":{"year":"2026","month":"06","day":"25","hour":"17","minutes":"00","seconds":"00"},"utc_start_date":"2026-06-25 07:00:00","utc_start_date_details":{"year":"2026","month":"06","day":"25","hour":"07","minutes":"00","seconds":"00"},"utc_end_date":"2026-06-25 15:00:00","utc_end_date_details":{"year":"2026","month":"06","day":"25","hour":"15","minutes":"00","seconds":"00"},"timezone":"Europe\/Paris","timezone_abbr":"CEST","cost":"","cost_details":{"currency_symbol":"\u20ac","currency_code":"USD","currency_position":"suffix","values":[]},"website":"","show_map":true,"show_map_link":true,"hide_from_listings":false,"sticky":false,"featured":false,"categories":[{"name":"Journ\u00e9e d'\u00e9tudes","slug":"journee-detudes","term_group":0,"term_taxonomy_id":1823,"taxonomy":"tribe_events_cat","description":"","parent":0,"count":84,"filter":"raw","id":1823,"urls":{"self":"https:\/\/telemme.mmsh.fr\/index.php?rest_route=\/tribe\/events\/v1\/categories\/1823","collection":"https:\/\/telemme.mmsh.fr\/index.php?rest_route=\/tribe\/events\/v1\/categories"}}],"tags":[],"venue":{"id":12407,"author":"175","status":"publish","date":"2023-01-27 10:08:10","date_utc":"2023-01-27 09:08:10","modified":"2023-01-27 10:08:10","modified_utc":"2023-01-27 09:08:10","url":"https:\/\/telemme.mmsh.fr\/?tribe_venue=mmsh-aix-en-provence-2","venue":"MMSH, Aix en Provence","slug":"mmsh-aix-en-provence-2","show_map":true,"show_map_link":true,"global_id":"telemme.mmsh.fr?id=12407","global_id_lineage":["telemme.mmsh.fr?id=12407"]},"organizer":[{"id":3498,"author":"6","status":"publish","date":"2021-01-21 16:40:34","date_utc":"2021-01-21 15:40:34","modified":"2021-01-21 16:40:34","modified_utc":"2021-01-21 15:40:34","url":"https:\/\/telemme.mmsh.fr\/?tribe_organizer=matthieu-allingri","organizer":"Matthieu Allingri","slug":"matthieu-allingri","website":"telemme.mmsh.univ-aix.fr\/membres\/matthieu-allingri\/","global_id":"telemme.mmsh.fr?id=3498","global_id_lineage":["telemme.mmsh.fr?id=3498"]}],"custom_fields":[]}],"rest_url":"https:\/\/telemme.mmsh.fr\/index.php?rest_route=%2Ftribe%2Fevents%2Fv1%2Fevents%2F&page=1&per_page=10&start_date=2026-04-28 00:00:00&end_date=2028-04-28 23:59:59&status=publish","total":3,"total_pages":1}